{"id":1076,"date":"2019-08-13T09:57:02","date_gmt":"2019-08-13T07:57:02","guid":{"rendered":"https:\/\/lagrammaticaitaliana.wordpress.com\/?p=1076"},"modified":"2019-08-13T09:57:02","modified_gmt":"2019-08-13T07:57:02","slug":"i-pronomi-personali-e-le-loro-insidie","status":"publish","type":"post","link":"https:\/\/siti.italofonia.info\/italianocorretto\/2019\/08\/13\/i-pronomi-personali-e-le-loro-insidie\/","title":{"rendered":"I pronomi personali e le loro insidie"},"content":{"rendered":"\n<figure class=\"wp-block-image size-large\"><img loading=\"lazy\" decoding=\"async\" width=\"801\" height=\"168\" src=\"https:\/\/siti.italofonia.info\/italianocorretto\/wp-content\/uploads\/sites\/4\/2019\/08\/pronomi.jpg?w=801\" alt=\"\" class=\"wp-image-1052\" srcset=\"https:\/\/siti.italofonia.info\/italianocorretto\/wp-content\/uploads\/sites\/4\/2019\/08\/pronomi.jpg 801w, https:\/\/siti.italofonia.info\/italianocorretto\/wp-content\/uploads\/sites\/4\/2019\/08\/pronomi-300x63.jpg 300w, https:\/\/siti.italofonia.info\/italianocorretto\/wp-content\/uploads\/sites\/4\/2019\/08\/pronomi-768x161.jpg 768w\" sizes=\"auto, (max-width: 801px) 100vw, 801px\" \/><\/figure>\n\n\n\n<p style=\"font-size:12px\" class=\"has-background has-light-blue-background-color\"> \u25a0 Cosa sono i pronomi personali. \u25a0 Che differenza c\u2019\u00e8 tra le forme <em>io<\/em>, <em>me <\/em>e <em>mi<\/em>? &nbsp;\u25a0 Che differenza c\u2019\u00e8 tra le forme <em>egli<\/em>\/<em>ella <\/em>e <em>esso<\/em>\/<em>essa<\/em>? \u25a0 <em>S\u00e9<\/em> si scrive sempre con l\u2019accento? \u25a0 <em>Darglielo<\/em> si pu\u00f2 riferire anche a una donna? \u25a0 Quando il pronome personale, per es. <em>egli<\/em>, \u00e8 obbligatorio e quando si pu\u00f2 omettere?  \u25a0  Che differenza c&#8217;\u00e8 tra i pronomi personali soggetto e complemento?  \u25a0 Perch\u00e9 si dice &#8220;io guardo&#8221;, ma non si pu\u00f2 dire lui guarda &#8220;io&#8221;?  \u25a0 Quali sono i pronomi personali riflessivi?  \u25a0 <em>D\u00e0 a me<\/em> o <em>mi d<\/em>\u00e0 hanno lo stesso significato?  \u25a0 Qual \u00e8 il plurale di &#8220;gli&#8221;?<\/p>\n\n\n\n<div class=\"wp-block-image\"><figure class=\"alignleft size-large\"><img loading=\"lazy\" decoding=\"async\" width=\"300\" height=\"363\" src=\"https:\/\/siti.italofonia.info\/italianocorretto\/wp-content\/uploads\/sites\/4\/2019\/08\/pronome-personale.jpg\" alt=\"\" class=\"wp-image-1078\" srcset=\"https:\/\/siti.italofonia.info\/italianocorretto\/wp-content\/uploads\/sites\/4\/2019\/08\/pronome-personale.jpg 300w, https:\/\/siti.italofonia.info\/italianocorretto\/wp-content\/uploads\/sites\/4\/2019\/08\/pronome-personale-248x300.jpg 248w\" sizes=\"auto, (max-width: 300px) 100vw, 300px\" \/><\/figure><\/div>\n\n\n\n<p>I pronomi personali sono quelli che specificano la persona: <strong>io<\/strong> e <strong>noi<\/strong>, <strong>tu<\/strong> e <strong>voi<\/strong>&#8230; ma bisogna fare delle distinzioni importanti perch\u00e9 queste parole si trasformano a seconda del contesto della frase e possono diventare <strong>me<\/strong> e <strong>te<\/strong> (si dice <strong><em>io<\/em><\/strong><em> guardo<\/em> ma non \u201c<strong><s>me<\/s><\/strong><s> guardo<\/s>\u201d, o <em>guardo<\/em><strong> te<\/strong>, e non \u201c<s>guardo <strong>tu<\/strong><\/s>\u201d) o anche <strong>mi<\/strong> e <strong>ti<\/strong> (<em>mi lavo<\/em>, <em>ti dico<\/em>).<\/p>\n\n\n\n<p> Per sapere come usarli nel modo corretto, perci\u00f2, bisogna distinguere quando sono <strong>soggetto<\/strong> (<strong>io<\/strong>), quando sono <strong>complemento<\/strong> (<strong>me<\/strong>) che pu\u00f2 anche diventare <strong>mi<\/strong> (<em>mi piace<\/em> = <em>a me piace<\/em>) e quando sono impiegati nelle <strong><a href=\"https:\/\/siti.italofonia.info\/italianocorretto\/2019\/08\/10\/la-forma-riflessiva-dei-verbi\/\" target=\"_blank\" rel=\"noreferrer noopener\" aria-label=\"forme riflessive (apre in una nuova scheda)\">forme riflessive<\/a><\/strong> (<strong>mi<\/strong>).<\/p>\n\n\n\n<div class=\"wp-block-image\"><figure class=\"alignleft size-large\"><img loading=\"lazy\" decoding=\"async\" width=\"100\" height=\"98\" src=\"https:\/\/siti.italofonia.info\/italianocorretto\/wp-content\/uploads\/sites\/4\/2019\/08\/regola-storta-100.jpg?w=100\" alt=\"\" class=\"wp-image-197\" \/><\/figure><\/div>\n\n\n\n<p><strong>Pi\u00f9 nel dettaglio<\/strong>: <br>la prima persona singolare <strong>io<\/strong> <strong>\u00e8 sempre soggetto<\/strong> (es. <strong>io<\/strong> <em>guardo te<\/em>), quando diventa un complemento si trasforma in <strong>me<\/strong> (tu guardi <strong>me<\/strong>) e lo stesso vale per <strong>tu<\/strong> che diventa <strong>te<\/strong> e <strong>egli<\/strong> che diventa <strong>lui<\/strong> o <strong>s\u00e9<\/strong>. Queste forme sono dette anche <strong>forti<\/strong> o toniche, perch\u00e9 possiedono un accento forte, ma possono diventare forme <strong>deboli<\/strong>, o atone, quando sono espresse da <strong>mi<\/strong>, <strong>ti<\/strong> e <strong>gli<\/strong>, che perdono questo accento marcato e si possono trasformare in suffissi enclitici (= che si aggiungono in fondo alla parola precedente appoggiandosi al loro accento), per esempio: <strong>d\u00e0 a me<\/strong> si pu\u00f2 trasformare in <strong>mi dai<\/strong> o anche <strong>dammi<\/strong>.<\/p>\n\n\n\n<p>Queste regole con le trasformazioni dei pronomi personali a seconda delle loro funzioni si possono meglio riassumere in un prospetto. <\/p>\n\n\n\n<figure class=\"wp-block-image size-large\"><img loading=\"lazy\" decoding=\"async\" width=\"793\" height=\"56\" src=\"https:\/\/siti.italofonia.info\/italianocorretto\/wp-content\/uploads\/sites\/4\/2019\/08\/forbici-doppie.jpg?w=793\" alt=\"\" class=\"wp-image-531\" srcset=\"https:\/\/siti.italofonia.info\/italianocorretto\/wp-content\/uploads\/sites\/4\/2019\/08\/forbici-doppie.jpg 793w, https:\/\/siti.italofonia.info\/italianocorretto\/wp-content\/uploads\/sites\/4\/2019\/08\/forbici-doppie-300x21.jpg 300w, https:\/\/siti.italofonia.info\/italianocorretto\/wp-content\/uploads\/sites\/4\/2019\/08\/forbici-doppie-768x54.jpg 768w\" sizes=\"auto, (max-width: 793px) 100vw, 793px\" \/><\/figure>\n\n\n\n<figure class=\"wp-block-table\"><table class=\"has-subtle-light-gray-background-color has-background\"><tbody><tr><td><strong>Persona<\/strong>   <\/td><td><strong>Soggetto<\/strong>   <\/td><td><strong>Compl<\/strong>.<br><strong>(toniche)<\/strong>   <\/td><td><strong>Compl.<\/strong><br><strong>(atone)<\/strong>   <\/td><\/tr><tr><td>I sing.   <\/td><td>io   <\/td><td>me   <\/td><td>mi   <\/td><\/tr><tr><td>II sing.<\/td><td>tu   <\/td><td>\n  te\n  <\/td><td>ti   <\/td><\/tr><tr><td>III sing.   <\/td><td>egli, esso, (lui)<br>ella, essa (lei)   <\/td><td>lui, s\u00e9   <\/td><td>si, lo, gli, <br>ne, la, le   <\/td><\/tr><tr><td>I plur.   <\/td><td>noi   <\/td><td>noi   <\/td><td>ci   <\/td><\/tr><tr><td>II plur.    <\/td><td>voi   <\/td><td>voi   <\/td><td>vi   <\/td><\/tr><tr><td>III plur.      <\/td><td>essi, esse (loro)   <\/td><td>loro, s\u00e9   <\/td><td>le, si, ne   <\/td><\/tr><\/tbody><\/table><\/figure>\n\n\n\n<h2 class=\"wp-block-heading\"><strong>C\u2019\u00e8 da notare che&#8230;<\/strong><\/h2>\n\n\n\n<div class=\"wp-block-image\"><figure class=\"alignleft size-large\"><img loading=\"lazy\" decoding=\"async\" width=\"107\" height=\"84\" src=\"https:\/\/siti.italofonia.info\/italianocorretto\/wp-content\/uploads\/sites\/4\/2019\/08\/dito-nota-bene-100-1.jpg?w=107\" alt=\"\" class=\"wp-image-284\" \/><\/figure><\/div>\n\n\n\n<p> \u25cf <strong>Le terze persone dei pronomi personali<\/strong><br>Le terze persone dei pronomi soggetto, <strong>lui<\/strong>, <strong>lei<\/strong> e <strong>loro<\/strong> (in tabella tra parentesi) un tempo non venivano impiegate come <em>soggetto <\/em>(si usava obbligatoriamente <em>egli<\/em>\/<em>esso<\/em>, <em>ella<\/em>\/<em>essa<\/em>) ma solo come <em>oggetto <\/em>(dunque <em>guardo lui<\/em>, ma non <em>lui guarda<\/em>). Ma anche se c\u2019\u00e8 chi ancora oggi ha qualche riserva su questo uso per il soggetto e preferisce evitarle, nella scrittura moderna si trovano e non sono considerate un errore: questo uso si ritrova pi\u00f9 volte per esempio gi\u00e0 nei <em>Promessi sposi<\/em> (\u201cch\u00e9 finalmente, <strong>lui<\/strong> sarebbe sempre stato l\u2019imperatore, fosse duca di Mantova Tizio o Sempronio\u201d). <br><br>Viceversa l\u2019uso di <strong>egli<\/strong>, <strong>ella<\/strong>, che si riferisce alle persone, ed <strong>esso<\/strong>, <strong>essa<\/strong>, pi\u00f9 adatto a essere il pronome soggetto delle cose o degli animali, sono sempre pi\u00f9 disuso sia nel parlare, e poco frequenti anche nello scrivere (si ritrovano invece spesso negli scritti del passato e vivono nelle tabelle con le coniugazioni dei verbi). <br>Anche se queste forme sono grammaticalmente lecite, si tendono a evitare attraverso l\u2019uso di sinonimi (es. <em>ella era<\/em> viene specificato: <em>la ragazza\/donna, Maria<\/em>&#8230;) o si sostituiscono con <strong>lui<\/strong>, <strong>lei<\/strong> e <strong>loro<\/strong>. Questi ultimi, per\u00f2, in alcuni casi si devono usare obbligatoriamente. <br>Per saperne di pi\u00f9<strong> \u2192 <\/strong>\u201c<a rel=\"noreferrer noopener\" aria-label=\"Lui (e lei) pu\u00f2 essere soggetto al posto di egli? (apre in una nuova scheda)\" href=\"https:\/\/siti.italofonia.info\/italianocorretto\/2019\/08\/13\/lui-puo-essere-soggetto-al-posto-di-egli\/\" target=\"_blank\"><em>Lui<\/em> pu\u00f2 essere soggetto al posto di <em>egli<\/em>?<\/a>\u201d<\/p>\n\n\n\n<div class=\"wp-block-image\"><figure class=\"alignleft size-large\"><img loading=\"lazy\" decoding=\"async\" width=\"101\" height=\"98\" src=\"https:\/\/siti.italofonia.info\/italianocorretto\/wp-content\/uploads\/sites\/4\/2019\/08\/consiglio-1.jpg?w=101\" alt=\"\" class=\"wp-image-703\" \/><\/figure><\/div>\n\n\n\n<p> \u25cf <strong>I pronomi personali si sottintendono<\/strong><br>I pronomi soggetto in italiano perlopi\u00f9 si evitano e si sottintendono. Se non c\u2019\u00e8 un cambio di soggetto nel periodo che richiede di specificare il nuovo soggetto con un pronome al posto di ripetere il nome, sottolineare <strong>io<\/strong> mangio, pu\u00f2 essere considerato uno stile \u201cegoista\u201d, mentre specificare <strong>tu<\/strong> o <strong>egli<\/strong> il pi\u00f9 delle volte \u00e8 inutile e ridondante. Per esempio:<\/p>\n\n\n\n<p><em>Cappuccetto rosso incontr\u00f2 il lupo. <\/em><strong>Egli<\/strong><em> la vide e s\u00ec avvicin\u00f2 quatto quatto. (<\/em><strong>Egli<\/strong><em>) le disse&#8230;<\/em><\/p>\n\n\n\n<div class=\"wp-block-image\"><figure class=\"alignleft size-large\"><img loading=\"lazy\" decoding=\"async\" width=\"100\" height=\"98\" src=\"https:\/\/siti.italofonia.info\/italianocorretto\/wp-content\/uploads\/sites\/4\/2019\/08\/regola-storta-100.jpg\" alt=\"\" class=\"wp-image-197\" \/><\/figure><\/div>\n\n\n\n<p>Il primo <strong>egli<\/strong> \u00e8 necessario, perch\u00e9 altrimenti il soggetto sottinteso sarebbe Cappuccetto. La regola \u00e8 che nell\u2019alternarsi delle frasi si sottintende sempre lo stesso soggetto fino a che non interviene un cambio di costrutto. Il secondo <strong>egli<\/strong> \u00e8 dunque del tutto inutile e ripeterlo suona fastidioso.<\/p>\n\n\n\n<div class=\"wp-block-image\"><figure class=\"alignleft size-large\"><img loading=\"lazy\" decoding=\"async\" width=\"101\" height=\"98\" src=\"https:\/\/siti.italofonia.info\/italianocorretto\/wp-content\/uploads\/sites\/4\/2019\/08\/consiglio-1.jpg\" alt=\"\" class=\"wp-image-703\" \/><\/figure><\/div>\n\n\n\n<p>Per lo stesso motivo, nelle forme del congiuntivo che presentano ambiguit\u00e0, si tende invece a inserire spesso il pronome personale nella frase per maggior chiarezza, per esempio: <em>mi chiedo dove <\/em><strong>tu<\/strong><em> vada<\/em> (poich\u00e9 si dice <em>che io vada<\/em>, <em>che tu vada<\/em> e <em>che egli vada<\/em>) \u00e8 meglio indicare di volta in volta di chi si sta parlando.<\/p>\n\n\n\n<div class=\"wp-block-image\"><figure class=\"alignleft size-large\"><img loading=\"lazy\" decoding=\"async\" width=\"107\" height=\"84\" src=\"https:\/\/siti.italofonia.info\/italianocorretto\/wp-content\/uploads\/sites\/4\/2019\/08\/dito-nota-bene-100-1.jpg?w=107\" alt=\"\" class=\"wp-image-284\" \/><\/figure><\/div>\n\n\n\n<p> \u25cf  <strong>Attenzione a <em>s\u00e9<\/em><\/strong><br> <strong>S\u00e9<\/strong> si scrive sempre con l\u2019accento (acuto, per distinguerlo da <em>se<\/em> congiunzione), anche se rimane aperta la questione se \u00e8 pi\u00f9 corretto scrivere <strong>s\u00e9 stesso<\/strong> o <strong>se stesso<\/strong> che nell\u2019uso ha una lunga tradizione senza accento in quanto la confusione con la congiunzione verrebbe a mancare. <strong>Si pu\u00f2 scrivere in tutti e due i modi<\/strong>, ma per approfondire &nbsp;vedi <strong>\u2192 <\/strong>\u201c<a rel=\"noreferrer noopener\" aria-label=\"Si scrive se stesso o s\u00e9 stesso (apre in una nuova scheda)\" href=\"https:\/\/siti.italofonia.info\/italianocorretto\/2019\/08\/13\/si-scrive-se-stesso-o-se-stesso\/\" target=\"_blank\">Si scrive <em>se stesso<\/em> o <em>s\u00e9 stesso<\/em><\/a>?\u201d. <\/p>\n\n\n\n<div class=\"wp-block-image\"><figure class=\"alignleft size-large\"><img loading=\"lazy\" decoding=\"async\" width=\"100\" height=\"100\" src=\"https:\/\/siti.italofonia.info\/italianocorretto\/wp-content\/uploads\/sites\/4\/2019\/08\/attenzione-100-1.jpg?w=100\" alt=\"\" class=\"wp-image-298\" \/><\/figure><\/div>\n\n\n\n<p>  \u25cf <strong>Attenzione<\/strong> <strong>a <em>gli <\/em>e <em>le<\/em><\/strong><br> nell\u2019uso, <strong>gli<\/strong> e <strong>le<\/strong> spesso si confondono e si usano a sproposito, ma bisogna ricordare che:<br> <strong>gli<\/strong> = <strong>a lui<\/strong><br> <strong>le<\/strong> = <strong>a lei<\/strong><br>dunque, soprattutto quando queste forme si trasformano in enclitiche, bisogna fare attenzione al sesso del nome di riferimento! Non si pu\u00f2 dire <strong>gli ho detto<\/strong> riferito a una persona femminile (<strong>le <\/strong><em>ho detto<\/em>), n\u00e9 si pu\u00f2 dire: \u201c<em>Da<strong>gli<\/strong> un bacio<\/em>\u201d se ci si riferisce a una donna, si dice: \u201c<em>Dal<strong>le<\/strong> un bacio<\/em>\u201d, cos\u00ec come non si pu\u00f2 dire: \u201c<em>Porta<strong>le<\/strong> rispetto<\/em>\u201d a un uomo, si dice: \u201c<em>Porta<strong>gli<\/strong> rispetto<\/em>\u201d. <\/p>\n\n\n\n<div class=\"wp-block-image\"><figure class=\"alignleft size-large\"><img loading=\"lazy\" decoding=\"async\" width=\"101\" height=\"98\" src=\"https:\/\/siti.italofonia.info\/italianocorretto\/wp-content\/uploads\/sites\/4\/2019\/08\/consiglio-1.jpg?w=101\" alt=\"\" class=\"wp-image-703\" \/><\/figure><\/div>\n\n\n\n<p>\u25cf <strong><em>Gli <\/em>al plurale \u00e8 <em>loro<\/em><\/strong><br>Spesso si tende a usare le forma enclitica <strong>gli <\/strong>anche al plurale, per esempio: &#8220;Son arrivati Marco e Antonio, offri<strong>gli<\/strong> un bicchierino.&#8221; In questo caso la forma pi\u00f9 corretta ed elegante \u00e8: &#8220;Offri loro un bicchierino&#8221;, perch\u00e9 <strong>gli <\/strong>significa <strong>a lui<\/strong>, e non <strong>a loro<\/strong>, anche se in certi casi questo uso \u00e8 accettabile. Per saperne di pi\u00f9 vedi <strong>\u2192 <\/strong> &#8220;<a rel=\"noreferrer noopener\" aria-label=\"Gli ho dato o ho dato loro? (apre in una nuova scheda)\" href=\"https:\/\/siti.italofonia.info\/italianocorretto\/2019\/08\/13\/gli-ho-dato-o-ho-dato-loro\/\" target=\"_blank\">Gli ho dato o ho dato loro?<\/a>&#8221; <\/p>\n\n\n\n<div class=\"wp-block-image\"><figure class=\"alignleft size-large\"><img loading=\"lazy\" decoding=\"async\" width=\"100\" height=\"104\" src=\"https:\/\/siti.italofonia.info\/italianocorretto\/wp-content\/uploads\/sites\/4\/2019\/08\/microscopio-100.jpg?w=100\" alt=\"\" class=\"wp-image-200\" \/><\/figure><\/div>\n\n\n\n<p>\u25cf <strong>Uso alterato del <em>lei <\/em>al plurale<\/strong><br>Tra le insidie dei pronomi personali c\u2019\u00e8 anche l\u2019uso non propriamente esatto del <em>lei\/loro<\/em>: quando si usa la forma reverenziale del <strong>lei<\/strong> che si d\u00e0, anche al maschile, attraverso il verbo al <a href=\"https:\/\/siti.italofonia.info\/italianocorretto\/2019\/08\/08\/il-congiuntivo-e-i-suoi-tempi\/\" target=\"_blank\" rel=\"noreferrer noopener\" aria-label=\"congiuntivo  (apre in una nuova scheda)\">congiuntivo <\/a>(<em>venga<\/em>, <em>si sieda<\/em>); bisogna ricordarsi che se gli interlocutori sono due si dovrebbe dare del <strong>loro <\/strong>(<em>vengano<\/em>, <em>si siedano<\/em>) pi\u00f9 che del <em>voi <\/em>(plurale di <em>tu<\/em>). <br>Per saperne di pi\u00f9 &nbsp;<strong>\u2192 &#8220;<\/strong><a rel=\"noreferrer noopener\" aria-label=\"Dare del tu, del lei del loro e del voi (apre in una nuova scheda)\" href=\"https:\/\/siti.italofonia.info\/italianocorretto\/2019\/08\/13\/dare-del-tu-del-lei-del-loro-e-del-voi\/\" target=\"_blank\">Dare del <em>tu<\/em>, del <em>lei <\/em>del<em> loro <\/em>e del<em> voi<\/em><\/a>&#8220;.<\/p>\n","protected":false},"excerpt":{"rendered":"<p>I pronomi personali e le loro insidie<\/p>\n<p>\u25a0 Cosa sono i pronomi personali. \u25a0 Che differenza c\u2019\u00e8 tra le forme io, me e mi?  \u25a0 Che differenza c\u2019\u00e8 tra le forme egli\/ella e esso\/essa? \u25a0 S\u00e9 si scrive sempre con ll\u2019accento? \u25a0 Darglielo si pu\u00f2 riferire anche a una donna? \u25a0 Quando il pronome personale, per es. egli, \u00e8 obbligatorio e quando si pu\u00f2 omettere? \u25a0 Che differenza c\u2019\u00e8 tra i pronomi personali soggetto e complemento? \u25a0 Perch\u00e9 si dice \u201cio guardo\u201d, ma non si pu\u00f2 dire lui guarda \u201cio\u201d? \u25a0 Quali sono i pronomi personali riflessivi? \u25a0 D\u00e0 a me o mi d\u00e0 hanno lo stesso significato? \u25a0 Qual \u00e8 il plurale di \u201cgli\u201d?<\/p>\n<p>I pronomi personali sono quelli che specificano la persona: io e noi, tu e voi\u2026 ma bisogna fare delle distinzioni importanti perch\u00e9 queste parole si trasformano a seconda del contesto della frase e possono diventare me e te (si dice io guardo ma non \u201cme guardo\u201d, o guardo te, e non \u201cguardo tu\u201d) o anche mi e ti (mi lavo, ti dico).<\/p>\n","protected":false},"author":2,"featured_media":0,"comment_status":"open","ping_status":"open","sticky":false,"template":"","format":"standard","meta":{"_jetpack_memberships_contains_paid_content":false,"footnotes":""},"categories":[14],"tags":[],"class_list":["post-1076","post","type-post","status-publish","format-standard","hentry","category-pronomi"],"yoast_head":"<!-- This site is optimized with the Yoast SEO plugin v25.9 - https:\/\/yoast.com\/wordpress\/plugins\/seo\/ -->\n<title>I pronomi personali e le loro insidie - L&#039;italiano corretto<\/title>\n<meta name=\"robots\" content=\"index, follow, max-snippet:-1, max-image-preview:large, max-video-preview:-1\" \/>\n<link rel=\"canonical\" href=\"https:\/\/siti.italofonia.info\/italianocorretto\/2019\/08\/13\/i-pronomi-personali-e-le-loro-insidie\/\" \/>\n<meta property=\"og:locale\" content=\"it_IT\" \/>\n<meta property=\"og:type\" content=\"article\" \/>\n<meta property=\"og:title\" content=\"I pronomi personali e le loro insidie - L&#039;italiano corretto\" \/>\n<meta property=\"og:description\" content=\"I pronomi personali e le loro insidie \u25a0 Cosa sono i pronomi personali. \u25a0 Che differenza c\u2019\u00e8 tra le forme io, me e mi? \u25a0 Che differenza c\u2019\u00e8 tra le forme egli\/ella e esso\/essa? \u25a0 S\u00e9 si scrive sempre con ll\u2019accento? \u25a0 Darglielo si pu\u00f2 riferire anche a una donna? \u25a0 Quando il pronome personale, per es. egli, \u00e8 obbligatorio e quando si pu\u00f2 omettere? \u25a0 Che differenza c\u2019\u00e8 tra i pronomi personali soggetto e complemento? \u25a0 Perch\u00e9 si dice \u201cio guardo\u201d, ma non si pu\u00f2 dire lui guarda \u201cio\u201d? \u25a0 Quali sono i pronomi personali riflessivi? \u25a0 D\u00e0 a me o mi d\u00e0 hanno lo stesso significato? \u25a0 Qual \u00e8 il plurale di \u201cgli\u201d? I pronomi personali sono quelli che specificano la persona: io e noi, tu e voi\u2026 ma bisogna fare delle distinzioni importanti perch\u00e9 queste parole si trasformano a seconda del contesto della frase e possono diventare me e te (si dice io guardo ma non \u201cme guardo\u201d, o guardo te, e non \u201cguardo tu\u201d) o anche mi e ti (mi lavo, ti dico).\" \/>\n<meta property=\"og:url\" content=\"https:\/\/siti.italofonia.info\/italianocorretto\/2019\/08\/13\/i-pronomi-personali-e-le-loro-insidie\/\" \/>\n<meta property=\"og:site_name\" content=\"L&#039;italiano corretto\" \/>\n<meta property=\"article:published_time\" content=\"2019-08-13T07:57:02+00:00\" \/>\n<meta property=\"og:image\" content=\"https:\/\/siti.italofonia.info\/italianocorretto\/wp-content\/uploads\/sites\/4\/2019\/08\/pronomi.jpg?w=801\" \/>\n<meta name=\"author\" content=\"zoppaz\" \/>\n<meta name=\"twitter:card\" content=\"summary_large_image\" \/>\n<meta name=\"twitter:label1\" content=\"Scritto da\" \/>\n\t<meta name=\"twitter:data1\" content=\"zoppaz\" \/>\n\t<meta name=\"twitter:label2\" content=\"Tempo di lettura stimato\" \/>\n\t<meta name=\"twitter:data2\" content=\"5 minuti\" \/>\n<script type=\"application\/ld+json\" class=\"yoast-schema-graph\">{\"@context\":\"https:\/\/schema.org\",\"@graph\":[{\"@type\":\"Article\",\"@id\":\"https:\/\/siti.italofonia.info\/italianocorretto\/2019\/08\/13\/i-pronomi-personali-e-le-loro-insidie\/#article\",\"isPartOf\":{\"@id\":\"https:\/\/siti.italofonia.info\/italianocorretto\/2019\/08\/13\/i-pronomi-personali-e-le-loro-insidie\/\"},\"author\":{\"name\":\"zoppaz\",\"@id\":\"https:\/\/siti.italofonia.info\/italianocorretto\/#\/schema\/person\/a6d92c06412f28fdf127fffa49ded6fb\"},\"headline\":\"I pronomi personali e le loro insidie\",\"datePublished\":\"2019-08-13T07:57:02+00:00\",\"mainEntityOfPage\":{\"@id\":\"https:\/\/siti.italofonia.info\/italianocorretto\/2019\/08\/13\/i-pronomi-personali-e-le-loro-insidie\/\"},\"wordCount\":1096,\"commentCount\":0,\"publisher\":{\"@id\":\"https:\/\/siti.italofonia.info\/italianocorretto\/#organization\"},\"image\":{\"@id\":\"https:\/\/siti.italofonia.info\/italianocorretto\/2019\/08\/13\/i-pronomi-personali-e-le-loro-insidie\/#primaryimage\"},\"thumbnailUrl\":\"https:\/\/siti.italofonia.info\/italianocorretto\/wp-content\/uploads\/sites\/4\/2019\/08\/pronomi.jpg?w=801\",\"articleSection\":[\"Pronomi\"],\"inLanguage\":\"it-IT\",\"potentialAction\":[{\"@type\":\"CommentAction\",\"name\":\"Comment\",\"target\":[\"https:\/\/siti.italofonia.info\/italianocorretto\/2019\/08\/13\/i-pronomi-personali-e-le-loro-insidie\/#respond\"]}]},{\"@type\":\"WebPage\",\"@id\":\"https:\/\/siti.italofonia.info\/italianocorretto\/2019\/08\/13\/i-pronomi-personali-e-le-loro-insidie\/\",\"url\":\"https:\/\/siti.italofonia.info\/italianocorretto\/2019\/08\/13\/i-pronomi-personali-e-le-loro-insidie\/\",\"name\":\"I pronomi personali e le loro insidie - L&#039;italiano corretto\",\"isPartOf\":{\"@id\":\"https:\/\/siti.italofonia.info\/italianocorretto\/#website\"},\"primaryImageOfPage\":{\"@id\":\"https:\/\/siti.italofonia.info\/italianocorretto\/2019\/08\/13\/i-pronomi-personali-e-le-loro-insidie\/#primaryimage\"},\"image\":{\"@id\":\"https:\/\/siti.italofonia.info\/italianocorretto\/2019\/08\/13\/i-pronomi-personali-e-le-loro-insidie\/#primaryimage\"},\"thumbnailUrl\":\"https:\/\/siti.italofonia.info\/italianocorretto\/wp-content\/uploads\/sites\/4\/2019\/08\/pronomi.jpg?w=801\",\"datePublished\":\"2019-08-13T07:57:02+00:00\",\"breadcrumb\":{\"@id\":\"https:\/\/siti.italofonia.info\/italianocorretto\/2019\/08\/13\/i-pronomi-personali-e-le-loro-insidie\/#breadcrumb\"},\"inLanguage\":\"it-IT\",\"potentialAction\":[{\"@type\":\"ReadAction\",\"target\":[\"https:\/\/siti.italofonia.info\/italianocorretto\/2019\/08\/13\/i-pronomi-personali-e-le-loro-insidie\/\"]}]},{\"@type\":\"ImageObject\",\"inLanguage\":\"it-IT\",\"@id\":\"https:\/\/siti.italofonia.info\/italianocorretto\/2019\/08\/13\/i-pronomi-personali-e-le-loro-insidie\/#primaryimage\",\"url\":\"https:\/\/siti.italofonia.info\/italianocorretto\/wp-content\/uploads\/sites\/4\/2019\/08\/pronomi.jpg?w=801\",\"contentUrl\":\"https:\/\/siti.italofonia.info\/italianocorretto\/wp-content\/uploads\/sites\/4\/2019\/08\/pronomi.jpg?w=801\"},{\"@type\":\"BreadcrumbList\",\"@id\":\"https:\/\/siti.italofonia.info\/italianocorretto\/2019\/08\/13\/i-pronomi-personali-e-le-loro-insidie\/#breadcrumb\",\"itemListElement\":[{\"@type\":\"ListItem\",\"position\":1,\"name\":\"Home\",\"item\":\"https:\/\/siti.italofonia.info\/italianocorretto\/\"},{\"@type\":\"ListItem\",\"position\":2,\"name\":\"I pronomi personali e le loro insidie\"}]},{\"@type\":\"WebSite\",\"@id\":\"https:\/\/siti.italofonia.info\/italianocorretto\/#website\",\"url\":\"https:\/\/siti.italofonia.info\/italianocorretto\/\",\"name\":\"L&#039;italiano corretto\",\"description\":\"La grammatica e le risposte ai dubbi pi\u00f9 diffusi\",\"publisher\":{\"@id\":\"https:\/\/siti.italofonia.info\/italianocorretto\/#organization\"},\"potentialAction\":[{\"@type\":\"SearchAction\",\"target\":{\"@type\":\"EntryPoint\",\"urlTemplate\":\"https:\/\/siti.italofonia.info\/italianocorretto\/?s={search_term_string}\"},\"query-input\":{\"@type\":\"PropertyValueSpecification\",\"valueRequired\":true,\"valueName\":\"search_term_string\"}}],\"inLanguage\":\"it-IT\"},{\"@type\":\"Organization\",\"@id\":\"https:\/\/siti.italofonia.info\/italianocorretto\/#organization\",\"name\":\"L&#039;italiano corretto\",\"url\":\"https:\/\/siti.italofonia.info\/italianocorretto\/\",\"logo\":{\"@type\":\"ImageObject\",\"inLanguage\":\"it-IT\",\"@id\":\"https:\/\/siti.italofonia.info\/italianocorretto\/#\/schema\/logo\/image\/\",\"url\":\"https:\/\/siti.italofonia.info\/italianocorretto\/wp-content\/uploads\/sites\/4\/2021\/05\/cropped-logo-quadrato-itacorretto.jpg\",\"contentUrl\":\"https:\/\/siti.italofonia.info\/italianocorretto\/wp-content\/uploads\/sites\/4\/2021\/05\/cropped-logo-quadrato-itacorretto.jpg\",\"width\":248,\"height\":248,\"caption\":\"L&#039;italiano corretto\"},\"image\":{\"@id\":\"https:\/\/siti.italofonia.info\/italianocorretto\/#\/schema\/logo\/image\/\"}},{\"@type\":\"Person\",\"@id\":\"https:\/\/siti.italofonia.info\/italianocorretto\/#\/schema\/person\/a6d92c06412f28fdf127fffa49ded6fb\",\"name\":\"zoppaz\",\"image\":{\"@type\":\"ImageObject\",\"inLanguage\":\"it-IT\",\"@id\":\"https:\/\/siti.italofonia.info\/italianocorretto\/#\/schema\/person\/image\/\",\"url\":\"https:\/\/secure.gravatar.com\/avatar\/3896f9315ea10bdf8cd42b87b6ade87c6e815a39e4846b4badb0394ff75411f8?s=96&d=mm&r=g\",\"contentUrl\":\"https:\/\/secure.gravatar.com\/avatar\/3896f9315ea10bdf8cd42b87b6ade87c6e815a39e4846b4badb0394ff75411f8?s=96&d=mm&r=g\",\"caption\":\"zoppaz\"},\"url\":\"https:\/\/siti.italofonia.info\/italianocorretto\/author\/zoppaz\/\"}]}<\/script>\n<!-- \/ Yoast SEO plugin. -->","yoast_head_json":{"title":"I pronomi personali e le loro insidie - L&#039;italiano corretto","robots":{"index":"index","follow":"follow","max-snippet":"max-snippet:-1","max-image-preview":"max-image-preview:large","max-video-preview":"max-video-preview:-1"},"canonical":"https:\/\/siti.italofonia.info\/italianocorretto\/2019\/08\/13\/i-pronomi-personali-e-le-loro-insidie\/","og_locale":"it_IT","og_type":"article","og_title":"I pronomi personali e le loro insidie - L&#039;italiano corretto","og_description":"I pronomi personali e le loro insidie \u25a0 Cosa sono i pronomi personali. \u25a0 Che differenza c\u2019\u00e8 tra le forme io, me e mi? \u25a0 Che differenza c\u2019\u00e8 tra le forme egli\/ella e esso\/essa? \u25a0 S\u00e9 si scrive sempre con ll\u2019accento? \u25a0 Darglielo si pu\u00f2 riferire anche a una donna? \u25a0 Quando il pronome personale, per es. egli, \u00e8 obbligatorio e quando si pu\u00f2 omettere? \u25a0 Che differenza c\u2019\u00e8 tra i pronomi personali soggetto e complemento? \u25a0 Perch\u00e9 si dice \u201cio guardo\u201d, ma non si pu\u00f2 dire lui guarda \u201cio\u201d? \u25a0 Quali sono i pronomi personali riflessivi? \u25a0 D\u00e0 a me o mi d\u00e0 hanno lo stesso significato? \u25a0 Qual \u00e8 il plurale di \u201cgli\u201d? I pronomi personali sono quelli che specificano la persona: io e noi, tu e voi\u2026 ma bisogna fare delle distinzioni importanti perch\u00e9 queste parole si trasformano a seconda del contesto della frase e possono diventare me e te (si dice io guardo ma non \u201cme guardo\u201d, o guardo te, e non \u201cguardo tu\u201d) o anche mi e ti (mi lavo, ti dico).","og_url":"https:\/\/siti.italofonia.info\/italianocorretto\/2019\/08\/13\/i-pronomi-personali-e-le-loro-insidie\/","og_site_name":"L&#039;italiano corretto","article_published_time":"2019-08-13T07:57:02+00:00","og_image":[{"url":"https:\/\/siti.italofonia.info\/italianocorretto\/wp-content\/uploads\/sites\/4\/2019\/08\/pronomi.jpg?w=801","type":"","width":"","height":""}],"author":"zoppaz","twitter_card":"summary_large_image","twitter_misc":{"Scritto da":"zoppaz","Tempo di lettura stimato":"5 minuti"},"schema":{"@context":"https:\/\/schema.org","@graph":[{"@type":"Article","@id":"https:\/\/siti.italofonia.info\/italianocorretto\/2019\/08\/13\/i-pronomi-personali-e-le-loro-insidie\/#article","isPartOf":{"@id":"https:\/\/siti.italofonia.info\/italianocorretto\/2019\/08\/13\/i-pronomi-personali-e-le-loro-insidie\/"},"author":{"name":"zoppaz","@id":"https:\/\/siti.italofonia.info\/italianocorretto\/#\/schema\/person\/a6d92c06412f28fdf127fffa49ded6fb"},"headline":"I pronomi personali e le loro insidie","datePublished":"2019-08-13T07:57:02+00:00","mainEntityOfPage":{"@id":"https:\/\/siti.italofonia.info\/italianocorretto\/2019\/08\/13\/i-pronomi-personali-e-le-loro-insidie\/"},"wordCount":1096,"commentCount":0,"publisher":{"@id":"https:\/\/siti.italofonia.info\/italianocorretto\/#organization"},"image":{"@id":"https:\/\/siti.italofonia.info\/italianocorretto\/2019\/08\/13\/i-pronomi-personali-e-le-loro-insidie\/#primaryimage"},"thumbnailUrl":"https:\/\/siti.italofonia.info\/italianocorretto\/wp-content\/uploads\/sites\/4\/2019\/08\/pronomi.jpg?w=801","articleSection":["Pronomi"],"inLanguage":"it-IT","potentialAction":[{"@type":"CommentAction","name":"Comment","target":["https:\/\/siti.italofonia.info\/italianocorretto\/2019\/08\/13\/i-pronomi-personali-e-le-loro-insidie\/#respond"]}]},{"@type":"WebPage","@id":"https:\/\/siti.italofonia.info\/italianocorretto\/2019\/08\/13\/i-pronomi-personali-e-le-loro-insidie\/","url":"https:\/\/siti.italofonia.info\/italianocorretto\/2019\/08\/13\/i-pronomi-personali-e-le-loro-insidie\/","name":"I pronomi personali e le loro insidie - L&#039;italiano corretto","isPartOf":{"@id":"https:\/\/siti.italofonia.info\/italianocorretto\/#website"},"primaryImageOfPage":{"@id":"https:\/\/siti.italofonia.info\/italianocorretto\/2019\/08\/13\/i-pronomi-personali-e-le-loro-insidie\/#primaryimage"},"image":{"@id":"https:\/\/siti.italofonia.info\/italianocorretto\/2019\/08\/13\/i-pronomi-personali-e-le-loro-insidie\/#primaryimage"},"thumbnailUrl":"https:\/\/siti.italofonia.info\/italianocorretto\/wp-content\/uploads\/sites\/4\/2019\/08\/pronomi.jpg?w=801","datePublished":"2019-08-13T07:57:02+00:00","breadcrumb":{"@id":"https:\/\/siti.italofonia.info\/italianocorretto\/2019\/08\/13\/i-pronomi-personali-e-le-loro-insidie\/#breadcrumb"},"inLanguage":"it-IT","potentialAction":[{"@type":"ReadAction","target":["https:\/\/siti.italofonia.info\/italianocorretto\/2019\/08\/13\/i-pronomi-personali-e-le-loro-insidie\/"]}]},{"@type":"ImageObject","inLanguage":"it-IT","@id":"https:\/\/siti.italofonia.info\/italianocorretto\/2019\/08\/13\/i-pronomi-personali-e-le-loro-insidie\/#primaryimage","url":"https:\/\/siti.italofonia.info\/italianocorretto\/wp-content\/uploads\/sites\/4\/2019\/08\/pronomi.jpg?w=801","contentUrl":"https:\/\/siti.italofonia.info\/italianocorretto\/wp-content\/uploads\/sites\/4\/2019\/08\/pronomi.jpg?w=801"},{"@type":"BreadcrumbList","@id":"https:\/\/siti.italofonia.info\/italianocorretto\/2019\/08\/13\/i-pronomi-personali-e-le-loro-insidie\/#breadcrumb","itemListElement":[{"@type":"ListItem","position":1,"name":"Home","item":"https:\/\/siti.italofonia.info\/italianocorretto\/"},{"@type":"ListItem","position":2,"name":"I pronomi personali e le loro insidie"}]},{"@type":"WebSite","@id":"https:\/\/siti.italofonia.info\/italianocorretto\/#website","url":"https:\/\/siti.italofonia.info\/italianocorretto\/","name":"L&#039;italiano corretto","description":"La grammatica e le risposte ai dubbi pi\u00f9 diffusi","publisher":{"@id":"https:\/\/siti.italofonia.info\/italianocorretto\/#organization"},"potentialAction":[{"@type":"SearchAction","target":{"@type":"EntryPoint","urlTemplate":"https:\/\/siti.italofonia.info\/italianocorretto\/?s={search_term_string}"},"query-input":{"@type":"PropertyValueSpecification","valueRequired":true,"valueName":"search_term_string"}}],"inLanguage":"it-IT"},{"@type":"Organization","@id":"https:\/\/siti.italofonia.info\/italianocorretto\/#organization","name":"L&#039;italiano corretto","url":"https:\/\/siti.italofonia.info\/italianocorretto\/","logo":{"@type":"ImageObject","inLanguage":"it-IT","@id":"https:\/\/siti.italofonia.info\/italianocorretto\/#\/schema\/logo\/image\/","url":"https:\/\/siti.italofonia.info\/italianocorretto\/wp-content\/uploads\/sites\/4\/2021\/05\/cropped-logo-quadrato-itacorretto.jpg","contentUrl":"https:\/\/siti.italofonia.info\/italianocorretto\/wp-content\/uploads\/sites\/4\/2021\/05\/cropped-logo-quadrato-itacorretto.jpg","width":248,"height":248,"caption":"L&#039;italiano corretto"},"image":{"@id":"https:\/\/siti.italofonia.info\/italianocorretto\/#\/schema\/logo\/image\/"}},{"@type":"Person","@id":"https:\/\/siti.italofonia.info\/italianocorretto\/#\/schema\/person\/a6d92c06412f28fdf127fffa49ded6fb","name":"zoppaz","image":{"@type":"ImageObject","inLanguage":"it-IT","@id":"https:\/\/siti.italofonia.info\/italianocorretto\/#\/schema\/person\/image\/","url":"https:\/\/secure.gravatar.com\/avatar\/3896f9315ea10bdf8cd42b87b6ade87c6e815a39e4846b4badb0394ff75411f8?s=96&d=mm&r=g","contentUrl":"https:\/\/secure.gravatar.com\/avatar\/3896f9315ea10bdf8cd42b87b6ade87c6e815a39e4846b4badb0394ff75411f8?s=96&d=mm&r=g","caption":"zoppaz"},"url":"https:\/\/siti.italofonia.info\/italianocorretto\/author\/zoppaz\/"}]}},"jetpack_featured_media_url":"","jetpack_sharing_enabled":true,"amp_enabled":true,"_links":{"self":[{"href":"https:\/\/siti.italofonia.info\/italianocorretto\/wp-json\/wp\/v2\/posts\/1076","targetHints":{"allow":["GET"]}}],"collection":[{"href":"https:\/\/siti.italofonia.info\/italianocorretto\/wp-json\/wp\/v2\/posts"}],"about":[{"href":"https:\/\/siti.italofonia.info\/italianocorretto\/wp-json\/wp\/v2\/types\/post"}],"author":[{"embeddable":true,"href":"https:\/\/siti.italofonia.info\/italianocorretto\/wp-json\/wp\/v2\/users\/2"}],"replies":[{"embeddable":true,"href":"https:\/\/siti.italofonia.info\/italianocorretto\/wp-json\/wp\/v2\/comments?post=1076"}],"version-history":[{"count":0,"href":"https:\/\/siti.italofonia.info\/italianocorretto\/wp-json\/wp\/v2\/posts\/1076\/revisions"}],"wp:attachment":[{"href":"https:\/\/siti.italofonia.info\/italianocorretto\/wp-json\/wp\/v2\/media?parent=1076"}],"wp:term":[{"taxonomy":"category","embeddable":true,"href":"https:\/\/siti.italofonia.info\/italianocorretto\/wp-json\/wp\/v2\/categories?post=1076"},{"taxonomy":"post_tag","embeddable":true,"href":"https:\/\/siti.italofonia.info\/italianocorretto\/wp-json\/wp\/v2\/tags?post=1076"}],"curies":[{"name":"wp","href":"https:\/\/api.w.org\/{rel}","templated":true}]}}