{"id":1092,"date":"2019-08-13T12:45:06","date_gmt":"2019-08-13T10:45:06","guid":{"rendered":"https:\/\/lagrammaticaitaliana.wordpress.com\/?p=1092"},"modified":"2019-08-13T12:45:06","modified_gmt":"2019-08-13T10:45:06","slug":"si-scrive-se-stesso-o-se-stesso","status":"publish","type":"post","link":"https:\/\/siti.italofonia.info\/italianocorretto\/2019\/08\/13\/si-scrive-se-stesso-o-se-stesso\/","title":{"rendered":"Si scrive \u201cse stesso\u201d o \u201cs\u00e9 stesso\u201d?"},"content":{"rendered":"\n<figure class=\"wp-block-image size-large\"><img loading=\"lazy\" decoding=\"async\" width=\"801\" height=\"168\" src=\"https:\/\/siti.italofonia.info\/italianocorretto\/wp-content\/uploads\/sites\/4\/2019\/08\/pronomi.jpg?w=801\" alt=\"\" class=\"wp-image-1052\" srcset=\"https:\/\/siti.italofonia.info\/italianocorretto\/wp-content\/uploads\/sites\/4\/2019\/08\/pronomi.jpg 801w, https:\/\/siti.italofonia.info\/italianocorretto\/wp-content\/uploads\/sites\/4\/2019\/08\/pronomi-300x63.jpg 300w, https:\/\/siti.italofonia.info\/italianocorretto\/wp-content\/uploads\/sites\/4\/2019\/08\/pronomi-768x161.jpg 768w\" sizes=\"auto, (max-width: 801px) 100vw, 801px\" \/><\/figure>\n\n\n\n<p style=\"font-size:12px\" class=\"has-background has-light-blue-background-color\">\u25a0 Meglio scrivere <em>s\u00e9 stesso<\/em> o <em>se stesso<\/em>? \u25a0 Si pu\u00f2 omettere l&#8217;accento di s\u00e9? \u25a0 \u00c8 logico omettere l&#8217;accento di s\u00e9 davanti a stesso e medesimo? \u25a0 Perch\u00e9 nel Novecento si \u00e8 affermata la regola che &#8220;se stesso&#8221; si scrivesse con l&#8217;accento, ma oggi \u00e8 stata messa in discussione?  \u25a0 Alessandro Manzoni come scriveva &#8220;s\u00e9 stesso&#8221;?  \u25a0 Quali sono le indicazioni dei principali dizionari per scrivere &#8220;s\u00e9 stesso&#8221;?<\/p>\n\n\n\n<div class=\"wp-block-image\"><figure class=\"alignleft size-large\"><img loading=\"lazy\" decoding=\"async\" width=\"301\" height=\"365\" src=\"https:\/\/siti.italofonia.info\/italianocorretto\/wp-content\/uploads\/sites\/4\/2019\/08\/se-stesso.jpg\" alt=\"\" class=\"wp-image-1094\" srcset=\"https:\/\/siti.italofonia.info\/italianocorretto\/wp-content\/uploads\/sites\/4\/2019\/08\/se-stesso.jpg 301w, https:\/\/siti.italofonia.info\/italianocorretto\/wp-content\/uploads\/sites\/4\/2019\/08\/se-stesso-247x300.jpg 247w\" sizes=\"auto, (max-width: 301px) 100vw, 301px\" \/><\/figure><\/div>\n\n\n\n<p>Nei monosillabi, in linea di massima, si mette l\u2019accento quando esistono degli \u201cequivoci\u201d che li possono far confondere con altri dal diverso significato (<em>d\u00e0<\/em> verbo e <em>da<\/em> preposizione, <em>s\u00ec<\/em> affermativo e <em>si<\/em> riflessivo&#8230; (vedi <strong>\u2192 <\/strong>&#8220;<a rel=\"noreferrer noopener\" aria-label=\"Monosillabi che cambiano significato con l'accento (apre in una nuova scheda)\" href=\"https:\/\/siti.italofonia.info\/italianocorretto\/2019\/07\/23\/monosillabi-che-cambiano-significato-con-laccento\/\" target=\"_blank\">Monosillabi che cambiano significato con l&#8217;accento<\/a>&#8220;). <\/p>\n\n\n\n<p>Il <a rel=\"noreferrer noopener\" aria-label=\"pronome personale (apre in una nuova scheda)\" href=\"https:\/\/siti.italofonia.info\/italianocorretto\/2019\/08\/13\/i-pronomi-personali-e-le-loro-insidie\/\" target=\"_blank\">pronome personale<\/a> <em>s\u00e9<\/em>, al contrario di <em>me<\/em> e<em> te<\/em> (il primo non ha omografi e nel secondo caso si accenta il <em>t\u00e8<\/em> bevanda) &nbsp;si scrive con l\u2019accento (<a href=\"https:\/\/siti.italofonia.info\/italianocorretto\/2019\/07\/23\/gli-accenti-grafici\/\" target=\"_blank\" rel=\"noreferrer noopener\" aria-label=\"acuto (apre in una nuova scheda)\">acuto<\/a>) per evitare confusioni con <em>se<\/em> <a href=\"https:\/\/siti.italofonia.info\/italianocorretto\/2019\/08\/14\/le-congiunzioni\/\" target=\"_blank\" rel=\"noreferrer noopener\" aria-label=\"congiunzione (apre in una nuova scheda)\">congiunzione<\/a>. <\/p>\n\n\n\n<div class=\"wp-block-image\"><figure class=\"alignleft size-large\"><img loading=\"lazy\" decoding=\"async\" width=\"107\" height=\"84\" src=\"https:\/\/siti.italofonia.info\/italianocorretto\/wp-content\/uploads\/sites\/4\/2019\/08\/dito-nota-bene-100-1.jpg?w=107\" alt=\"\" class=\"wp-image-284\" \/><\/figure><\/div>\n\n\n\n<p>Partendo da queste considerazioni da molto tempo si \u00e8 diffusa la consuetudine che in presenza dei rafforzativi <em>stesso<\/em> e <em>medesimo<\/em>, venendo a mancare l\u2019elemento di possibile confusione, si scrivesse senza accento <em>se stesso<\/em> e <em>se medesimo<\/em> (ma solo in questi casi). Questa regola \u00e8 stata insegnata nelle scuole per decenni (spesso violarla era un errore da penna blu) ed \u00e8 soprattutto entrata nelle norme editoriali di tutte le principali case editrici che l\u2019hanno osservata nella pubblicazione dei libri per decenni e, anche se qualcuno aveva da obiettare sul senso, nel Novecento <strong>si \u00e8 affermata come la tendenza dominante<\/strong>. <\/p>\n\n\n\n<p class=\"has-background has-light-gray-background-color\">Le <strong>obiezioni <\/strong>di carattere logico e razionale partono dal presupposto che non ha senso oscillare a seconda dei casi, e poi c\u2019\u00e8 sempre la possibilit\u00e0 di confondere il rafforzativo del pronome personale con forme verbali come <em>se<\/em> (io) <em>stessi<\/em>, <em>se<\/em> (egli) <em>stesse<\/em>&#8230; Inoltre non si capisce per quale motivo non si dovrebbe scrivere anche a \u201cse stante\u201d invece di \u201ca s\u00e9 stante\u201d.<\/p>\n\n\n\n<div class=\"wp-block-image\"><figure class=\"alignleft size-large\"><img loading=\"lazy\" decoding=\"async\" width=\"100\" height=\"104\" src=\"https:\/\/siti.italofonia.info\/italianocorretto\/wp-content\/uploads\/sites\/4\/2019\/08\/microscopio-100.jpg?w=100\" alt=\"\" class=\"wp-image-200\" \/><\/figure><\/div>\n\n\n\n<p class=\"has-background has-light-pink-background-color\"><strong>Che ne dicono i dizionari e i repertori storici<\/strong><br><br>Passando in rassegna i dizionari, sino agli anni Novanta il Devoto Oli (quando Giancarlo Oli era ancora vivente) riportava che \u201c<em>se stesso si scrive preferibilmente senza accento<\/em>\u201d e in tutto il testo del vocabolario lo scriveva cos\u00ec. Anche nello Zingarelli del 1985 lo si scriveva senza accento (pur ammettendo nella voce <em>s\u00e9<\/em> che se rafforzato da <em>stesso<\/em> e <em>medesimo<\/em> si pu\u00f2 scrivere \u201canche senza accento\u201d), come nel GRADIT e nel Nuovo De Mauro nella riedizione del 2014. Il Sabatini-Coletti (2005) tra parentesi annota che \u201csi pu\u00f2 non accentare prima di stesso, medesimo\u201d e riporta due versi di Dante privi di accentazione. Il Gabrielli (2014) tra parentesi indica che <em>s\u00e9<\/em> rafforzato da stesso e medesimo \u201csi scrive di solito senza accento\u201d, ma poi usa la forma accentata in altre parti della voce, che pare dunque la forma usata e preferita. Il DOP (<em>Dizionario di Ortografia e di Pronunzia<\/em> di Migliorini, Tagliavini e Fiorelli, ERI, 1981) osserva che le varianti senza accento sono \u201cfrequenti ma non giustificate\u201d come sostiene anche Luca Serianni (<em>Grammatica italiana<\/em>, Utet, 1991) secondo il quale la regola di omettere l\u2019accento non \u00e8 di alcuna utilit\u00e0, anche se \u00e8 la forma che prevale. Con il passaggio della cura del Devoto Oli a Serianni e Trifone, dunque, non c\u2019\u00e8 da stupirsi che le occorrenze non accentate in tutto il testo siano state sostituite da quelle accentate, cos\u00ec come \u00e8 accaduto nello Zingarelli dei nostri giorni.<br>Andando a ritroso nel tempo, il dizionario Tommaseo-Bellini (1861-1879) riporta nei suoi esempi il pronome rafforzato privo di accento e, consultando il cd-rom LIZ (Letteratura Italiana Zanichelli, 2001) con un ampio repertorio della lingua italiana in digitale si scopre addirittura che Manzoni lo scriveva talvolta non accentato (pi\u00f9 di 20 volte) e talvolta accentato, ma usando prevalentemente \u201cs\u00e8\u201d con l\u2019accento grave per ben 33 volte. Ma a quei tempi si scriveva ancora a mano, e la consuetudine tipografica di distinguere chiaramente l\u2019accento acuto e grave si \u00e8 consolidata in seguito, nell&#8217;Ottocento spesso si usava solo quello grave sulle parole tronche (e &#8220;s\u00e8 stesso&#8221; con l&#8217;accento grave ricorre anche nella <em>Storia della letteratura italiana<\/em> di Francesco De Sanctis, 1870). Nella seconda edizione postuma del romanzo (Sonzogno 1873) ricorrono oscillazioni di <strong>s\u00e9<\/strong>, <strong>s\u00e8 <\/strong>e <strong>se<\/strong> <strong>stesso<\/strong>, che nella riedizione moderna di Einaudi sono state sempre sostituite da <strong>s\u00e9 <\/strong>(acuto) o <strong>se <\/strong>senza accento.  <\/p>\n\n\n\n<div class=\"wp-block-image\"><figure class=\"alignleft size-large\"><img loading=\"lazy\" decoding=\"async\" width=\"100\" height=\"100\" src=\"https:\/\/siti.italofonia.info\/italianocorretto\/wp-content\/uploads\/sites\/4\/2019\/08\/dubbi-100.jpg?w=100\" alt=\"\" class=\"wp-image-474\" \/><\/figure><\/div>\n\n\n\n<p> <strong>Concludendo<\/strong>, in tempi recenti pare proprio che si stia affermando la scuola che preferisce <strong>s\u00e9 stesso<\/strong>, che si sta diffondendo anche nelle norme editoriali di varie case editrici, ma non di tutte. Anche se ci sarebbe da interrogarsi sul senso di questa diatriba che \u00e8 una sorta di riforma ortografica in nome della logica che cozza per\u00f2 contro l&#8217;uso che si era consolidato, la questione \u00e8 attualmente aperta e la risposta \u00e8 che <strong>lo si pu\u00f2 scrivere come si preferisce<\/strong>. <\/p>\n\n\n\n<div class=\"wp-block-image\"><figure class=\"alignleft size-large\"><img loading=\"lazy\" decoding=\"async\" width=\"101\" height=\"98\" src=\"https:\/\/siti.italofonia.info\/italianocorretto\/wp-content\/uploads\/sites\/4\/2019\/08\/consiglio-1.jpg?w=101\" alt=\"\" class=\"wp-image-703\" \/><\/figure><\/div>\n\n\n\n<p>Per\u00f2 \u00e8 bene fare attenzione nei contesti scolastici o con professori alla vecchia maniera che potrebbero scambiare la scelta dell\u2019accento come un atto di ignoranza da stigmatizzare con la penna blu, invece che come un segno di maggior cultura e modernit\u00e0. <\/p>\n","protected":false},"excerpt":{"rendered":"<p>Si scrive \u201cse stesso\u201d o \u201cs\u00e9 stesso\u201d?<\/p>\n<p>\u25a0 Meglio scrivere s\u00e9 stesso o se stesso? \u25a0 Si pu\u00f2 omettere l\u2019accento di s\u00e9? \u25a0 \u00c8 logico omettere l\u2019accento di s\u00e9 davanti a stesso e medesimo? \u25a0 Perch\u00e9 nel Novecento si \u00e8 affermata la regola che \u201cse stesso\u201d si scrivesse con l\u2019accento, ma oggi \u00e8 stata messa in discussione? \u25a0 Alessandro Manzoni come scriveva \u201cs\u00e9 stesso\u201d? \u25a0 Quali sono le indicazioni dei principali dizionari per scrivere \u201cs\u00e9 stesso\u201d?<\/p>\n<p>Nei monosillabi, in linea di massima, si mette l\u2019accento quando esistono degli \u201cequivoci\u201d che li possono far confondere con altri dal diverso significato (d\u00e0 verbo e da preposizione, s\u00ec affermativo e si riflessivo\u2026<\/p>\n","protected":false},"author":2,"featured_media":0,"comment_status":"open","ping_status":"open","sticky":false,"template":"","format":"standard","meta":{"_jetpack_memberships_contains_paid_content":false,"footnotes":""},"categories":[14],"tags":[23],"class_list":["post-1092","post","type-post","status-publish","format-standard","hentry","category-pronomi","tag-dubbi"],"yoast_head":"<!-- This site is optimized with the Yoast SEO plugin v25.9 - https:\/\/yoast.com\/wordpress\/plugins\/seo\/ -->\n<title>Si scrive \u201cse stesso\u201d o \u201cs\u00e9 stesso\u201d? - L&#039;italiano corretto<\/title>\n<meta name=\"robots\" content=\"index, follow, max-snippet:-1, max-image-preview:large, max-video-preview:-1\" \/>\n<link rel=\"canonical\" href=\"https:\/\/siti.italofonia.info\/italianocorretto\/2019\/08\/13\/si-scrive-se-stesso-o-se-stesso\/\" \/>\n<meta property=\"og:locale\" content=\"it_IT\" \/>\n<meta property=\"og:type\" content=\"article\" \/>\n<meta property=\"og:title\" content=\"Si scrive \u201cse stesso\u201d o \u201cs\u00e9 stesso\u201d? - L&#039;italiano corretto\" \/>\n<meta property=\"og:description\" content=\"Si scrive \u201cse stesso\u201d o \u201cs\u00e9 stesso\u201d? \u25a0 Meglio scrivere s\u00e9 stesso o se stesso? \u25a0 Si pu\u00f2 omettere l\u2019accento di s\u00e9? \u25a0 \u00c8 logico omettere l\u2019accento di s\u00e9 davanti a stesso e medesimo? \u25a0 Perch\u00e9 nel Novecento si \u00e8 affermata la regola che \u201cse stesso\u201d si scrivesse con l\u2019accento, ma oggi \u00e8 stata messa in discussione? \u25a0 Alessandro Manzoni come scriveva \u201cs\u00e9 stesso\u201d? \u25a0 Quali sono le indicazioni dei principali dizionari per scrivere \u201cs\u00e9 stesso\u201d? Nei monosillabi, in linea di massima, si mette l\u2019accento quando esistono degli \u201cequivoci\u201d che li possono far confondere con altri dal diverso significato (d\u00e0 verbo e da preposizione, s\u00ec affermativo e si riflessivo\u2026\" \/>\n<meta property=\"og:url\" content=\"https:\/\/siti.italofonia.info\/italianocorretto\/2019\/08\/13\/si-scrive-se-stesso-o-se-stesso\/\" \/>\n<meta property=\"og:site_name\" content=\"L&#039;italiano corretto\" \/>\n<meta property=\"article:published_time\" content=\"2019-08-13T10:45:06+00:00\" \/>\n<meta property=\"og:image\" content=\"https:\/\/siti.italofonia.info\/italianocorretto\/wp-content\/uploads\/sites\/4\/2019\/08\/pronomi.jpg?w=801\" \/>\n<meta name=\"author\" content=\"zoppaz\" \/>\n<meta name=\"twitter:card\" content=\"summary_large_image\" \/>\n<meta name=\"twitter:label1\" content=\"Scritto da\" \/>\n\t<meta name=\"twitter:data1\" content=\"zoppaz\" \/>\n\t<meta name=\"twitter:label2\" content=\"Tempo di lettura stimato\" \/>\n\t<meta name=\"twitter:data2\" content=\"4 minuti\" \/>\n<script type=\"application\/ld+json\" class=\"yoast-schema-graph\">{\"@context\":\"https:\/\/schema.org\",\"@graph\":[{\"@type\":\"Article\",\"@id\":\"https:\/\/siti.italofonia.info\/italianocorretto\/2019\/08\/13\/si-scrive-se-stesso-o-se-stesso\/#article\",\"isPartOf\":{\"@id\":\"https:\/\/siti.italofonia.info\/italianocorretto\/2019\/08\/13\/si-scrive-se-stesso-o-se-stesso\/\"},\"author\":{\"name\":\"zoppaz\",\"@id\":\"https:\/\/siti.italofonia.info\/italianocorretto\/#\/schema\/person\/a6d92c06412f28fdf127fffa49ded6fb\"},\"headline\":\"Si scrive \u201cse stesso\u201d o \u201cs\u00e9 stesso\u201d?\",\"datePublished\":\"2019-08-13T10:45:06+00:00\",\"mainEntityOfPage\":{\"@id\":\"https:\/\/siti.italofonia.info\/italianocorretto\/2019\/08\/13\/si-scrive-se-stesso-o-se-stesso\/\"},\"wordCount\":811,\"commentCount\":0,\"publisher\":{\"@id\":\"https:\/\/siti.italofonia.info\/italianocorretto\/#organization\"},\"image\":{\"@id\":\"https:\/\/siti.italofonia.info\/italianocorretto\/2019\/08\/13\/si-scrive-se-stesso-o-se-stesso\/#primaryimage\"},\"thumbnailUrl\":\"https:\/\/siti.italofonia.info\/italianocorretto\/wp-content\/uploads\/sites\/4\/2019\/08\/pronomi.jpg?w=801\",\"keywords\":[\"Dubbi?\"],\"articleSection\":[\"Pronomi\"],\"inLanguage\":\"it-IT\",\"potentialAction\":[{\"@type\":\"CommentAction\",\"name\":\"Comment\",\"target\":[\"https:\/\/siti.italofonia.info\/italianocorretto\/2019\/08\/13\/si-scrive-se-stesso-o-se-stesso\/#respond\"]}]},{\"@type\":\"WebPage\",\"@id\":\"https:\/\/siti.italofonia.info\/italianocorretto\/2019\/08\/13\/si-scrive-se-stesso-o-se-stesso\/\",\"url\":\"https:\/\/siti.italofonia.info\/italianocorretto\/2019\/08\/13\/si-scrive-se-stesso-o-se-stesso\/\",\"name\":\"Si scrive \u201cse stesso\u201d o \u201cs\u00e9 stesso\u201d? - L&#039;italiano corretto\",\"isPartOf\":{\"@id\":\"https:\/\/siti.italofonia.info\/italianocorretto\/#website\"},\"primaryImageOfPage\":{\"@id\":\"https:\/\/siti.italofonia.info\/italianocorretto\/2019\/08\/13\/si-scrive-se-stesso-o-se-stesso\/#primaryimage\"},\"image\":{\"@id\":\"https:\/\/siti.italofonia.info\/italianocorretto\/2019\/08\/13\/si-scrive-se-stesso-o-se-stesso\/#primaryimage\"},\"thumbnailUrl\":\"https:\/\/siti.italofonia.info\/italianocorretto\/wp-content\/uploads\/sites\/4\/2019\/08\/pronomi.jpg?w=801\",\"datePublished\":\"2019-08-13T10:45:06+00:00\",\"breadcrumb\":{\"@id\":\"https:\/\/siti.italofonia.info\/italianocorretto\/2019\/08\/13\/si-scrive-se-stesso-o-se-stesso\/#breadcrumb\"},\"inLanguage\":\"it-IT\",\"potentialAction\":[{\"@type\":\"ReadAction\",\"target\":[\"https:\/\/siti.italofonia.info\/italianocorretto\/2019\/08\/13\/si-scrive-se-stesso-o-se-stesso\/\"]}]},{\"@type\":\"ImageObject\",\"inLanguage\":\"it-IT\",\"@id\":\"https:\/\/siti.italofonia.info\/italianocorretto\/2019\/08\/13\/si-scrive-se-stesso-o-se-stesso\/#primaryimage\",\"url\":\"https:\/\/siti.italofonia.info\/italianocorretto\/wp-content\/uploads\/sites\/4\/2019\/08\/pronomi.jpg?w=801\",\"contentUrl\":\"https:\/\/siti.italofonia.info\/italianocorretto\/wp-content\/uploads\/sites\/4\/2019\/08\/pronomi.jpg?w=801\"},{\"@type\":\"BreadcrumbList\",\"@id\":\"https:\/\/siti.italofonia.info\/italianocorretto\/2019\/08\/13\/si-scrive-se-stesso-o-se-stesso\/#breadcrumb\",\"itemListElement\":[{\"@type\":\"ListItem\",\"position\":1,\"name\":\"Home\",\"item\":\"https:\/\/siti.italofonia.info\/italianocorretto\/\"},{\"@type\":\"ListItem\",\"position\":2,\"name\":\"Si scrive \u201cse stesso\u201d o \u201cs\u00e9 stesso\u201d?\"}]},{\"@type\":\"WebSite\",\"@id\":\"https:\/\/siti.italofonia.info\/italianocorretto\/#website\",\"url\":\"https:\/\/siti.italofonia.info\/italianocorretto\/\",\"name\":\"L&#039;italiano corretto\",\"description\":\"La grammatica e le risposte ai dubbi pi\u00f9 diffusi\",\"publisher\":{\"@id\":\"https:\/\/siti.italofonia.info\/italianocorretto\/#organization\"},\"potentialAction\":[{\"@type\":\"SearchAction\",\"target\":{\"@type\":\"EntryPoint\",\"urlTemplate\":\"https:\/\/siti.italofonia.info\/italianocorretto\/?s={search_term_string}\"},\"query-input\":{\"@type\":\"PropertyValueSpecification\",\"valueRequired\":true,\"valueName\":\"search_term_string\"}}],\"inLanguage\":\"it-IT\"},{\"@type\":\"Organization\",\"@id\":\"https:\/\/siti.italofonia.info\/italianocorretto\/#organization\",\"name\":\"L&#039;italiano corretto\",\"url\":\"https:\/\/siti.italofonia.info\/italianocorretto\/\",\"logo\":{\"@type\":\"ImageObject\",\"inLanguage\":\"it-IT\",\"@id\":\"https:\/\/siti.italofonia.info\/italianocorretto\/#\/schema\/logo\/image\/\",\"url\":\"https:\/\/siti.italofonia.info\/italianocorretto\/wp-content\/uploads\/sites\/4\/2021\/05\/cropped-logo-quadrato-itacorretto.jpg\",\"contentUrl\":\"https:\/\/siti.italofonia.info\/italianocorretto\/wp-content\/uploads\/sites\/4\/2021\/05\/cropped-logo-quadrato-itacorretto.jpg\",\"width\":248,\"height\":248,\"caption\":\"L&#039;italiano corretto\"},\"image\":{\"@id\":\"https:\/\/siti.italofonia.info\/italianocorretto\/#\/schema\/logo\/image\/\"}},{\"@type\":\"Person\",\"@id\":\"https:\/\/siti.italofonia.info\/italianocorretto\/#\/schema\/person\/a6d92c06412f28fdf127fffa49ded6fb\",\"name\":\"zoppaz\",\"image\":{\"@type\":\"ImageObject\",\"inLanguage\":\"it-IT\",\"@id\":\"https:\/\/siti.italofonia.info\/italianocorretto\/#\/schema\/person\/image\/\",\"url\":\"https:\/\/secure.gravatar.com\/avatar\/3896f9315ea10bdf8cd42b87b6ade87c6e815a39e4846b4badb0394ff75411f8?s=96&d=mm&r=g\",\"contentUrl\":\"https:\/\/secure.gravatar.com\/avatar\/3896f9315ea10bdf8cd42b87b6ade87c6e815a39e4846b4badb0394ff75411f8?s=96&d=mm&r=g\",\"caption\":\"zoppaz\"},\"url\":\"https:\/\/siti.italofonia.info\/italianocorretto\/author\/zoppaz\/\"}]}<\/script>\n<!-- \/ Yoast SEO plugin. -->","yoast_head_json":{"title":"Si scrive \u201cse stesso\u201d o \u201cs\u00e9 stesso\u201d? - L&#039;italiano corretto","robots":{"index":"index","follow":"follow","max-snippet":"max-snippet:-1","max-image-preview":"max-image-preview:large","max-video-preview":"max-video-preview:-1"},"canonical":"https:\/\/siti.italofonia.info\/italianocorretto\/2019\/08\/13\/si-scrive-se-stesso-o-se-stesso\/","og_locale":"it_IT","og_type":"article","og_title":"Si scrive \u201cse stesso\u201d o \u201cs\u00e9 stesso\u201d? - L&#039;italiano corretto","og_description":"Si scrive \u201cse stesso\u201d o \u201cs\u00e9 stesso\u201d? \u25a0 Meglio scrivere s\u00e9 stesso o se stesso? \u25a0 Si pu\u00f2 omettere l\u2019accento di s\u00e9? \u25a0 \u00c8 logico omettere l\u2019accento di s\u00e9 davanti a stesso e medesimo? \u25a0 Perch\u00e9 nel Novecento si \u00e8 affermata la regola che \u201cse stesso\u201d si scrivesse con l\u2019accento, ma oggi \u00e8 stata messa in discussione? \u25a0 Alessandro Manzoni come scriveva \u201cs\u00e9 stesso\u201d? \u25a0 Quali sono le indicazioni dei principali dizionari per scrivere \u201cs\u00e9 stesso\u201d? Nei monosillabi, in linea di massima, si mette l\u2019accento quando esistono degli \u201cequivoci\u201d che li possono far confondere con altri dal diverso significato (d\u00e0 verbo e da preposizione, s\u00ec affermativo e si riflessivo\u2026","og_url":"https:\/\/siti.italofonia.info\/italianocorretto\/2019\/08\/13\/si-scrive-se-stesso-o-se-stesso\/","og_site_name":"L&#039;italiano corretto","article_published_time":"2019-08-13T10:45:06+00:00","og_image":[{"url":"https:\/\/siti.italofonia.info\/italianocorretto\/wp-content\/uploads\/sites\/4\/2019\/08\/pronomi.jpg?w=801","type":"","width":"","height":""}],"author":"zoppaz","twitter_card":"summary_large_image","twitter_misc":{"Scritto da":"zoppaz","Tempo di lettura stimato":"4 minuti"},"schema":{"@context":"https:\/\/schema.org","@graph":[{"@type":"Article","@id":"https:\/\/siti.italofonia.info\/italianocorretto\/2019\/08\/13\/si-scrive-se-stesso-o-se-stesso\/#article","isPartOf":{"@id":"https:\/\/siti.italofonia.info\/italianocorretto\/2019\/08\/13\/si-scrive-se-stesso-o-se-stesso\/"},"author":{"name":"zoppaz","@id":"https:\/\/siti.italofonia.info\/italianocorretto\/#\/schema\/person\/a6d92c06412f28fdf127fffa49ded6fb"},"headline":"Si scrive \u201cse stesso\u201d o \u201cs\u00e9 stesso\u201d?","datePublished":"2019-08-13T10:45:06+00:00","mainEntityOfPage":{"@id":"https:\/\/siti.italofonia.info\/italianocorretto\/2019\/08\/13\/si-scrive-se-stesso-o-se-stesso\/"},"wordCount":811,"commentCount":0,"publisher":{"@id":"https:\/\/siti.italofonia.info\/italianocorretto\/#organization"},"image":{"@id":"https:\/\/siti.italofonia.info\/italianocorretto\/2019\/08\/13\/si-scrive-se-stesso-o-se-stesso\/#primaryimage"},"thumbnailUrl":"https:\/\/siti.italofonia.info\/italianocorretto\/wp-content\/uploads\/sites\/4\/2019\/08\/pronomi.jpg?w=801","keywords":["Dubbi?"],"articleSection":["Pronomi"],"inLanguage":"it-IT","potentialAction":[{"@type":"CommentAction","name":"Comment","target":["https:\/\/siti.italofonia.info\/italianocorretto\/2019\/08\/13\/si-scrive-se-stesso-o-se-stesso\/#respond"]}]},{"@type":"WebPage","@id":"https:\/\/siti.italofonia.info\/italianocorretto\/2019\/08\/13\/si-scrive-se-stesso-o-se-stesso\/","url":"https:\/\/siti.italofonia.info\/italianocorretto\/2019\/08\/13\/si-scrive-se-stesso-o-se-stesso\/","name":"Si scrive \u201cse stesso\u201d o \u201cs\u00e9 stesso\u201d? - L&#039;italiano corretto","isPartOf":{"@id":"https:\/\/siti.italofonia.info\/italianocorretto\/#website"},"primaryImageOfPage":{"@id":"https:\/\/siti.italofonia.info\/italianocorretto\/2019\/08\/13\/si-scrive-se-stesso-o-se-stesso\/#primaryimage"},"image":{"@id":"https:\/\/siti.italofonia.info\/italianocorretto\/2019\/08\/13\/si-scrive-se-stesso-o-se-stesso\/#primaryimage"},"thumbnailUrl":"https:\/\/siti.italofonia.info\/italianocorretto\/wp-content\/uploads\/sites\/4\/2019\/08\/pronomi.jpg?w=801","datePublished":"2019-08-13T10:45:06+00:00","breadcrumb":{"@id":"https:\/\/siti.italofonia.info\/italianocorretto\/2019\/08\/13\/si-scrive-se-stesso-o-se-stesso\/#breadcrumb"},"inLanguage":"it-IT","potentialAction":[{"@type":"ReadAction","target":["https:\/\/siti.italofonia.info\/italianocorretto\/2019\/08\/13\/si-scrive-se-stesso-o-se-stesso\/"]}]},{"@type":"ImageObject","inLanguage":"it-IT","@id":"https:\/\/siti.italofonia.info\/italianocorretto\/2019\/08\/13\/si-scrive-se-stesso-o-se-stesso\/#primaryimage","url":"https:\/\/siti.italofonia.info\/italianocorretto\/wp-content\/uploads\/sites\/4\/2019\/08\/pronomi.jpg?w=801","contentUrl":"https:\/\/siti.italofonia.info\/italianocorretto\/wp-content\/uploads\/sites\/4\/2019\/08\/pronomi.jpg?w=801"},{"@type":"BreadcrumbList","@id":"https:\/\/siti.italofonia.info\/italianocorretto\/2019\/08\/13\/si-scrive-se-stesso-o-se-stesso\/#breadcrumb","itemListElement":[{"@type":"ListItem","position":1,"name":"Home","item":"https:\/\/siti.italofonia.info\/italianocorretto\/"},{"@type":"ListItem","position":2,"name":"Si scrive \u201cse stesso\u201d o \u201cs\u00e9 stesso\u201d?"}]},{"@type":"WebSite","@id":"https:\/\/siti.italofonia.info\/italianocorretto\/#website","url":"https:\/\/siti.italofonia.info\/italianocorretto\/","name":"L&#039;italiano corretto","description":"La grammatica e le risposte ai dubbi pi\u00f9 diffusi","publisher":{"@id":"https:\/\/siti.italofonia.info\/italianocorretto\/#organization"},"potentialAction":[{"@type":"SearchAction","target":{"@type":"EntryPoint","urlTemplate":"https:\/\/siti.italofonia.info\/italianocorretto\/?s={search_term_string}"},"query-input":{"@type":"PropertyValueSpecification","valueRequired":true,"valueName":"search_term_string"}}],"inLanguage":"it-IT"},{"@type":"Organization","@id":"https:\/\/siti.italofonia.info\/italianocorretto\/#organization","name":"L&#039;italiano corretto","url":"https:\/\/siti.italofonia.info\/italianocorretto\/","logo":{"@type":"ImageObject","inLanguage":"it-IT","@id":"https:\/\/siti.italofonia.info\/italianocorretto\/#\/schema\/logo\/image\/","url":"https:\/\/siti.italofonia.info\/italianocorretto\/wp-content\/uploads\/sites\/4\/2021\/05\/cropped-logo-quadrato-itacorretto.jpg","contentUrl":"https:\/\/siti.italofonia.info\/italianocorretto\/wp-content\/uploads\/sites\/4\/2021\/05\/cropped-logo-quadrato-itacorretto.jpg","width":248,"height":248,"caption":"L&#039;italiano corretto"},"image":{"@id":"https:\/\/siti.italofonia.info\/italianocorretto\/#\/schema\/logo\/image\/"}},{"@type":"Person","@id":"https:\/\/siti.italofonia.info\/italianocorretto\/#\/schema\/person\/a6d92c06412f28fdf127fffa49ded6fb","name":"zoppaz","image":{"@type":"ImageObject","inLanguage":"it-IT","@id":"https:\/\/siti.italofonia.info\/italianocorretto\/#\/schema\/person\/image\/","url":"https:\/\/secure.gravatar.com\/avatar\/3896f9315ea10bdf8cd42b87b6ade87c6e815a39e4846b4badb0394ff75411f8?s=96&d=mm&r=g","contentUrl":"https:\/\/secure.gravatar.com\/avatar\/3896f9315ea10bdf8cd42b87b6ade87c6e815a39e4846b4badb0394ff75411f8?s=96&d=mm&r=g","caption":"zoppaz"},"url":"https:\/\/siti.italofonia.info\/italianocorretto\/author\/zoppaz\/"}]}},"jetpack_featured_media_url":"","jetpack_sharing_enabled":true,"amp_enabled":true,"_links":{"self":[{"href":"https:\/\/siti.italofonia.info\/italianocorretto\/wp-json\/wp\/v2\/posts\/1092","targetHints":{"allow":["GET"]}}],"collection":[{"href":"https:\/\/siti.italofonia.info\/italianocorretto\/wp-json\/wp\/v2\/posts"}],"about":[{"href":"https:\/\/siti.italofonia.info\/italianocorretto\/wp-json\/wp\/v2\/types\/post"}],"author":[{"embeddable":true,"href":"https:\/\/siti.italofonia.info\/italianocorretto\/wp-json\/wp\/v2\/users\/2"}],"replies":[{"embeddable":true,"href":"https:\/\/siti.italofonia.info\/italianocorretto\/wp-json\/wp\/v2\/comments?post=1092"}],"version-history":[{"count":0,"href":"https:\/\/siti.italofonia.info\/italianocorretto\/wp-json\/wp\/v2\/posts\/1092\/revisions"}],"wp:attachment":[{"href":"https:\/\/siti.italofonia.info\/italianocorretto\/wp-json\/wp\/v2\/media?parent=1092"}],"wp:term":[{"taxonomy":"category","embeddable":true,"href":"https:\/\/siti.italofonia.info\/italianocorretto\/wp-json\/wp\/v2\/categories?post=1092"},{"taxonomy":"post_tag","embeddable":true,"href":"https:\/\/siti.italofonia.info\/italianocorretto\/wp-json\/wp\/v2\/tags?post=1092"}],"curies":[{"name":"wp","href":"https:\/\/api.w.org\/{rel}","templated":true}]}}