{"id":506,"date":"2019-08-08T12:39:01","date_gmt":"2019-08-08T10:39:01","guid":{"rendered":"https:\/\/lagrammaticaitaliana.wordpress.com\/?p=506"},"modified":"2023-03-22T13:40:47","modified_gmt":"2023-03-22T12:40:47","slug":"il-congiuntivo-e-i-suoi-tempi","status":"publish","type":"post","link":"https:\/\/siti.italofonia.info\/italianocorretto\/2019\/08\/08\/il-congiuntivo-e-i-suoi-tempi\/","title":{"rendered":"Il congiuntivo e i suoi tempi"},"content":{"rendered":"\n<figure class=\"wp-block-image size-large\"><img loading=\"lazy\" decoding=\"async\" width=\"801\" height=\"168\" src=\"https:\/\/siti.italofonia.info\/italianocorretto\/wp-content\/uploads\/sites\/4\/2019\/08\/verbi.jpg?w=801\" alt=\"\" class=\"wp-image-483\" srcset=\"https:\/\/siti.italofonia.info\/italianocorretto\/wp-content\/uploads\/sites\/4\/2019\/08\/verbi.jpg 801w, https:\/\/siti.italofonia.info\/italianocorretto\/wp-content\/uploads\/sites\/4\/2019\/08\/verbi-300x63.jpg 300w, https:\/\/siti.italofonia.info\/italianocorretto\/wp-content\/uploads\/sites\/4\/2019\/08\/verbi-768x161.jpg 768w\" sizes=\"auto, (max-width: 801px) 100vw, 801px\" \/><\/figure>\n\n\n\n<p class=\"has-light-blue-background-color has-background\" style=\"font-size:12px\">\u25a0 Quando si usa il congiuntivo? \u25a0 Quali sono i tempi del congiuntivo? \u25a0 Quando si usa il congiuntivo presente? \u25a0 Quando si usa il congiuntivo imperfetto?  \u25a0 Il congiuntivo imperfetto ha solo un valore passato? \u25a0 Quando si usa il congiuntivo passato? \u25a0 Quando si usa il congiuntivo trapassato?  \u25a0 Quali sono esempi di frasi con il congiuntivo imperfetto? \u25a0 Quali sono esempi di frasi con il congiuntivo trapassato?  \u25a0 Quali sono esempi di frasi con il congiuntivo passato?  \u25a0 Che differenza c&#8217;\u00e8 tra il congiuntivo e l&#8217;indicativo?  \u25a0 Che differenza c&#8217;\u00e8 tra il congiuntivo e il condizionale?  \u25a0 Quanti tempi possiede il congiuntivo?  \u25a0 Quali sono i tempi composti del congiuntivo? <\/p>\n\n\n<div class=\"wp-block-image\">\n<figure class=\"alignleft size-large\"><img loading=\"lazy\" decoding=\"async\" width=\"303\" height=\"367\" src=\"https:\/\/siti.italofonia.info\/italianocorretto\/wp-content\/uploads\/sites\/4\/2019\/08\/congiuntivo.jpg\" alt=\"\" class=\"wp-image-507\" srcset=\"https:\/\/siti.italofonia.info\/italianocorretto\/wp-content\/uploads\/sites\/4\/2019\/08\/congiuntivo.jpg 303w, https:\/\/siti.italofonia.info\/italianocorretto\/wp-content\/uploads\/sites\/4\/2019\/08\/congiuntivo-248x300.jpg 248w\" sizes=\"auto, (max-width: 303px) 100vw, 303px\" \/><\/figure><\/div>\n\n\n<p>Il congiuntivo \u00e8 uno dei <a href=\"https:\/\/siti.italofonia.info\/italianocorretto\/2019\/07\/25\/modi-e-tempi-dei-verbi\/\" target=\"_blank\" rel=\"noreferrer noopener\" aria-label=\"modi (apre in una nuova scheda)\">modi<\/a> pi\u00f9 complessi, tra le forme verbali, e spesso si sbaglia, si confonde con il condizionale o genera mille dubbi, paure e insicurezze.<\/p>\n\n\n\n<p>In linea di massima, si pu\u00f2 dire che mentre il modo <a href=\"https:\/\/siti.italofonia.info\/italianocorretto\/2019\/07\/25\/il-modo-indicativo-e-i-suoi-tempi\/\" target=\"_blank\" rel=\"noreferrer noopener\" aria-label=\"indicativo (apre in una nuova scheda)\">indicativo<\/a> si usa per esprimere cose certe e vere (il mondo della certezza), il <strong>congiuntivo \u00e8 il modo della possibilit\u00e0<\/strong>: si usa per esprimere i dubbi e le azioni che sono possibili o impossibili. <\/p>\n\n\n\n<p>I tempi del congiuntivo sono quattro, due semplici (<em>presente <\/em>e <em>imperfetto<\/em>) e due composti (<em>passato <\/em>e <em>trapassato<\/em>).<\/p>\n\n\n\n<h2 class=\"wp-block-heading\">Presente<\/h2>\n\n\n\n<p>Il <strong>congiuntivo presente<\/strong> (es. <em>che io ami<\/em>) si usa per esempio:<br> <br> \u25cf nelle frasi dipendenti per esprimere la contemporaneit\u00e0 con la principale al presente (<em>mi fa piacere che<\/em> <em>tu <\/em><strong>vada<\/strong>; <em>spero che <\/em><strong>sia <\/strong><em>giusto<\/em>);<br> \u25cf nelle frasi indipendenti per esprimere un dubbio, un augurio o un ordine nel presente (<em>che <\/em><strong>sia <\/strong><em>giusto? Che Dio ti <\/em><strong>aiuti<\/strong><em>! Che si <\/em><strong>inchini <\/strong><em>davanti al re!<\/em>).<\/p>\n\n\n\n<h2 class=\"wp-block-heading\">Imperfetto<\/h2>\n\n\n\n<p>Il <strong>congiuntivo imperfetto<\/strong> (es. <em>che io amassi<\/em>) si usa nelle <strong>frasi dipendenti<\/strong> per esempio:<br> <br> \u25cf per indicare la contemporaneit\u00e0 al passato con la principale (<em>ieri <\/em><strong>pensavo <\/strong><em>che tu <\/em><strong>andassi <\/strong><em>al mare<\/em>);<br> \u25cf per un\u2019azione anteriore a quella della principa<em>le (oggi penso che a quel tempo tu <\/em><strong>andassi <\/strong><em>a scuola<\/em>);<br> \u25cf spesso quando nella principale c\u2019\u00e8 il condizionale (<em>mi <strong>piacerebbe <\/strong>\u2192 che tu <\/em><strong>andassi<\/strong>; <em><strong>mangerei <\/strong>\u2192 se tu <\/em><strong>cucinassi<\/strong>), e sempre nel caso ci sia un <em>condizionale di volont\u00e0<\/em> o <em>di desiderio<\/em>, per cui si dice: <strong>voglio <\/strong>(indicativo presente) <em>\u2192 che <\/em><strong>sia<\/strong> (presente), ma <strong>vorrei <\/strong>(o <em>mi piacerebbe<\/em>: condizionale di desiderio) <em>\u2192 che <\/em><strong>fosse<\/strong> (vedi anche \u2192 &#8220;<a rel=\"noreferrer noopener\" aria-label=\"Voglio che sia ma vorrei che fosse (apre in una nuova scheda)\" href=\"https:\/\/siti.italofonia.info\/italianocorretto\/2019\/08\/08\/voglio-che-sia-ma-vorrei-che-fosse\/\" target=\"_blank\">Voglio che sia ma vorrei che fosse<\/a>&#8220;). <\/p>\n\n\n<div class=\"wp-block-image\">\n<figure class=\"alignleft size-large\"><img loading=\"lazy\" decoding=\"async\" width=\"107\" height=\"84\" src=\"https:\/\/siti.italofonia.info\/italianocorretto\/wp-content\/uploads\/sites\/4\/2019\/08\/dito-nota-bene-100.jpg?w=107\" alt=\"\" class=\"wp-image-185\" \/><\/figure><\/div>\n\n\n<p class=\"has-light-gray-background-color has-background\"> Mentre nel modo <a href=\"https:\/\/siti.italofonia.info\/italianocorretto\/2019\/07\/25\/il-modo-indicativo-e-i-suoi-tempi\/\" target=\"_blank\" rel=\"noreferrer noopener\" aria-label=\"indicativo (apre in una nuova scheda)\">indicativo<\/a> l&#8217;imperfetto ha sempre e solo un valore passato, bisogna tenere presente che nelle <strong>frasi indipendenti<\/strong> il <strong>congiuntivo imperfetto<\/strong> non ha affatto necessariamente un valore di passato, ma si pu\u00f2 usare anche per indicare qualcosa che deve ancora realizzarsi, con un valore futuro, e pu\u00f2 esprimere per esempio un dubbio, un augurio o un desiderio: <em>magari <\/em><strong>vincessi<\/strong> <em>il primo premio<\/em>! <\/p>\n\n\n\n<h2 class=\"wp-block-heading\">Passato<\/h2>\n\n\n\n<p> Il <strong>congiuntivo passato<\/strong> (es. <em>che io abbia amato<\/em>) si forma con il congiuntivo presente del verbo ausiliare + il <a href=\"https:\/\/siti.italofonia.info\/italianocorretto\/2019\/08\/08\/il-modo-participio\/\" target=\"_blank\" rel=\"noreferrer noopener\" aria-label=\"participio (apre in una nuova scheda)\">participio<\/a> passato, e si usa: <br> <br> \u25cf nelle frasi dipendenti per indicare un\u2019anteriorit\u00e0 rispetto a ci\u00f2 che \u00e8 espresso nella principale (<em>penso che ieri tu <\/em><strong>sia andato<\/strong><em> al mare<\/em>);<br> \u25cf nelle frasi indipendenti per dubbi e possibilit\u00e0 riferiti al passato (<em>che ieri <\/em><strong>sia uscito<\/strong><em>?<\/em>). <\/p>\n\n\n\n<h2 class=\"wp-block-heading\">Trapassato<\/h2>\n\n\n\n<p>Il <strong>congiuntivo trapassato<\/strong> (es. <em>che io avessi amato<\/em>) si forma con il congiuntivo imperfetto del verbo ausiliare + il <a rel=\"noreferrer noopener\" aria-label=\"participio (apre in una nuova scheda)\" href=\"https:\/\/siti.italofonia.info\/italianocorretto\/2019\/08\/08\/il-modo-participio\/\" target=\"_blank\">participio<\/a> passato, e si usa:<br><br> \u25cf nelle frasi <strong>dipendenti <\/strong>per indicare un\u2019azione anteriore a un\u2019altra avvenuta nel passato (<strong>pensavo <\/strong><em>che tu <\/em><strong>fossi uscito<\/strong>);<br> \u25cf nelle frasi <strong>indipendenti <\/strong>per dubbi e possibilit\u00e0 che non si sono realizzati (<em>magari <\/em><strong>avessi frequentato<\/strong><em><strong> <\/strong>la scuola<\/em>! <em>Ah, se non <\/em><strong>avessi abbandonato<\/strong> <em>la scuola<\/em>!).<\/p>\n\n\n\n<p class=\"has-dark-gray-color has-light-gray-background-color has-text-color has-background has-normal-font-size\">Vedi anche<br>\u2192 &#8220;<a rel=\"noreferrer noopener\" aria-label=\"Il congiuntivo nelle frasi autonome (apre in una nuova scheda)\" href=\"https:\/\/siti.italofonia.info\/italianocorretto\/2019\/08\/08\/il-congiuntivo-nelle-frasi-autonome\/\" target=\"_blank\">Il congiuntivo nelle frasi autonome<\/a>&#8220;<br>\u2192 &#8220;<a rel=\"noreferrer noopener\" aria-label=\"Il congiuntivo nelle subordinate (apre in una nuova scheda)\" href=\"https:\/\/siti.italofonia.info\/italianocorretto\/2019\/08\/08\/il-congiuntivo-nelle-subordinate\/\" target=\"_blank\">Il congiuntivo nelle subordinate<\/a>&#8220;<br>\u2192 &#8220;<a rel=\"noreferrer noopener\" aria-label=\"Congiuntivo: come evitare la sindrome di Fantozz (apre in una nuova scheda)\" href=\"https:\/\/siti.italofonia.info\/italianocorretto\/2019\/08\/08\/congiuntivo-come-evitare-la-sindrome-di-fantozzi\/\" target=\"_blank\">Congiuntivo: come evitare la s<em>indrome di Fantozz<\/em><\/a><em>i<\/em>&#8220;<br>\u2192 &#8220;<a rel=\"noreferrer noopener\" aria-label=\"Penso che \u00e8 o penso che sia? Dubbi sul congiuntivo (apre in una nuova scheda)\" href=\"https:\/\/siti.italofonia.info\/italianocorretto\/2019\/08\/08\/penso-che-e-o-penso-che-sia-dubbi-sul-congiuntivo\/\" target=\"_blank\"><em>Penso che \u00e8<\/em> o <em>penso che sia<\/em>? Dubbi sul congiuntivo<\/a>&#8220;<br>\u2192 &#8220;<a rel=\"noreferrer noopener\" aria-label=\"Voglio che sia ma vorrei che fosse (apre in una nuova scheda)\" href=\"https:\/\/siti.italofonia.info\/italianocorretto\/2019\/08\/08\/voglio-che-sia-ma-vorrei-che-fosse\/\" target=\"_blank\"><em>Voglio che sia<\/em> ma <em>vorrei che fosse<\/em><\/a>&#8220;<br>\u2192 &#8220;<a rel=\"noreferrer noopener\" aria-label=\"Congiuntivo o indicativo? Attenzione alle negazioni (apre in una nuova scheda)\" href=\"https:\/\/siti.italofonia.info\/italianocorretto\/2019\/08\/08\/congiuntivo-o-indicativo-attenzione-alle-negazioni\/\" target=\"_blank\">Congiuntivo o indicativo? Attenzione alle negazioni<\/a>&#8220;<br>\u2192 &#8220;Condizionale: si pu\u00f2 dire <em>se sarebbe<\/em>?&#8221;<\/p>\n\n\n\n<p><br><br><\/p>\n","protected":false},"excerpt":{"rendered":"<p>\u25a0 Quando si usa il congiuntivo? \u25a0 Quali sono i tempi del congiuntivo? \u25a0 Quando si usa il congiuntivo presente? \u25a0 Quando si usa il congiuntivo imperfetto? \u25a0 Il congiuntivo imperfetto ha solo un valore passato? \u25a0 Quando si usa il congiuntivo passato? \u25a0 Quando si usa il congiuntivo trapassato? \u25a0 Quali sono esempi di frasi con il congiuntivo imperfetto? \u25a0 Quali sono esempi di frasi con il congiuntivo trapassato? \u25a0 Quali sono esempi di frasi con il congiuntivo passato? \u25a0 Che differenza c\u2019\u00e8 tra il congiuntivo e l\u2019indicativo? \u25a0 Che differenza c\u2019\u00e8 tra il congiuntivo e il condizionale? \u25a0 Quanti tempi possiede il congiuntivo? \u25a0 Quali sono i tempi composti del congiuntivo?<\/p>\n","protected":false},"author":2,"featured_media":0,"comment_status":"open","ping_status":"open","sticky":false,"template":"","format":"standard","meta":{"_jetpack_memberships_contains_paid_content":false,"footnotes":""},"categories":[18,20,17],"tags":[],"class_list":["post-506","post","type-post","status-publish","format-standard","hentry","category-congiuntivi","category-modi-e-tempi-verbali","category-verbi"],"yoast_head":"<!-- This site is optimized with the Yoast SEO plugin v25.9 - https:\/\/yoast.com\/wordpress\/plugins\/seo\/ -->\n<title>Il congiuntivo e i suoi tempi - L&#039;italiano corretto<\/title>\n<meta name=\"robots\" content=\"index, follow, max-snippet:-1, max-image-preview:large, max-video-preview:-1\" \/>\n<link rel=\"canonical\" href=\"https:\/\/siti.italofonia.info\/italianocorretto\/2019\/08\/08\/il-congiuntivo-e-i-suoi-tempi\/\" \/>\n<meta property=\"og:locale\" content=\"it_IT\" \/>\n<meta property=\"og:type\" content=\"article\" \/>\n<meta property=\"og:title\" content=\"Il congiuntivo e i suoi tempi - L&#039;italiano corretto\" \/>\n<meta property=\"og:description\" content=\"\u25a0 Quando si usa il congiuntivo? \u25a0 Quali sono i tempi del congiuntivo? \u25a0 Quando si usa il congiuntivo presente? \u25a0 Quando si usa il congiuntivo imperfetto? \u25a0 Il congiuntivo imperfetto ha solo un valore passato? \u25a0 Quando si usa il congiuntivo passato? \u25a0 Quando si usa il congiuntivo trapassato? \u25a0 Quali sono esempi di frasi con il congiuntivo imperfetto? \u25a0 Quali sono esempi di frasi con il congiuntivo trapassato? \u25a0 Quali sono esempi di frasi con il congiuntivo passato? \u25a0 Che differenza c\u2019\u00e8 tra il congiuntivo e l\u2019indicativo? \u25a0 Che differenza c\u2019\u00e8 tra il congiuntivo e il condizionale? \u25a0 Quanti tempi possiede il congiuntivo? \u25a0 Quali sono i tempi composti del congiuntivo?\" \/>\n<meta property=\"og:url\" content=\"https:\/\/siti.italofonia.info\/italianocorretto\/2019\/08\/08\/il-congiuntivo-e-i-suoi-tempi\/\" \/>\n<meta property=\"og:site_name\" content=\"L&#039;italiano corretto\" \/>\n<meta property=\"article:published_time\" content=\"2019-08-08T10:39:01+00:00\" \/>\n<meta property=\"article:modified_time\" content=\"2023-03-22T12:40:47+00:00\" \/>\n<meta property=\"og:image\" content=\"https:\/\/siti.italofonia.info\/italianocorretto\/wp-content\/uploads\/sites\/4\/2019\/08\/verbi.jpg?w=801\" \/>\n<meta name=\"author\" content=\"zoppaz\" \/>\n<meta name=\"twitter:card\" content=\"summary_large_image\" \/>\n<meta name=\"twitter:label1\" content=\"Scritto da\" \/>\n\t<meta name=\"twitter:data1\" content=\"zoppaz\" \/>\n\t<meta name=\"twitter:label2\" content=\"Tempo di lettura stimato\" \/>\n\t<meta name=\"twitter:data2\" content=\"4 minuti\" \/>\n<script type=\"application\/ld+json\" class=\"yoast-schema-graph\">{\"@context\":\"https:\/\/schema.org\",\"@graph\":[{\"@type\":\"Article\",\"@id\":\"https:\/\/siti.italofonia.info\/italianocorretto\/2019\/08\/08\/il-congiuntivo-e-i-suoi-tempi\/#article\",\"isPartOf\":{\"@id\":\"https:\/\/siti.italofonia.info\/italianocorretto\/2019\/08\/08\/il-congiuntivo-e-i-suoi-tempi\/\"},\"author\":{\"name\":\"zoppaz\",\"@id\":\"https:\/\/siti.italofonia.info\/italianocorretto\/#\/schema\/person\/a6d92c06412f28fdf127fffa49ded6fb\"},\"headline\":\"Il congiuntivo e i suoi tempi\",\"datePublished\":\"2019-08-08T10:39:01+00:00\",\"dateModified\":\"2023-03-22T12:40:47+00:00\",\"mainEntityOfPage\":{\"@id\":\"https:\/\/siti.italofonia.info\/italianocorretto\/2019\/08\/08\/il-congiuntivo-e-i-suoi-tempi\/\"},\"wordCount\":600,\"commentCount\":0,\"publisher\":{\"@id\":\"https:\/\/siti.italofonia.info\/italianocorretto\/#organization\"},\"image\":{\"@id\":\"https:\/\/siti.italofonia.info\/italianocorretto\/2019\/08\/08\/il-congiuntivo-e-i-suoi-tempi\/#primaryimage\"},\"thumbnailUrl\":\"https:\/\/siti.italofonia.info\/italianocorretto\/wp-content\/uploads\/sites\/4\/2019\/08\/verbi.jpg?w=801\",\"articleSection\":[\"Congiuntivi\",\"Modi e tempi verbali\",\"Verbi\"],\"inLanguage\":\"it-IT\",\"potentialAction\":[{\"@type\":\"CommentAction\",\"name\":\"Comment\",\"target\":[\"https:\/\/siti.italofonia.info\/italianocorretto\/2019\/08\/08\/il-congiuntivo-e-i-suoi-tempi\/#respond\"]}]},{\"@type\":\"WebPage\",\"@id\":\"https:\/\/siti.italofonia.info\/italianocorretto\/2019\/08\/08\/il-congiuntivo-e-i-suoi-tempi\/\",\"url\":\"https:\/\/siti.italofonia.info\/italianocorretto\/2019\/08\/08\/il-congiuntivo-e-i-suoi-tempi\/\",\"name\":\"Il congiuntivo e i suoi tempi - L&#039;italiano corretto\",\"isPartOf\":{\"@id\":\"https:\/\/siti.italofonia.info\/italianocorretto\/#website\"},\"primaryImageOfPage\":{\"@id\":\"https:\/\/siti.italofonia.info\/italianocorretto\/2019\/08\/08\/il-congiuntivo-e-i-suoi-tempi\/#primaryimage\"},\"image\":{\"@id\":\"https:\/\/siti.italofonia.info\/italianocorretto\/2019\/08\/08\/il-congiuntivo-e-i-suoi-tempi\/#primaryimage\"},\"thumbnailUrl\":\"https:\/\/siti.italofonia.info\/italianocorretto\/wp-content\/uploads\/sites\/4\/2019\/08\/verbi.jpg?w=801\",\"datePublished\":\"2019-08-08T10:39:01+00:00\",\"dateModified\":\"2023-03-22T12:40:47+00:00\",\"breadcrumb\":{\"@id\":\"https:\/\/siti.italofonia.info\/italianocorretto\/2019\/08\/08\/il-congiuntivo-e-i-suoi-tempi\/#breadcrumb\"},\"inLanguage\":\"it-IT\",\"potentialAction\":[{\"@type\":\"ReadAction\",\"target\":[\"https:\/\/siti.italofonia.info\/italianocorretto\/2019\/08\/08\/il-congiuntivo-e-i-suoi-tempi\/\"]}]},{\"@type\":\"ImageObject\",\"inLanguage\":\"it-IT\",\"@id\":\"https:\/\/siti.italofonia.info\/italianocorretto\/2019\/08\/08\/il-congiuntivo-e-i-suoi-tempi\/#primaryimage\",\"url\":\"https:\/\/siti.italofonia.info\/italianocorretto\/wp-content\/uploads\/sites\/4\/2019\/08\/verbi.jpg\",\"contentUrl\":\"https:\/\/siti.italofonia.info\/italianocorretto\/wp-content\/uploads\/sites\/4\/2019\/08\/verbi.jpg\",\"width\":801,\"height\":168},{\"@type\":\"BreadcrumbList\",\"@id\":\"https:\/\/siti.italofonia.info\/italianocorretto\/2019\/08\/08\/il-congiuntivo-e-i-suoi-tempi\/#breadcrumb\",\"itemListElement\":[{\"@type\":\"ListItem\",\"position\":1,\"name\":\"Home\",\"item\":\"https:\/\/siti.italofonia.info\/italianocorretto\/\"},{\"@type\":\"ListItem\",\"position\":2,\"name\":\"Il congiuntivo e i suoi tempi\"}]},{\"@type\":\"WebSite\",\"@id\":\"https:\/\/siti.italofonia.info\/italianocorretto\/#website\",\"url\":\"https:\/\/siti.italofonia.info\/italianocorretto\/\",\"name\":\"L&#039;italiano corretto\",\"description\":\"La grammatica e le risposte ai dubbi pi\u00f9 diffusi\",\"publisher\":{\"@id\":\"https:\/\/siti.italofonia.info\/italianocorretto\/#organization\"},\"potentialAction\":[{\"@type\":\"SearchAction\",\"target\":{\"@type\":\"EntryPoint\",\"urlTemplate\":\"https:\/\/siti.italofonia.info\/italianocorretto\/?s={search_term_string}\"},\"query-input\":{\"@type\":\"PropertyValueSpecification\",\"valueRequired\":true,\"valueName\":\"search_term_string\"}}],\"inLanguage\":\"it-IT\"},{\"@type\":\"Organization\",\"@id\":\"https:\/\/siti.italofonia.info\/italianocorretto\/#organization\",\"name\":\"L&#039;italiano corretto\",\"url\":\"https:\/\/siti.italofonia.info\/italianocorretto\/\",\"logo\":{\"@type\":\"ImageObject\",\"inLanguage\":\"it-IT\",\"@id\":\"https:\/\/siti.italofonia.info\/italianocorretto\/#\/schema\/logo\/image\/\",\"url\":\"https:\/\/siti.italofonia.info\/italianocorretto\/wp-content\/uploads\/sites\/4\/2021\/05\/cropped-logo-quadrato-itacorretto.jpg\",\"contentUrl\":\"https:\/\/siti.italofonia.info\/italianocorretto\/wp-content\/uploads\/sites\/4\/2021\/05\/cropped-logo-quadrato-itacorretto.jpg\",\"width\":248,\"height\":248,\"caption\":\"L&#039;italiano corretto\"},\"image\":{\"@id\":\"https:\/\/siti.italofonia.info\/italianocorretto\/#\/schema\/logo\/image\/\"}},{\"@type\":\"Person\",\"@id\":\"https:\/\/siti.italofonia.info\/italianocorretto\/#\/schema\/person\/a6d92c06412f28fdf127fffa49ded6fb\",\"name\":\"zoppaz\",\"image\":{\"@type\":\"ImageObject\",\"inLanguage\":\"it-IT\",\"@id\":\"https:\/\/siti.italofonia.info\/italianocorretto\/#\/schema\/person\/image\/\",\"url\":\"https:\/\/secure.gravatar.com\/avatar\/3896f9315ea10bdf8cd42b87b6ade87c6e815a39e4846b4badb0394ff75411f8?s=96&d=mm&r=g\",\"contentUrl\":\"https:\/\/secure.gravatar.com\/avatar\/3896f9315ea10bdf8cd42b87b6ade87c6e815a39e4846b4badb0394ff75411f8?s=96&d=mm&r=g\",\"caption\":\"zoppaz\"},\"url\":\"https:\/\/siti.italofonia.info\/italianocorretto\/author\/zoppaz\/\"}]}<\/script>\n<!-- \/ Yoast SEO plugin. -->","yoast_head_json":{"title":"Il congiuntivo e i suoi tempi - L&#039;italiano corretto","robots":{"index":"index","follow":"follow","max-snippet":"max-snippet:-1","max-image-preview":"max-image-preview:large","max-video-preview":"max-video-preview:-1"},"canonical":"https:\/\/siti.italofonia.info\/italianocorretto\/2019\/08\/08\/il-congiuntivo-e-i-suoi-tempi\/","og_locale":"it_IT","og_type":"article","og_title":"Il congiuntivo e i suoi tempi - L&#039;italiano corretto","og_description":"\u25a0 Quando si usa il congiuntivo? \u25a0 Quali sono i tempi del congiuntivo? \u25a0 Quando si usa il congiuntivo presente? \u25a0 Quando si usa il congiuntivo imperfetto? \u25a0 Il congiuntivo imperfetto ha solo un valore passato? \u25a0 Quando si usa il congiuntivo passato? \u25a0 Quando si usa il congiuntivo trapassato? \u25a0 Quali sono esempi di frasi con il congiuntivo imperfetto? \u25a0 Quali sono esempi di frasi con il congiuntivo trapassato? \u25a0 Quali sono esempi di frasi con il congiuntivo passato? \u25a0 Che differenza c\u2019\u00e8 tra il congiuntivo e l\u2019indicativo? \u25a0 Che differenza c\u2019\u00e8 tra il congiuntivo e il condizionale? \u25a0 Quanti tempi possiede il congiuntivo? \u25a0 Quali sono i tempi composti del congiuntivo?","og_url":"https:\/\/siti.italofonia.info\/italianocorretto\/2019\/08\/08\/il-congiuntivo-e-i-suoi-tempi\/","og_site_name":"L&#039;italiano corretto","article_published_time":"2019-08-08T10:39:01+00:00","article_modified_time":"2023-03-22T12:40:47+00:00","og_image":[{"url":"https:\/\/siti.italofonia.info\/italianocorretto\/wp-content\/uploads\/sites\/4\/2019\/08\/verbi.jpg?w=801","type":"","width":"","height":""}],"author":"zoppaz","twitter_card":"summary_large_image","twitter_misc":{"Scritto da":"zoppaz","Tempo di lettura stimato":"4 minuti"},"schema":{"@context":"https:\/\/schema.org","@graph":[{"@type":"Article","@id":"https:\/\/siti.italofonia.info\/italianocorretto\/2019\/08\/08\/il-congiuntivo-e-i-suoi-tempi\/#article","isPartOf":{"@id":"https:\/\/siti.italofonia.info\/italianocorretto\/2019\/08\/08\/il-congiuntivo-e-i-suoi-tempi\/"},"author":{"name":"zoppaz","@id":"https:\/\/siti.italofonia.info\/italianocorretto\/#\/schema\/person\/a6d92c06412f28fdf127fffa49ded6fb"},"headline":"Il congiuntivo e i suoi tempi","datePublished":"2019-08-08T10:39:01+00:00","dateModified":"2023-03-22T12:40:47+00:00","mainEntityOfPage":{"@id":"https:\/\/siti.italofonia.info\/italianocorretto\/2019\/08\/08\/il-congiuntivo-e-i-suoi-tempi\/"},"wordCount":600,"commentCount":0,"publisher":{"@id":"https:\/\/siti.italofonia.info\/italianocorretto\/#organization"},"image":{"@id":"https:\/\/siti.italofonia.info\/italianocorretto\/2019\/08\/08\/il-congiuntivo-e-i-suoi-tempi\/#primaryimage"},"thumbnailUrl":"https:\/\/siti.italofonia.info\/italianocorretto\/wp-content\/uploads\/sites\/4\/2019\/08\/verbi.jpg?w=801","articleSection":["Congiuntivi","Modi e tempi verbali","Verbi"],"inLanguage":"it-IT","potentialAction":[{"@type":"CommentAction","name":"Comment","target":["https:\/\/siti.italofonia.info\/italianocorretto\/2019\/08\/08\/il-congiuntivo-e-i-suoi-tempi\/#respond"]}]},{"@type":"WebPage","@id":"https:\/\/siti.italofonia.info\/italianocorretto\/2019\/08\/08\/il-congiuntivo-e-i-suoi-tempi\/","url":"https:\/\/siti.italofonia.info\/italianocorretto\/2019\/08\/08\/il-congiuntivo-e-i-suoi-tempi\/","name":"Il congiuntivo e i suoi tempi - L&#039;italiano corretto","isPartOf":{"@id":"https:\/\/siti.italofonia.info\/italianocorretto\/#website"},"primaryImageOfPage":{"@id":"https:\/\/siti.italofonia.info\/italianocorretto\/2019\/08\/08\/il-congiuntivo-e-i-suoi-tempi\/#primaryimage"},"image":{"@id":"https:\/\/siti.italofonia.info\/italianocorretto\/2019\/08\/08\/il-congiuntivo-e-i-suoi-tempi\/#primaryimage"},"thumbnailUrl":"https:\/\/siti.italofonia.info\/italianocorretto\/wp-content\/uploads\/sites\/4\/2019\/08\/verbi.jpg?w=801","datePublished":"2019-08-08T10:39:01+00:00","dateModified":"2023-03-22T12:40:47+00:00","breadcrumb":{"@id":"https:\/\/siti.italofonia.info\/italianocorretto\/2019\/08\/08\/il-congiuntivo-e-i-suoi-tempi\/#breadcrumb"},"inLanguage":"it-IT","potentialAction":[{"@type":"ReadAction","target":["https:\/\/siti.italofonia.info\/italianocorretto\/2019\/08\/08\/il-congiuntivo-e-i-suoi-tempi\/"]}]},{"@type":"ImageObject","inLanguage":"it-IT","@id":"https:\/\/siti.italofonia.info\/italianocorretto\/2019\/08\/08\/il-congiuntivo-e-i-suoi-tempi\/#primaryimage","url":"https:\/\/siti.italofonia.info\/italianocorretto\/wp-content\/uploads\/sites\/4\/2019\/08\/verbi.jpg","contentUrl":"https:\/\/siti.italofonia.info\/italianocorretto\/wp-content\/uploads\/sites\/4\/2019\/08\/verbi.jpg","width":801,"height":168},{"@type":"BreadcrumbList","@id":"https:\/\/siti.italofonia.info\/italianocorretto\/2019\/08\/08\/il-congiuntivo-e-i-suoi-tempi\/#breadcrumb","itemListElement":[{"@type":"ListItem","position":1,"name":"Home","item":"https:\/\/siti.italofonia.info\/italianocorretto\/"},{"@type":"ListItem","position":2,"name":"Il congiuntivo e i suoi tempi"}]},{"@type":"WebSite","@id":"https:\/\/siti.italofonia.info\/italianocorretto\/#website","url":"https:\/\/siti.italofonia.info\/italianocorretto\/","name":"L&#039;italiano corretto","description":"La grammatica e le risposte ai dubbi pi\u00f9 diffusi","publisher":{"@id":"https:\/\/siti.italofonia.info\/italianocorretto\/#organization"},"potentialAction":[{"@type":"SearchAction","target":{"@type":"EntryPoint","urlTemplate":"https:\/\/siti.italofonia.info\/italianocorretto\/?s={search_term_string}"},"query-input":{"@type":"PropertyValueSpecification","valueRequired":true,"valueName":"search_term_string"}}],"inLanguage":"it-IT"},{"@type":"Organization","@id":"https:\/\/siti.italofonia.info\/italianocorretto\/#organization","name":"L&#039;italiano corretto","url":"https:\/\/siti.italofonia.info\/italianocorretto\/","logo":{"@type":"ImageObject","inLanguage":"it-IT","@id":"https:\/\/siti.italofonia.info\/italianocorretto\/#\/schema\/logo\/image\/","url":"https:\/\/siti.italofonia.info\/italianocorretto\/wp-content\/uploads\/sites\/4\/2021\/05\/cropped-logo-quadrato-itacorretto.jpg","contentUrl":"https:\/\/siti.italofonia.info\/italianocorretto\/wp-content\/uploads\/sites\/4\/2021\/05\/cropped-logo-quadrato-itacorretto.jpg","width":248,"height":248,"caption":"L&#039;italiano corretto"},"image":{"@id":"https:\/\/siti.italofonia.info\/italianocorretto\/#\/schema\/logo\/image\/"}},{"@type":"Person","@id":"https:\/\/siti.italofonia.info\/italianocorretto\/#\/schema\/person\/a6d92c06412f28fdf127fffa49ded6fb","name":"zoppaz","image":{"@type":"ImageObject","inLanguage":"it-IT","@id":"https:\/\/siti.italofonia.info\/italianocorretto\/#\/schema\/person\/image\/","url":"https:\/\/secure.gravatar.com\/avatar\/3896f9315ea10bdf8cd42b87b6ade87c6e815a39e4846b4badb0394ff75411f8?s=96&d=mm&r=g","contentUrl":"https:\/\/secure.gravatar.com\/avatar\/3896f9315ea10bdf8cd42b87b6ade87c6e815a39e4846b4badb0394ff75411f8?s=96&d=mm&r=g","caption":"zoppaz"},"url":"https:\/\/siti.italofonia.info\/italianocorretto\/author\/zoppaz\/"}]}},"jetpack_featured_media_url":"","jetpack_sharing_enabled":true,"amp_enabled":true,"_links":{"self":[{"href":"https:\/\/siti.italofonia.info\/italianocorretto\/wp-json\/wp\/v2\/posts\/506","targetHints":{"allow":["GET"]}}],"collection":[{"href":"https:\/\/siti.italofonia.info\/italianocorretto\/wp-json\/wp\/v2\/posts"}],"about":[{"href":"https:\/\/siti.italofonia.info\/italianocorretto\/wp-json\/wp\/v2\/types\/post"}],"author":[{"embeddable":true,"href":"https:\/\/siti.italofonia.info\/italianocorretto\/wp-json\/wp\/v2\/users\/2"}],"replies":[{"embeddable":true,"href":"https:\/\/siti.italofonia.info\/italianocorretto\/wp-json\/wp\/v2\/comments?post=506"}],"version-history":[{"count":1,"href":"https:\/\/siti.italofonia.info\/italianocorretto\/wp-json\/wp\/v2\/posts\/506\/revisions"}],"predecessor-version":[{"id":2807,"href":"https:\/\/siti.italofonia.info\/italianocorretto\/wp-json\/wp\/v2\/posts\/506\/revisions\/2807"}],"wp:attachment":[{"href":"https:\/\/siti.italofonia.info\/italianocorretto\/wp-json\/wp\/v2\/media?parent=506"}],"wp:term":[{"taxonomy":"category","embeddable":true,"href":"https:\/\/siti.italofonia.info\/italianocorretto\/wp-json\/wp\/v2\/categories?post=506"},{"taxonomy":"post_tag","embeddable":true,"href":"https:\/\/siti.italofonia.info\/italianocorretto\/wp-json\/wp\/v2\/tags?post=506"}],"curies":[{"name":"wp","href":"https:\/\/api.w.org\/{rel}","templated":true}]}}