{"id":511,"date":"2019-08-08T13:21:03","date_gmt":"2019-08-08T11:21:03","guid":{"rendered":"https:\/\/lagrammaticaitaliana.wordpress.com\/?p=511"},"modified":"2019-08-08T13:21:03","modified_gmt":"2019-08-08T11:21:03","slug":"il-congiuntivo-nelle-frasi-autonome","status":"publish","type":"post","link":"https:\/\/siti.italofonia.info\/italianocorretto\/2019\/08\/08\/il-congiuntivo-nelle-frasi-autonome\/","title":{"rendered":"Il congiuntivo nelle frasi autonome"},"content":{"rendered":"\n<figure class=\"wp-block-image size-large\"><img loading=\"lazy\" decoding=\"async\" width=\"801\" height=\"168\" src=\"https:\/\/siti.italofonia.info\/italianocorretto\/wp-content\/uploads\/sites\/4\/2019\/08\/verbi.jpg?w=801\" alt=\"\" class=\"wp-image-483\" srcset=\"https:\/\/siti.italofonia.info\/italianocorretto\/wp-content\/uploads\/sites\/4\/2019\/08\/verbi.jpg 801w, https:\/\/siti.italofonia.info\/italianocorretto\/wp-content\/uploads\/sites\/4\/2019\/08\/verbi-300x63.jpg 300w, https:\/\/siti.italofonia.info\/italianocorretto\/wp-content\/uploads\/sites\/4\/2019\/08\/verbi-768x161.jpg 768w\" sizes=\"auto, (max-width: 801px) 100vw, 801px\" \/><\/figure>\n\n\n\n<p style=\"font-size:12px\" class=\"has-background has-light-blue-background-color\"> \u25a0 Il congiuntivo si usa solo nelle frasi dipendenti? \u25a0 Quali sono gli usi del congiuntivo nelle frasi autonome? \u25a0 Quando si d\u00e0 del lei a pi\u00f9 interlocutori si deve dare del voi o del loro? \u25a0 Cosa sono il congiuntivo permissivo o esortativo? \u25a0 Il congiuntivo si pu\u00f2 usare come un imperativo?  \u25a0 Cos&#8217;\u00e8 il congiuntivo dubitativo? \u25a0 Cos&#8217;\u00e8 il congiuntivo concessivo? <\/p>\n\n\n\n<div class=\"wp-block-image\"><figure class=\"alignleft size-large\"><img loading=\"lazy\" decoding=\"async\" width=\"301\" height=\"365\" src=\"https:\/\/siti.italofonia.info\/italianocorretto\/wp-content\/uploads\/sites\/4\/2019\/08\/congiuntivo2.jpg\" alt=\"\" class=\"wp-image-514\" srcset=\"https:\/\/siti.italofonia.info\/italianocorretto\/wp-content\/uploads\/sites\/4\/2019\/08\/congiuntivo2.jpg 301w, https:\/\/siti.italofonia.info\/italianocorretto\/wp-content\/uploads\/sites\/4\/2019\/08\/congiuntivo2-247x300.jpg 247w\" sizes=\"auto, (max-width: 301px) 100vw, 301px\" \/><\/figure><\/div>\n\n\n\n<p>Anche se molto spesso \u00e8 un <a rel=\"noreferrer noopener\" aria-label=\"modo (apre in una nuova scheda)\" href=\"https:\/\/siti.italofonia.info\/italianocorretto\/2019\/07\/25\/modi-e-tempi-dei-verbi\/\" target=\"_blank\">modo<\/a> che si usa nelle frasi subordinate (cio\u00e8 quelle che non si reggono da sole, ma dipendono da una frase principale, es. <strong>voglio<\/strong> \u2192 <em>che tu <\/em><strong>faccia<\/strong> <em>presto<\/em>), il <a rel=\"noreferrer noopener\" aria-label=\"congiuntivo   (apre in una nuova scheda)\" href=\"https:\/\/siti.italofonia.info\/italianocorretto\/2019\/08\/08\/il-congiuntivo-e-i-suoi-tempi\/\" target=\"_blank\">congiuntivo  <\/a>si pu\u00f2 usare anche nelle frasi autonome e indipendenti, cio\u00e8 quelle che si reggono da sole. Per esempio lo usiamo quando diamo del lei al nostro interlocutore: <strong>entri<\/strong>.<\/p>\n\n\n\n<div class=\"wp-block-image\"><figure class=\"alignleft size-large\"><img loading=\"lazy\" decoding=\"async\" width=\"100\" height=\"98\" src=\"https:\/\/siti.italofonia.info\/italianocorretto\/wp-content\/uploads\/sites\/4\/2019\/08\/regola-storta-100.jpg\" alt=\"\" class=\"wp-image-197\" \/><\/figure><\/div>\n\n\n\n<p>Pi\u00f9 nel dettaglio, l\u2019<strong>uso\nautonomo del congiuntivo <\/strong>si ritrova:<\/p>\n\n\n\n<p>\u25cf nel <strong>dare del lei<\/strong> a chi ci rivolgiamo (<strong>si sieda<\/strong>,<strong> venga<\/strong>) e al plurale <strong>del loro<\/strong> (<em>si <\/em><strong>siedano<\/strong>, <strong>vengano<\/strong>), che si fa sempre alla terza persona: non si usa dire \u201c<s><em>tu venga<\/em><\/s>\u201d o \u201c<s><em>ti sieda<\/em><\/s>\u201d.<\/p>\n\n\n\n<div class=\"wp-block-image\"><figure class=\"alignleft size-large\"><img loading=\"lazy\" decoding=\"async\" width=\"107\" height=\"84\" src=\"https:\/\/siti.italofonia.info\/italianocorretto\/wp-content\/uploads\/sites\/4\/2019\/08\/dito-nota-bene-100.jpg?w=107\" alt=\"\" class=\"wp-image-185\" \/><\/figure><\/div>\n\n\n\n<p class=\"has-background has-light-gray-background-color\">Quando gli interlocutori sono pi\u00f9 di uno non si dovrebbe dire (voi) \u201cvenite\u201d o \u201centrate\u201d, in questo caso siamo di fronte al plurale di <em>tu <\/em>(seconda persona) e del verbo all&#8217;<a rel=\"noreferrer noopener\" aria-label=\"indicativo (apre in una nuova scheda)\" href=\"https:\/\/siti.italofonia.info\/italianocorretto\/2019\/07\/25\/il-modo-indicativo-e-i-suoi-tempi\/\" target=\"_blank\">indicativo<\/a>, mentre la forma reverenziale (di rispetto) prevede il <em>lei <\/em>e il <em>loro<\/em> (per saperne di pi\u00f9 \u2192 &#8220;<a rel=\"noreferrer noopener\" aria-label=\"Dare del tu, del lei, del loro e del voi (apre in una nuova scheda)\" href=\"https:\/\/siti.italofonia.info\/italianocorretto\/2019\/08\/13\/dare-del-tu-del-lei-del-loro-e-del-voi\/\" target=\"_blank\">Dare del tu, del lei, del loro e del voi<\/a>&#8220;); <\/p>\n\n\n\n<p>\u25cf nelle <strong>esortazioni<\/strong> (<em>congiuntivo esortativo<\/em>); \u00e8 molto simile all\u2019uso del congiuntivo per dare del lei, perch\u00e9 esprime un\u2019esortazione (per es. <strong>entri<\/strong> <em>il prossimo<\/em>, <em>mi <\/em><strong>dica<\/strong>), e questo uso a volte pu\u00f2 essere etichettato anche come <strong>congiuntivo permissivo<\/strong> quando \u00e8 seguito da \u201cpure\u201d: <em>mangi pure<\/em>, <em>entri pure<\/em>;<br>\u25cf nel porre dei <strong>dubbi <\/strong>(<em>non mi risponde, che a quest\u2019ora<\/em> <strong>dorma<\/strong>?), cio\u00e8 il congiuntivo dubitativo; <br>\u25cf nel\u00a0 formulare delle <strong>concessioni <\/strong>(<em>che <\/em><strong>faccia<\/strong> <em>pure quel che crede<\/em>!; <em>che <\/em><strong>dica<\/strong> <em>pure quel che vuole<\/em>!); <br>\u25cf talvolta nell\u2019espressione di <strong>ordini<\/strong>: <em>che <\/em><strong>vada<\/strong> <em>subito a mettersi la cravatta<\/em>!<br>\u25cf in certe <strong>esclamazioni<\/strong>: <em>sapessi<\/em>!\u00a0 <em>Aveste visto<\/em> (<em>come era vestito<\/em>)!<br>\u25cf nell\u2019augurare qualcosa (<em>congiuntivo di desiderio<\/em>): <em>magari <\/em><strong>potessi<\/strong> <em>volare<\/em>! <strong>Fosse<\/strong> <em>vero<\/em>! Che il Signore <strong>sia<\/strong> con te!<\/p>\n\n\n\n<p><\/p>\n","protected":false},"excerpt":{"rendered":"<p> \u25a0 Il congiuntivo si usa solo nelle frasi dipendenti? \u25a0 Quali sono gli usi del congiuntivo nelle frasi autonome? \u25a0 Quando si d\u00e0 del lei a pi\u00f9 interlocutori si deve dare del voi o del loro? \u25a0 Cosa sono il congiuntivo permissivo o esortativo? \u25a0 Il congiuntivo si pu\u00f2 usare come un imperativo? \u25a0 Cos\u2019\u00e8 il congiuntivo dubitativo? \u25a0 Cos\u2019\u00e8 il congiuntivo concessivo?<\/p>\n<p>Anche se molto spesso \u00e8 un modo che si usa nelle frasi subordinate, il congiuntivo si pu\u00f2 usare anche nelle frasi autonome. Per esempio lo usiamo quando diamo del lei al nostro interlocutore: entri.<\/p>\n","protected":false},"author":2,"featured_media":0,"comment_status":"open","ping_status":"open","sticky":false,"template":"","format":"standard","meta":{"_jetpack_memberships_contains_paid_content":false,"footnotes":""},"categories":[18,20,17],"tags":[],"class_list":["post-511","post","type-post","status-publish","format-standard","hentry","category-congiuntivi","category-modi-e-tempi-verbali","category-verbi"],"yoast_head":"<!-- This site is optimized with the Yoast SEO plugin v25.9 - https:\/\/yoast.com\/wordpress\/plugins\/seo\/ -->\n<title>Il congiuntivo nelle frasi autonome - L&#039;italiano corretto<\/title>\n<meta name=\"robots\" content=\"index, follow, max-snippet:-1, max-image-preview:large, max-video-preview:-1\" \/>\n<link rel=\"canonical\" href=\"https:\/\/siti.italofonia.info\/italianocorretto\/2019\/08\/08\/il-congiuntivo-nelle-frasi-autonome\/\" \/>\n<meta property=\"og:locale\" content=\"it_IT\" \/>\n<meta property=\"og:type\" content=\"article\" \/>\n<meta property=\"og:title\" content=\"Il congiuntivo nelle frasi autonome - L&#039;italiano corretto\" \/>\n<meta property=\"og:description\" content=\"\u25a0 Il congiuntivo si usa solo nelle frasi dipendenti? \u25a0 Quali sono gli usi del congiuntivo nelle frasi autonome? \u25a0 Quando si d\u00e0 del lei a pi\u00f9 interlocutori si deve dare del voi o del loro? \u25a0 Cosa sono il congiuntivo permissivo o esortativo? \u25a0 Il congiuntivo si pu\u00f2 usare come un imperativo? \u25a0 Cos\u2019\u00e8 il congiuntivo dubitativo? \u25a0 Cos\u2019\u00e8 il congiuntivo concessivo? Anche se molto spesso \u00e8 un modo che si usa nelle frasi subordinate, il congiuntivo si pu\u00f2 usare anche nelle frasi autonome. Per esempio lo usiamo quando diamo del lei al nostro interlocutore: entri.\" \/>\n<meta property=\"og:url\" content=\"https:\/\/siti.italofonia.info\/italianocorretto\/2019\/08\/08\/il-congiuntivo-nelle-frasi-autonome\/\" \/>\n<meta property=\"og:site_name\" content=\"L&#039;italiano corretto\" \/>\n<meta property=\"article:published_time\" content=\"2019-08-08T11:21:03+00:00\" \/>\n<meta property=\"og:image\" content=\"https:\/\/siti.italofonia.info\/italianocorretto\/wp-content\/uploads\/sites\/4\/2019\/08\/verbi.jpg?w=801\" \/>\n<meta name=\"author\" content=\"zoppaz\" \/>\n<meta name=\"twitter:card\" content=\"summary_large_image\" \/>\n<meta name=\"twitter:label1\" content=\"Scritto da\" \/>\n\t<meta name=\"twitter:data1\" content=\"zoppaz\" \/>\n\t<meta name=\"twitter:label2\" content=\"Tempo di lettura stimato\" \/>\n\t<meta name=\"twitter:data2\" content=\"2 minuti\" \/>\n<script type=\"application\/ld+json\" class=\"yoast-schema-graph\">{\"@context\":\"https:\/\/schema.org\",\"@graph\":[{\"@type\":\"Article\",\"@id\":\"https:\/\/siti.italofonia.info\/italianocorretto\/2019\/08\/08\/il-congiuntivo-nelle-frasi-autonome\/#article\",\"isPartOf\":{\"@id\":\"https:\/\/siti.italofonia.info\/italianocorretto\/2019\/08\/08\/il-congiuntivo-nelle-frasi-autonome\/\"},\"author\":{\"name\":\"zoppaz\",\"@id\":\"https:\/\/siti.italofonia.info\/italianocorretto\/#\/schema\/person\/a6d92c06412f28fdf127fffa49ded6fb\"},\"headline\":\"Il congiuntivo nelle frasi autonome\",\"datePublished\":\"2019-08-08T11:21:03+00:00\",\"mainEntityOfPage\":{\"@id\":\"https:\/\/siti.italofonia.info\/italianocorretto\/2019\/08\/08\/il-congiuntivo-nelle-frasi-autonome\/\"},\"wordCount\":341,\"commentCount\":0,\"publisher\":{\"@id\":\"https:\/\/siti.italofonia.info\/italianocorretto\/#organization\"},\"image\":{\"@id\":\"https:\/\/siti.italofonia.info\/italianocorretto\/2019\/08\/08\/il-congiuntivo-nelle-frasi-autonome\/#primaryimage\"},\"thumbnailUrl\":\"https:\/\/siti.italofonia.info\/italianocorretto\/wp-content\/uploads\/sites\/4\/2019\/08\/verbi.jpg?w=801\",\"articleSection\":[\"Congiuntivi\",\"Modi e tempi verbali\",\"Verbi\"],\"inLanguage\":\"it-IT\",\"potentialAction\":[{\"@type\":\"CommentAction\",\"name\":\"Comment\",\"target\":[\"https:\/\/siti.italofonia.info\/italianocorretto\/2019\/08\/08\/il-congiuntivo-nelle-frasi-autonome\/#respond\"]}]},{\"@type\":\"WebPage\",\"@id\":\"https:\/\/siti.italofonia.info\/italianocorretto\/2019\/08\/08\/il-congiuntivo-nelle-frasi-autonome\/\",\"url\":\"https:\/\/siti.italofonia.info\/italianocorretto\/2019\/08\/08\/il-congiuntivo-nelle-frasi-autonome\/\",\"name\":\"Il congiuntivo nelle frasi autonome - L&#039;italiano corretto\",\"isPartOf\":{\"@id\":\"https:\/\/siti.italofonia.info\/italianocorretto\/#website\"},\"primaryImageOfPage\":{\"@id\":\"https:\/\/siti.italofonia.info\/italianocorretto\/2019\/08\/08\/il-congiuntivo-nelle-frasi-autonome\/#primaryimage\"},\"image\":{\"@id\":\"https:\/\/siti.italofonia.info\/italianocorretto\/2019\/08\/08\/il-congiuntivo-nelle-frasi-autonome\/#primaryimage\"},\"thumbnailUrl\":\"https:\/\/siti.italofonia.info\/italianocorretto\/wp-content\/uploads\/sites\/4\/2019\/08\/verbi.jpg?w=801\",\"datePublished\":\"2019-08-08T11:21:03+00:00\",\"breadcrumb\":{\"@id\":\"https:\/\/siti.italofonia.info\/italianocorretto\/2019\/08\/08\/il-congiuntivo-nelle-frasi-autonome\/#breadcrumb\"},\"inLanguage\":\"it-IT\",\"potentialAction\":[{\"@type\":\"ReadAction\",\"target\":[\"https:\/\/siti.italofonia.info\/italianocorretto\/2019\/08\/08\/il-congiuntivo-nelle-frasi-autonome\/\"]}]},{\"@type\":\"ImageObject\",\"inLanguage\":\"it-IT\",\"@id\":\"https:\/\/siti.italofonia.info\/italianocorretto\/2019\/08\/08\/il-congiuntivo-nelle-frasi-autonome\/#primaryimage\",\"url\":\"https:\/\/siti.italofonia.info\/italianocorretto\/wp-content\/uploads\/sites\/4\/2019\/08\/verbi.jpg\",\"contentUrl\":\"https:\/\/siti.italofonia.info\/italianocorretto\/wp-content\/uploads\/sites\/4\/2019\/08\/verbi.jpg\",\"width\":801,\"height\":168},{\"@type\":\"BreadcrumbList\",\"@id\":\"https:\/\/siti.italofonia.info\/italianocorretto\/2019\/08\/08\/il-congiuntivo-nelle-frasi-autonome\/#breadcrumb\",\"itemListElement\":[{\"@type\":\"ListItem\",\"position\":1,\"name\":\"Home\",\"item\":\"https:\/\/siti.italofonia.info\/italianocorretto\/\"},{\"@type\":\"ListItem\",\"position\":2,\"name\":\"Il congiuntivo nelle frasi autonome\"}]},{\"@type\":\"WebSite\",\"@id\":\"https:\/\/siti.italofonia.info\/italianocorretto\/#website\",\"url\":\"https:\/\/siti.italofonia.info\/italianocorretto\/\",\"name\":\"L&#039;italiano corretto\",\"description\":\"La grammatica e le risposte ai dubbi pi\u00f9 diffusi\",\"publisher\":{\"@id\":\"https:\/\/siti.italofonia.info\/italianocorretto\/#organization\"},\"potentialAction\":[{\"@type\":\"SearchAction\",\"target\":{\"@type\":\"EntryPoint\",\"urlTemplate\":\"https:\/\/siti.italofonia.info\/italianocorretto\/?s={search_term_string}\"},\"query-input\":{\"@type\":\"PropertyValueSpecification\",\"valueRequired\":true,\"valueName\":\"search_term_string\"}}],\"inLanguage\":\"it-IT\"},{\"@type\":\"Organization\",\"@id\":\"https:\/\/siti.italofonia.info\/italianocorretto\/#organization\",\"name\":\"L&#039;italiano corretto\",\"url\":\"https:\/\/siti.italofonia.info\/italianocorretto\/\",\"logo\":{\"@type\":\"ImageObject\",\"inLanguage\":\"it-IT\",\"@id\":\"https:\/\/siti.italofonia.info\/italianocorretto\/#\/schema\/logo\/image\/\",\"url\":\"https:\/\/siti.italofonia.info\/italianocorretto\/wp-content\/uploads\/sites\/4\/2021\/05\/cropped-logo-quadrato-itacorretto.jpg\",\"contentUrl\":\"https:\/\/siti.italofonia.info\/italianocorretto\/wp-content\/uploads\/sites\/4\/2021\/05\/cropped-logo-quadrato-itacorretto.jpg\",\"width\":248,\"height\":248,\"caption\":\"L&#039;italiano corretto\"},\"image\":{\"@id\":\"https:\/\/siti.italofonia.info\/italianocorretto\/#\/schema\/logo\/image\/\"}},{\"@type\":\"Person\",\"@id\":\"https:\/\/siti.italofonia.info\/italianocorretto\/#\/schema\/person\/a6d92c06412f28fdf127fffa49ded6fb\",\"name\":\"zoppaz\",\"image\":{\"@type\":\"ImageObject\",\"inLanguage\":\"it-IT\",\"@id\":\"https:\/\/siti.italofonia.info\/italianocorretto\/#\/schema\/person\/image\/\",\"url\":\"https:\/\/secure.gravatar.com\/avatar\/3896f9315ea10bdf8cd42b87b6ade87c6e815a39e4846b4badb0394ff75411f8?s=96&d=mm&r=g\",\"contentUrl\":\"https:\/\/secure.gravatar.com\/avatar\/3896f9315ea10bdf8cd42b87b6ade87c6e815a39e4846b4badb0394ff75411f8?s=96&d=mm&r=g\",\"caption\":\"zoppaz\"},\"url\":\"https:\/\/siti.italofonia.info\/italianocorretto\/author\/zoppaz\/\"}]}<\/script>\n<!-- \/ Yoast SEO plugin. -->","yoast_head_json":{"title":"Il congiuntivo nelle frasi autonome - L&#039;italiano corretto","robots":{"index":"index","follow":"follow","max-snippet":"max-snippet:-1","max-image-preview":"max-image-preview:large","max-video-preview":"max-video-preview:-1"},"canonical":"https:\/\/siti.italofonia.info\/italianocorretto\/2019\/08\/08\/il-congiuntivo-nelle-frasi-autonome\/","og_locale":"it_IT","og_type":"article","og_title":"Il congiuntivo nelle frasi autonome - L&#039;italiano corretto","og_description":"\u25a0 Il congiuntivo si usa solo nelle frasi dipendenti? \u25a0 Quali sono gli usi del congiuntivo nelle frasi autonome? \u25a0 Quando si d\u00e0 del lei a pi\u00f9 interlocutori si deve dare del voi o del loro? \u25a0 Cosa sono il congiuntivo permissivo o esortativo? \u25a0 Il congiuntivo si pu\u00f2 usare come un imperativo? \u25a0 Cos\u2019\u00e8 il congiuntivo dubitativo? \u25a0 Cos\u2019\u00e8 il congiuntivo concessivo? Anche se molto spesso \u00e8 un modo che si usa nelle frasi subordinate, il congiuntivo si pu\u00f2 usare anche nelle frasi autonome. Per esempio lo usiamo quando diamo del lei al nostro interlocutore: entri.","og_url":"https:\/\/siti.italofonia.info\/italianocorretto\/2019\/08\/08\/il-congiuntivo-nelle-frasi-autonome\/","og_site_name":"L&#039;italiano corretto","article_published_time":"2019-08-08T11:21:03+00:00","og_image":[{"url":"https:\/\/siti.italofonia.info\/italianocorretto\/wp-content\/uploads\/sites\/4\/2019\/08\/verbi.jpg?w=801","type":"","width":"","height":""}],"author":"zoppaz","twitter_card":"summary_large_image","twitter_misc":{"Scritto da":"zoppaz","Tempo di lettura stimato":"2 minuti"},"schema":{"@context":"https:\/\/schema.org","@graph":[{"@type":"Article","@id":"https:\/\/siti.italofonia.info\/italianocorretto\/2019\/08\/08\/il-congiuntivo-nelle-frasi-autonome\/#article","isPartOf":{"@id":"https:\/\/siti.italofonia.info\/italianocorretto\/2019\/08\/08\/il-congiuntivo-nelle-frasi-autonome\/"},"author":{"name":"zoppaz","@id":"https:\/\/siti.italofonia.info\/italianocorretto\/#\/schema\/person\/a6d92c06412f28fdf127fffa49ded6fb"},"headline":"Il congiuntivo nelle frasi autonome","datePublished":"2019-08-08T11:21:03+00:00","mainEntityOfPage":{"@id":"https:\/\/siti.italofonia.info\/italianocorretto\/2019\/08\/08\/il-congiuntivo-nelle-frasi-autonome\/"},"wordCount":341,"commentCount":0,"publisher":{"@id":"https:\/\/siti.italofonia.info\/italianocorretto\/#organization"},"image":{"@id":"https:\/\/siti.italofonia.info\/italianocorretto\/2019\/08\/08\/il-congiuntivo-nelle-frasi-autonome\/#primaryimage"},"thumbnailUrl":"https:\/\/siti.italofonia.info\/italianocorretto\/wp-content\/uploads\/sites\/4\/2019\/08\/verbi.jpg?w=801","articleSection":["Congiuntivi","Modi e tempi verbali","Verbi"],"inLanguage":"it-IT","potentialAction":[{"@type":"CommentAction","name":"Comment","target":["https:\/\/siti.italofonia.info\/italianocorretto\/2019\/08\/08\/il-congiuntivo-nelle-frasi-autonome\/#respond"]}]},{"@type":"WebPage","@id":"https:\/\/siti.italofonia.info\/italianocorretto\/2019\/08\/08\/il-congiuntivo-nelle-frasi-autonome\/","url":"https:\/\/siti.italofonia.info\/italianocorretto\/2019\/08\/08\/il-congiuntivo-nelle-frasi-autonome\/","name":"Il congiuntivo nelle frasi autonome - L&#039;italiano corretto","isPartOf":{"@id":"https:\/\/siti.italofonia.info\/italianocorretto\/#website"},"primaryImageOfPage":{"@id":"https:\/\/siti.italofonia.info\/italianocorretto\/2019\/08\/08\/il-congiuntivo-nelle-frasi-autonome\/#primaryimage"},"image":{"@id":"https:\/\/siti.italofonia.info\/italianocorretto\/2019\/08\/08\/il-congiuntivo-nelle-frasi-autonome\/#primaryimage"},"thumbnailUrl":"https:\/\/siti.italofonia.info\/italianocorretto\/wp-content\/uploads\/sites\/4\/2019\/08\/verbi.jpg?w=801","datePublished":"2019-08-08T11:21:03+00:00","breadcrumb":{"@id":"https:\/\/siti.italofonia.info\/italianocorretto\/2019\/08\/08\/il-congiuntivo-nelle-frasi-autonome\/#breadcrumb"},"inLanguage":"it-IT","potentialAction":[{"@type":"ReadAction","target":["https:\/\/siti.italofonia.info\/italianocorretto\/2019\/08\/08\/il-congiuntivo-nelle-frasi-autonome\/"]}]},{"@type":"ImageObject","inLanguage":"it-IT","@id":"https:\/\/siti.italofonia.info\/italianocorretto\/2019\/08\/08\/il-congiuntivo-nelle-frasi-autonome\/#primaryimage","url":"https:\/\/siti.italofonia.info\/italianocorretto\/wp-content\/uploads\/sites\/4\/2019\/08\/verbi.jpg","contentUrl":"https:\/\/siti.italofonia.info\/italianocorretto\/wp-content\/uploads\/sites\/4\/2019\/08\/verbi.jpg","width":801,"height":168},{"@type":"BreadcrumbList","@id":"https:\/\/siti.italofonia.info\/italianocorretto\/2019\/08\/08\/il-congiuntivo-nelle-frasi-autonome\/#breadcrumb","itemListElement":[{"@type":"ListItem","position":1,"name":"Home","item":"https:\/\/siti.italofonia.info\/italianocorretto\/"},{"@type":"ListItem","position":2,"name":"Il congiuntivo nelle frasi autonome"}]},{"@type":"WebSite","@id":"https:\/\/siti.italofonia.info\/italianocorretto\/#website","url":"https:\/\/siti.italofonia.info\/italianocorretto\/","name":"L&#039;italiano corretto","description":"La grammatica e le risposte ai dubbi pi\u00f9 diffusi","publisher":{"@id":"https:\/\/siti.italofonia.info\/italianocorretto\/#organization"},"potentialAction":[{"@type":"SearchAction","target":{"@type":"EntryPoint","urlTemplate":"https:\/\/siti.italofonia.info\/italianocorretto\/?s={search_term_string}"},"query-input":{"@type":"PropertyValueSpecification","valueRequired":true,"valueName":"search_term_string"}}],"inLanguage":"it-IT"},{"@type":"Organization","@id":"https:\/\/siti.italofonia.info\/italianocorretto\/#organization","name":"L&#039;italiano corretto","url":"https:\/\/siti.italofonia.info\/italianocorretto\/","logo":{"@type":"ImageObject","inLanguage":"it-IT","@id":"https:\/\/siti.italofonia.info\/italianocorretto\/#\/schema\/logo\/image\/","url":"https:\/\/siti.italofonia.info\/italianocorretto\/wp-content\/uploads\/sites\/4\/2021\/05\/cropped-logo-quadrato-itacorretto.jpg","contentUrl":"https:\/\/siti.italofonia.info\/italianocorretto\/wp-content\/uploads\/sites\/4\/2021\/05\/cropped-logo-quadrato-itacorretto.jpg","width":248,"height":248,"caption":"L&#039;italiano corretto"},"image":{"@id":"https:\/\/siti.italofonia.info\/italianocorretto\/#\/schema\/logo\/image\/"}},{"@type":"Person","@id":"https:\/\/siti.italofonia.info\/italianocorretto\/#\/schema\/person\/a6d92c06412f28fdf127fffa49ded6fb","name":"zoppaz","image":{"@type":"ImageObject","inLanguage":"it-IT","@id":"https:\/\/siti.italofonia.info\/italianocorretto\/#\/schema\/person\/image\/","url":"https:\/\/secure.gravatar.com\/avatar\/3896f9315ea10bdf8cd42b87b6ade87c6e815a39e4846b4badb0394ff75411f8?s=96&d=mm&r=g","contentUrl":"https:\/\/secure.gravatar.com\/avatar\/3896f9315ea10bdf8cd42b87b6ade87c6e815a39e4846b4badb0394ff75411f8?s=96&d=mm&r=g","caption":"zoppaz"},"url":"https:\/\/siti.italofonia.info\/italianocorretto\/author\/zoppaz\/"}]}},"jetpack_featured_media_url":"","jetpack_sharing_enabled":true,"amp_enabled":true,"_links":{"self":[{"href":"https:\/\/siti.italofonia.info\/italianocorretto\/wp-json\/wp\/v2\/posts\/511","targetHints":{"allow":["GET"]}}],"collection":[{"href":"https:\/\/siti.italofonia.info\/italianocorretto\/wp-json\/wp\/v2\/posts"}],"about":[{"href":"https:\/\/siti.italofonia.info\/italianocorretto\/wp-json\/wp\/v2\/types\/post"}],"author":[{"embeddable":true,"href":"https:\/\/siti.italofonia.info\/italianocorretto\/wp-json\/wp\/v2\/users\/2"}],"replies":[{"embeddable":true,"href":"https:\/\/siti.italofonia.info\/italianocorretto\/wp-json\/wp\/v2\/comments?post=511"}],"version-history":[{"count":0,"href":"https:\/\/siti.italofonia.info\/italianocorretto\/wp-json\/wp\/v2\/posts\/511\/revisions"}],"wp:attachment":[{"href":"https:\/\/siti.italofonia.info\/italianocorretto\/wp-json\/wp\/v2\/media?parent=511"}],"wp:term":[{"taxonomy":"category","embeddable":true,"href":"https:\/\/siti.italofonia.info\/italianocorretto\/wp-json\/wp\/v2\/categories?post=511"},{"taxonomy":"post_tag","embeddable":true,"href":"https:\/\/siti.italofonia.info\/italianocorretto\/wp-json\/wp\/v2\/tags?post=511"}],"curies":[{"name":"wp","href":"https:\/\/api.w.org\/{rel}","templated":true}]}}