{"id":588,"date":"2019-08-08T18:41:31","date_gmt":"2019-08-08T16:41:31","guid":{"rendered":"https:\/\/lagrammaticaitaliana.wordpress.com\/?p=588"},"modified":"2019-08-08T18:41:31","modified_gmt":"2019-08-08T16:41:31","slug":"penso-che-e-o-penso-che-sia-dubbi-sul-congiuntivo","status":"publish","type":"post","link":"https:\/\/siti.italofonia.info\/italianocorretto\/2019\/08\/08\/penso-che-e-o-penso-che-sia-dubbi-sul-congiuntivo\/","title":{"rendered":"\u201cPenso che \u00e8\u201d o \u201cpenso che sia\u201d? (Dubbi sul congiuntivo)"},"content":{"rendered":"\n<figure class=\"wp-block-image size-large\"><img loading=\"lazy\" decoding=\"async\" width=\"801\" height=\"168\" src=\"https:\/\/siti.italofonia.info\/italianocorretto\/wp-content\/uploads\/sites\/4\/2019\/08\/verbi.jpg?w=801\" alt=\"\" class=\"wp-image-483\" srcset=\"https:\/\/siti.italofonia.info\/italianocorretto\/wp-content\/uploads\/sites\/4\/2019\/08\/verbi.jpg 801w, https:\/\/siti.italofonia.info\/italianocorretto\/wp-content\/uploads\/sites\/4\/2019\/08\/verbi-300x63.jpg 300w, https:\/\/siti.italofonia.info\/italianocorretto\/wp-content\/uploads\/sites\/4\/2019\/08\/verbi-768x161.jpg 768w\" sizes=\"auto, (max-width: 801px) 100vw, 801px\" \/><\/figure>\n\n\n\n<p style=\"font-size:12px\" class=\"has-background has-light-blue-background-color\">\n\n\n\n\n\n\n\n\n\n\n\n\n\n\n\n\n\n\u25a0 Si dice \u201cpenso che \u00e8\u201d o \u201cpenso che sia\u201d? \u25a0 Quando si usa il congiuntivo e quando l\u2019indicativo? \u25a0 Perch\u00e9 si dice \u201cho notato che <em>\u00e8<\/em>\u201d\nma \u201cdubito che <em>sia<\/em>? \u25a0 Perch\u00e9 si dice \u201csono partito dopo che <em>\u00e8 arrivato<\/em>\u201d ma \u201csono partito prima che <em>arrivasse<\/em>? \u25a0 Perch\u00e9 si dice \u201cmi tira la palla perch\u00e9 <em>sono<\/em> vicino\u201d ma \u201cmi tira la palla perch\u00e9\nio <em>faccia<\/em> canestro?\n\n\n\n<\/p>\n\n\n\n<div class=\"wp-block-image\"><figure class=\"alignleft size-large\"><img loading=\"lazy\" decoding=\"async\" width=\"300\" height=\"364\" src=\"https:\/\/siti.italofonia.info\/italianocorretto\/wp-content\/uploads\/sites\/4\/2019\/08\/penso-che-e-penso-che-sia.jpg\" alt=\"\" class=\"wp-image-1379\" srcset=\"https:\/\/siti.italofonia.info\/italianocorretto\/wp-content\/uploads\/sites\/4\/2019\/08\/penso-che-e-penso-che-sia.jpg 300w, https:\/\/siti.italofonia.info\/italianocorretto\/wp-content\/uploads\/sites\/4\/2019\/08\/penso-che-e-penso-che-sia-247x300.jpg 247w\" sizes=\"auto, (max-width: 300px) 100vw, 300px\" \/><\/figure><\/div>\n\n\n\n<p> Si dice <em>penso che <\/em><strong>sia<\/strong> (<a href=\"https:\/\/siti.italofonia.info\/italianocorretto\/2019\/08\/08\/il-congiuntivo-e-i-suoi-tempi\/\" target=\"_blank\" rel=\"noreferrer noopener\" aria-label=\"congiuntivo (apre in una nuova scheda)\">congiuntivo<\/a>) o <em>penso che <\/em><strong>\u00e8<\/strong> (<a href=\"https:\/\/siti.italofonia.info\/italianocorretto\/2019\/07\/25\/il-modo-indicativo-e-i-suoi-tempi\/\" target=\"_blank\" rel=\"noreferrer noopener\" aria-label=\"indicativo (apre in una nuova scheda)\">indicativo<\/a>)?<\/p>\n\n\n\n<p>Si pu\u00f2 dire in tutti e due i modi. E poich\u00e9 il congiuntivo \u00e8 soprattutto il <a href=\"https:\/\/siti.italofonia.info\/italianocorretto\/2019\/07\/25\/modi-e-tempi-dei-verbi\/\" target=\"_blank\" rel=\"noreferrer noopener\" aria-label=\"modo verbale (apre in una nuova scheda)\">modo verbale<\/a> indicato per l\u2019incertezza, la possibilit\u00e0 e l\u2019impossibilit\u00e0, la prima frase esprime un dubbio (lascia intendere che potrei sbagliarmi e che potrebbe non essere cos\u00ec), mentre la seconda \u00e8 perentoria e lascia intendere che \u00e8 di scuro cos\u00ec come penso (penso = \u00e8 vero, \u00e8 senza dubbio cos\u00ec).<\/p>\n\n\n\n<p>Per fugare un po\u2019 di dubbi e incertezze su quando usare il congiuntivo e quando usare l\u2019indicativo si possono prendere in considerazione le seguenti frasi:<\/p>\n\n\n\n<figure class=\"wp-block-table\"><table class=\"\"><tbody><tr><td> <em>ho notato \u2192 <strong>che<\/strong> <strong>sei<\/strong> furbo<\/em><\/td><td><em>dubito \u2192 <strong>che<\/strong> tu <strong>sia<\/strong> furbo<\/em><\/td><\/tr><tr><td><em>mangia \u2192 <strong>quando ha<\/strong> fame<\/em><\/td><td><em>mangia \u2192 <strong>prima<\/strong> <strong>che<\/strong> <strong>passi<\/strong> la fame<\/em><\/td><\/tr><tr><td><em>mi tira la palla \u2192 <strong>perch\u00e9 vuole<\/strong> giocare<\/em><\/td><td><em>mi tira \u2192 la palla <strong>perch\u00e9<\/strong> io <strong>faccia<\/strong> gol<\/em><\/td><\/tr><\/tbody><\/table><\/figure>\n\n\n\n<p>Anche se la struttura di queste frasi \u00e8 molto simile, negli esempi a sinistra le frasi dipendenti dalla principale (quelle dopo la freccia) sono espresse obbligatoriamente con il modo indicativo, negli altri tre di destra \u00e8 invece obbligatorio l\u2019uso del congiuntivo. <\/p>\n\n\n\n<div class=\"wp-block-image\"><figure class=\"alignleft size-large\"><img loading=\"lazy\" decoding=\"async\" width=\"107\" height=\"84\" src=\"https:\/\/siti.italofonia.info\/italianocorretto\/wp-content\/uploads\/sites\/4\/2019\/08\/dito-nota-bene-100-1.jpg?w=107\" alt=\"\" class=\"wp-image-284\" \/><\/figure><\/div>\n\n\n\n<p>La scelta del modo corretto a seconda dei casi, semplificando, dipende da almeno tre fattori:<\/p>\n\n\n\n<p> \u25cf <strong>dal tipo di verbo<\/strong> della reggente che pu\u00f2 esprimere oggettivit\u00e0 o certezza (indicativo), oppure dubbio, possibilit\u00e0 o convinzione soggettiva (congiuntivo);<br>  \u25cf  <strong>dal<\/strong> <strong>tipo di frase<\/strong> dipendente (causale, temporale, finale&#8230;); <br>  \u25cf <strong> dalle<\/strong> <strong>congiunzioni<\/strong> che legano la dipendente con la principale (quando, perch\u00e9&#8230;).<\/p>\n\n\n\n<p>Poich\u00e9 l\u2019indicativo \u00e8 il modo della certezza e dell\u2019oggettivit\u00e0, e il congiuntivo della possibilit\u00e0, dell\u2019impossibilit\u00e0 e della soggettivit\u00e0 (volont\u00e0, desiderio, sentimenti personali), si dice:<\/p>\n\n\n\n<p style=\"text-align:center\"> <em>ho notato <strong>che<\/strong> <strong>sei <\/strong>bravo<\/em>, ma <em>dubito <strong>che<\/strong> tu <strong>sia <\/strong>bravo<\/em>. <br><\/p>\n\n\n\n<p>Anche il tipo di frase dipendente aiuta a capire quale modo usare, e le <strong>frasi temporali<\/strong> (quelle che rispondono alla domanda: \u201cQuando?\u201d) di solito vogliono l\u2019indicativo (<em>parti <strong>quando sei<\/strong> pronto<\/em>) a meno che non siano introdotte dall\u2019espressione \u201c<strong>prima che<\/strong>\u201d che vuole obbligatoriamente il congiuntivo: <em>parto <\/em>(quando?)<em> <strong>prima<\/strong> <strong>che<\/strong> <strong>sia<\/strong> tardi <\/em>(dunque:  \u201cSono partito dopo che <em>\u00e8 arrivato<\/em>\u201d ma \u201csono partito prima che <em>arrivasse<\/em>).<\/p>\n\n\n\n<p>Nell\u2019ultimo esempio del nostro elenco, infine, la scelta di indicativo o congiuntivo dipende dal significato di <em>perch\u00e9<\/em>: nel primo caso esprime una <em>causa<\/em> e introduce una frase dipendente causale (<em>mi tira la palla \u2192 <strong>perch\u00e9 vuole<\/strong> giocare<\/em>) che <strong>vuole l\u2019indicativo<\/strong>; nel secondo caso \u00e8 sostituibile da <em>affinch\u00e9<\/em> (= allo scopo di, al fine di) ed esprime una dipendente finale che vuole il congiuntivo: <em>mi tira la palla \u2192 <strong>perch\u00e9<\/strong> <\/em>(= affinch\u00e9)<em> io <strong>faccia<\/strong> canestro<\/em>. <\/p>\n\n\n\n<figure class=\"wp-block-image size-large\"><img loading=\"lazy\" decoding=\"async\" width=\"680\" height=\"43\" src=\"https:\/\/siti.italofonia.info\/italianocorretto\/wp-content\/uploads\/sites\/4\/2019\/08\/matite-separatore-ok.jpg?w=680\" alt=\"\" class=\"wp-image-501\" srcset=\"https:\/\/siti.italofonia.info\/italianocorretto\/wp-content\/uploads\/sites\/4\/2019\/08\/matite-separatore-ok.jpg 680w, https:\/\/siti.italofonia.info\/italianocorretto\/wp-content\/uploads\/sites\/4\/2019\/08\/matite-separatore-ok-300x19.jpg 300w\" sizes=\"auto, (max-width: 680px) 100vw, 680px\" \/><\/figure>\n\n\n\n<div class=\"wp-block-image\"><figure class=\"alignleft size-large\"><a href=\"https:\/\/www.hoepli.it\/libro\/sos-congiuntivo-for-dummies\/9788820376741.html\" target=\"_blank\" rel=\"noreferrer noopener\"><img loading=\"lazy\" decoding=\"async\" width=\"161\" height=\"225\" src=\"https:\/\/siti.italofonia.info\/italianocorretto\/wp-content\/uploads\/sites\/4\/2019\/08\/congiuntivo-for-dummies.jpg\" alt=\"\" class=\"wp-image-590\" \/><\/a><\/figure><\/div>\n\n\n\n<p><br>Questo articolo \u00e8 tratto da: <br>Antonio Zoppetti, <br><em><a href=\"https:\/\/www.hoepli.it\/libro\/sos-congiuntivo-for-dummies\/9788820376741.html\" target=\"_blank\" rel=\"noreferrer noopener\" aria-label=\"Sos congiuntivo for dummies (apre in una nuova scheda)\">Sos congiuntivo for dummies<\/a><\/em>, <br>Hoepli, Milano 2016.<\/p>\n\n\n\n<p> <\/p>\n","protected":false},"excerpt":{"rendered":"<p>\u25a0 Si dice \u201cpenso che \u00e8\u201d o \u201cpenso che sia\u201d? \u25a0 Quando si usa il congiuntivo e quando l\u2019indicativo? \u25a0 Perch\u00e9 si dice \u201cho notato che \u00e8\u201d ma \u201cdubito che sia? \u25a0 Perch\u00e9 si dice \u201csono partito dopo che \u00e8 arrivato\u201d ma \u201csono partito prima che arrivasse? \u25a0 Perch\u00e9 si dice \u201cmi tira la palla perch\u00e9 sono vicino\u201d ma \u201cmi tira la palla perch\u00e9 io faccia canestro?<\/p>\n","protected":false},"author":2,"featured_media":0,"comment_status":"open","ping_status":"open","sticky":false,"template":"","format":"standard","meta":{"_jetpack_memberships_contains_paid_content":false,"footnotes":""},"categories":[18,20,17],"tags":[23,32],"class_list":["post-588","post","type-post","status-publish","format-standard","hentry","category-congiuntivi","category-modi-e-tempi-verbali","category-verbi","tag-dubbi","tag-sintassi"],"yoast_head":"<!-- This site is optimized with the Yoast SEO plugin v25.9 - https:\/\/yoast.com\/wordpress\/plugins\/seo\/ -->\n<title>\u201cPenso che \u00e8\u201d o \u201cpenso che sia\u201d? (Dubbi sul congiuntivo) - L&#039;italiano corretto<\/title>\n<meta name=\"robots\" content=\"index, follow, max-snippet:-1, max-image-preview:large, max-video-preview:-1\" \/>\n<link rel=\"canonical\" href=\"https:\/\/siti.italofonia.info\/italianocorretto\/2019\/08\/08\/penso-che-e-o-penso-che-sia-dubbi-sul-congiuntivo\/\" \/>\n<meta property=\"og:locale\" content=\"it_IT\" \/>\n<meta property=\"og:type\" content=\"article\" \/>\n<meta property=\"og:title\" content=\"\u201cPenso che \u00e8\u201d o \u201cpenso che sia\u201d? (Dubbi sul congiuntivo) - L&#039;italiano corretto\" \/>\n<meta property=\"og:description\" content=\"\u25a0 Si dice \u201cpenso che \u00e8\u201d o \u201cpenso che sia\u201d? \u25a0 Quando si usa il congiuntivo e quando l\u2019indicativo? \u25a0 Perch\u00e9 si dice \u201cho notato che \u00e8\u201d ma \u201cdubito che sia? \u25a0 Perch\u00e9 si dice \u201csono partito dopo che \u00e8 arrivato\u201d ma \u201csono partito prima che arrivasse? \u25a0 Perch\u00e9 si dice \u201cmi tira la palla perch\u00e9 sono vicino\u201d ma \u201cmi tira la palla perch\u00e9 io faccia canestro?\" \/>\n<meta property=\"og:url\" content=\"https:\/\/siti.italofonia.info\/italianocorretto\/2019\/08\/08\/penso-che-e-o-penso-che-sia-dubbi-sul-congiuntivo\/\" \/>\n<meta property=\"og:site_name\" content=\"L&#039;italiano corretto\" \/>\n<meta property=\"article:published_time\" content=\"2019-08-08T16:41:31+00:00\" \/>\n<meta property=\"og:image\" content=\"https:\/\/siti.italofonia.info\/italianocorretto\/wp-content\/uploads\/sites\/4\/2019\/08\/verbi.jpg?w=801\" \/>\n<meta name=\"author\" content=\"zoppaz\" \/>\n<meta name=\"twitter:card\" content=\"summary_large_image\" \/>\n<meta name=\"twitter:label1\" content=\"Scritto da\" \/>\n\t<meta name=\"twitter:data1\" content=\"zoppaz\" \/>\n\t<meta name=\"twitter:label2\" content=\"Tempo di lettura stimato\" \/>\n\t<meta name=\"twitter:data2\" content=\"2 minuti\" \/>\n<script type=\"application\/ld+json\" class=\"yoast-schema-graph\">{\"@context\":\"https:\/\/schema.org\",\"@graph\":[{\"@type\":\"Article\",\"@id\":\"https:\/\/siti.italofonia.info\/italianocorretto\/2019\/08\/08\/penso-che-e-o-penso-che-sia-dubbi-sul-congiuntivo\/#article\",\"isPartOf\":{\"@id\":\"https:\/\/siti.italofonia.info\/italianocorretto\/2019\/08\/08\/penso-che-e-o-penso-che-sia-dubbi-sul-congiuntivo\/\"},\"author\":{\"name\":\"zoppaz\",\"@id\":\"https:\/\/siti.italofonia.info\/italianocorretto\/#\/schema\/person\/a6d92c06412f28fdf127fffa49ded6fb\"},\"headline\":\"\u201cPenso che \u00e8\u201d o \u201cpenso che sia\u201d? (Dubbi sul congiuntivo)\",\"datePublished\":\"2019-08-08T16:41:31+00:00\",\"mainEntityOfPage\":{\"@id\":\"https:\/\/siti.italofonia.info\/italianocorretto\/2019\/08\/08\/penso-che-e-o-penso-che-sia-dubbi-sul-congiuntivo\/\"},\"wordCount\":479,\"commentCount\":0,\"publisher\":{\"@id\":\"https:\/\/siti.italofonia.info\/italianocorretto\/#organization\"},\"image\":{\"@id\":\"https:\/\/siti.italofonia.info\/italianocorretto\/2019\/08\/08\/penso-che-e-o-penso-che-sia-dubbi-sul-congiuntivo\/#primaryimage\"},\"thumbnailUrl\":\"https:\/\/siti.italofonia.info\/italianocorretto\/wp-content\/uploads\/sites\/4\/2019\/08\/verbi.jpg?w=801\",\"keywords\":[\"Dubbi?\",\"Sintassi\"],\"articleSection\":[\"Congiuntivi\",\"Modi e tempi verbali\",\"Verbi\"],\"inLanguage\":\"it-IT\",\"potentialAction\":[{\"@type\":\"CommentAction\",\"name\":\"Comment\",\"target\":[\"https:\/\/siti.italofonia.info\/italianocorretto\/2019\/08\/08\/penso-che-e-o-penso-che-sia-dubbi-sul-congiuntivo\/#respond\"]}]},{\"@type\":\"WebPage\",\"@id\":\"https:\/\/siti.italofonia.info\/italianocorretto\/2019\/08\/08\/penso-che-e-o-penso-che-sia-dubbi-sul-congiuntivo\/\",\"url\":\"https:\/\/siti.italofonia.info\/italianocorretto\/2019\/08\/08\/penso-che-e-o-penso-che-sia-dubbi-sul-congiuntivo\/\",\"name\":\"\u201cPenso che \u00e8\u201d o \u201cpenso che sia\u201d? (Dubbi sul congiuntivo) - L&#039;italiano corretto\",\"isPartOf\":{\"@id\":\"https:\/\/siti.italofonia.info\/italianocorretto\/#website\"},\"primaryImageOfPage\":{\"@id\":\"https:\/\/siti.italofonia.info\/italianocorretto\/2019\/08\/08\/penso-che-e-o-penso-che-sia-dubbi-sul-congiuntivo\/#primaryimage\"},\"image\":{\"@id\":\"https:\/\/siti.italofonia.info\/italianocorretto\/2019\/08\/08\/penso-che-e-o-penso-che-sia-dubbi-sul-congiuntivo\/#primaryimage\"},\"thumbnailUrl\":\"https:\/\/siti.italofonia.info\/italianocorretto\/wp-content\/uploads\/sites\/4\/2019\/08\/verbi.jpg?w=801\",\"datePublished\":\"2019-08-08T16:41:31+00:00\",\"breadcrumb\":{\"@id\":\"https:\/\/siti.italofonia.info\/italianocorretto\/2019\/08\/08\/penso-che-e-o-penso-che-sia-dubbi-sul-congiuntivo\/#breadcrumb\"},\"inLanguage\":\"it-IT\",\"potentialAction\":[{\"@type\":\"ReadAction\",\"target\":[\"https:\/\/siti.italofonia.info\/italianocorretto\/2019\/08\/08\/penso-che-e-o-penso-che-sia-dubbi-sul-congiuntivo\/\"]}]},{\"@type\":\"ImageObject\",\"inLanguage\":\"it-IT\",\"@id\":\"https:\/\/siti.italofonia.info\/italianocorretto\/2019\/08\/08\/penso-che-e-o-penso-che-sia-dubbi-sul-congiuntivo\/#primaryimage\",\"url\":\"https:\/\/siti.italofonia.info\/italianocorretto\/wp-content\/uploads\/sites\/4\/2019\/08\/verbi.jpg\",\"contentUrl\":\"https:\/\/siti.italofonia.info\/italianocorretto\/wp-content\/uploads\/sites\/4\/2019\/08\/verbi.jpg\",\"width\":801,\"height\":168},{\"@type\":\"BreadcrumbList\",\"@id\":\"https:\/\/siti.italofonia.info\/italianocorretto\/2019\/08\/08\/penso-che-e-o-penso-che-sia-dubbi-sul-congiuntivo\/#breadcrumb\",\"itemListElement\":[{\"@type\":\"ListItem\",\"position\":1,\"name\":\"Home\",\"item\":\"https:\/\/siti.italofonia.info\/italianocorretto\/\"},{\"@type\":\"ListItem\",\"position\":2,\"name\":\"\u201cPenso che \u00e8\u201d o \u201cpenso che sia\u201d? (Dubbi sul congiuntivo)\"}]},{\"@type\":\"WebSite\",\"@id\":\"https:\/\/siti.italofonia.info\/italianocorretto\/#website\",\"url\":\"https:\/\/siti.italofonia.info\/italianocorretto\/\",\"name\":\"L&#039;italiano corretto\",\"description\":\"La grammatica e le risposte ai dubbi pi\u00f9 diffusi\",\"publisher\":{\"@id\":\"https:\/\/siti.italofonia.info\/italianocorretto\/#organization\"},\"potentialAction\":[{\"@type\":\"SearchAction\",\"target\":{\"@type\":\"EntryPoint\",\"urlTemplate\":\"https:\/\/siti.italofonia.info\/italianocorretto\/?s={search_term_string}\"},\"query-input\":{\"@type\":\"PropertyValueSpecification\",\"valueRequired\":true,\"valueName\":\"search_term_string\"}}],\"inLanguage\":\"it-IT\"},{\"@type\":\"Organization\",\"@id\":\"https:\/\/siti.italofonia.info\/italianocorretto\/#organization\",\"name\":\"L&#039;italiano corretto\",\"url\":\"https:\/\/siti.italofonia.info\/italianocorretto\/\",\"logo\":{\"@type\":\"ImageObject\",\"inLanguage\":\"it-IT\",\"@id\":\"https:\/\/siti.italofonia.info\/italianocorretto\/#\/schema\/logo\/image\/\",\"url\":\"https:\/\/siti.italofonia.info\/italianocorretto\/wp-content\/uploads\/sites\/4\/2021\/05\/cropped-logo-quadrato-itacorretto.jpg\",\"contentUrl\":\"https:\/\/siti.italofonia.info\/italianocorretto\/wp-content\/uploads\/sites\/4\/2021\/05\/cropped-logo-quadrato-itacorretto.jpg\",\"width\":248,\"height\":248,\"caption\":\"L&#039;italiano corretto\"},\"image\":{\"@id\":\"https:\/\/siti.italofonia.info\/italianocorretto\/#\/schema\/logo\/image\/\"}},{\"@type\":\"Person\",\"@id\":\"https:\/\/siti.italofonia.info\/italianocorretto\/#\/schema\/person\/a6d92c06412f28fdf127fffa49ded6fb\",\"name\":\"zoppaz\",\"image\":{\"@type\":\"ImageObject\",\"inLanguage\":\"it-IT\",\"@id\":\"https:\/\/siti.italofonia.info\/italianocorretto\/#\/schema\/person\/image\/\",\"url\":\"https:\/\/secure.gravatar.com\/avatar\/3896f9315ea10bdf8cd42b87b6ade87c6e815a39e4846b4badb0394ff75411f8?s=96&d=mm&r=g\",\"contentUrl\":\"https:\/\/secure.gravatar.com\/avatar\/3896f9315ea10bdf8cd42b87b6ade87c6e815a39e4846b4badb0394ff75411f8?s=96&d=mm&r=g\",\"caption\":\"zoppaz\"},\"url\":\"https:\/\/siti.italofonia.info\/italianocorretto\/author\/zoppaz\/\"}]}<\/script>\n<!-- \/ Yoast SEO plugin. -->","yoast_head_json":{"title":"\u201cPenso che \u00e8\u201d o \u201cpenso che sia\u201d? (Dubbi sul congiuntivo) - L&#039;italiano corretto","robots":{"index":"index","follow":"follow","max-snippet":"max-snippet:-1","max-image-preview":"max-image-preview:large","max-video-preview":"max-video-preview:-1"},"canonical":"https:\/\/siti.italofonia.info\/italianocorretto\/2019\/08\/08\/penso-che-e-o-penso-che-sia-dubbi-sul-congiuntivo\/","og_locale":"it_IT","og_type":"article","og_title":"\u201cPenso che \u00e8\u201d o \u201cpenso che sia\u201d? (Dubbi sul congiuntivo) - L&#039;italiano corretto","og_description":"\u25a0 Si dice \u201cpenso che \u00e8\u201d o \u201cpenso che sia\u201d? \u25a0 Quando si usa il congiuntivo e quando l\u2019indicativo? \u25a0 Perch\u00e9 si dice \u201cho notato che \u00e8\u201d ma \u201cdubito che sia? \u25a0 Perch\u00e9 si dice \u201csono partito dopo che \u00e8 arrivato\u201d ma \u201csono partito prima che arrivasse? \u25a0 Perch\u00e9 si dice \u201cmi tira la palla perch\u00e9 sono vicino\u201d ma \u201cmi tira la palla perch\u00e9 io faccia canestro?","og_url":"https:\/\/siti.italofonia.info\/italianocorretto\/2019\/08\/08\/penso-che-e-o-penso-che-sia-dubbi-sul-congiuntivo\/","og_site_name":"L&#039;italiano corretto","article_published_time":"2019-08-08T16:41:31+00:00","og_image":[{"url":"https:\/\/siti.italofonia.info\/italianocorretto\/wp-content\/uploads\/sites\/4\/2019\/08\/verbi.jpg?w=801","type":"","width":"","height":""}],"author":"zoppaz","twitter_card":"summary_large_image","twitter_misc":{"Scritto da":"zoppaz","Tempo di lettura stimato":"2 minuti"},"schema":{"@context":"https:\/\/schema.org","@graph":[{"@type":"Article","@id":"https:\/\/siti.italofonia.info\/italianocorretto\/2019\/08\/08\/penso-che-e-o-penso-che-sia-dubbi-sul-congiuntivo\/#article","isPartOf":{"@id":"https:\/\/siti.italofonia.info\/italianocorretto\/2019\/08\/08\/penso-che-e-o-penso-che-sia-dubbi-sul-congiuntivo\/"},"author":{"name":"zoppaz","@id":"https:\/\/siti.italofonia.info\/italianocorretto\/#\/schema\/person\/a6d92c06412f28fdf127fffa49ded6fb"},"headline":"\u201cPenso che \u00e8\u201d o \u201cpenso che sia\u201d? (Dubbi sul congiuntivo)","datePublished":"2019-08-08T16:41:31+00:00","mainEntityOfPage":{"@id":"https:\/\/siti.italofonia.info\/italianocorretto\/2019\/08\/08\/penso-che-e-o-penso-che-sia-dubbi-sul-congiuntivo\/"},"wordCount":479,"commentCount":0,"publisher":{"@id":"https:\/\/siti.italofonia.info\/italianocorretto\/#organization"},"image":{"@id":"https:\/\/siti.italofonia.info\/italianocorretto\/2019\/08\/08\/penso-che-e-o-penso-che-sia-dubbi-sul-congiuntivo\/#primaryimage"},"thumbnailUrl":"https:\/\/siti.italofonia.info\/italianocorretto\/wp-content\/uploads\/sites\/4\/2019\/08\/verbi.jpg?w=801","keywords":["Dubbi?","Sintassi"],"articleSection":["Congiuntivi","Modi e tempi verbali","Verbi"],"inLanguage":"it-IT","potentialAction":[{"@type":"CommentAction","name":"Comment","target":["https:\/\/siti.italofonia.info\/italianocorretto\/2019\/08\/08\/penso-che-e-o-penso-che-sia-dubbi-sul-congiuntivo\/#respond"]}]},{"@type":"WebPage","@id":"https:\/\/siti.italofonia.info\/italianocorretto\/2019\/08\/08\/penso-che-e-o-penso-che-sia-dubbi-sul-congiuntivo\/","url":"https:\/\/siti.italofonia.info\/italianocorretto\/2019\/08\/08\/penso-che-e-o-penso-che-sia-dubbi-sul-congiuntivo\/","name":"\u201cPenso che \u00e8\u201d o \u201cpenso che sia\u201d? (Dubbi sul congiuntivo) - L&#039;italiano corretto","isPartOf":{"@id":"https:\/\/siti.italofonia.info\/italianocorretto\/#website"},"primaryImageOfPage":{"@id":"https:\/\/siti.italofonia.info\/italianocorretto\/2019\/08\/08\/penso-che-e-o-penso-che-sia-dubbi-sul-congiuntivo\/#primaryimage"},"image":{"@id":"https:\/\/siti.italofonia.info\/italianocorretto\/2019\/08\/08\/penso-che-e-o-penso-che-sia-dubbi-sul-congiuntivo\/#primaryimage"},"thumbnailUrl":"https:\/\/siti.italofonia.info\/italianocorretto\/wp-content\/uploads\/sites\/4\/2019\/08\/verbi.jpg?w=801","datePublished":"2019-08-08T16:41:31+00:00","breadcrumb":{"@id":"https:\/\/siti.italofonia.info\/italianocorretto\/2019\/08\/08\/penso-che-e-o-penso-che-sia-dubbi-sul-congiuntivo\/#breadcrumb"},"inLanguage":"it-IT","potentialAction":[{"@type":"ReadAction","target":["https:\/\/siti.italofonia.info\/italianocorretto\/2019\/08\/08\/penso-che-e-o-penso-che-sia-dubbi-sul-congiuntivo\/"]}]},{"@type":"ImageObject","inLanguage":"it-IT","@id":"https:\/\/siti.italofonia.info\/italianocorretto\/2019\/08\/08\/penso-che-e-o-penso-che-sia-dubbi-sul-congiuntivo\/#primaryimage","url":"https:\/\/siti.italofonia.info\/italianocorretto\/wp-content\/uploads\/sites\/4\/2019\/08\/verbi.jpg","contentUrl":"https:\/\/siti.italofonia.info\/italianocorretto\/wp-content\/uploads\/sites\/4\/2019\/08\/verbi.jpg","width":801,"height":168},{"@type":"BreadcrumbList","@id":"https:\/\/siti.italofonia.info\/italianocorretto\/2019\/08\/08\/penso-che-e-o-penso-che-sia-dubbi-sul-congiuntivo\/#breadcrumb","itemListElement":[{"@type":"ListItem","position":1,"name":"Home","item":"https:\/\/siti.italofonia.info\/italianocorretto\/"},{"@type":"ListItem","position":2,"name":"\u201cPenso che \u00e8\u201d o \u201cpenso che sia\u201d? (Dubbi sul congiuntivo)"}]},{"@type":"WebSite","@id":"https:\/\/siti.italofonia.info\/italianocorretto\/#website","url":"https:\/\/siti.italofonia.info\/italianocorretto\/","name":"L&#039;italiano corretto","description":"La grammatica e le risposte ai dubbi pi\u00f9 diffusi","publisher":{"@id":"https:\/\/siti.italofonia.info\/italianocorretto\/#organization"},"potentialAction":[{"@type":"SearchAction","target":{"@type":"EntryPoint","urlTemplate":"https:\/\/siti.italofonia.info\/italianocorretto\/?s={search_term_string}"},"query-input":{"@type":"PropertyValueSpecification","valueRequired":true,"valueName":"search_term_string"}}],"inLanguage":"it-IT"},{"@type":"Organization","@id":"https:\/\/siti.italofonia.info\/italianocorretto\/#organization","name":"L&#039;italiano corretto","url":"https:\/\/siti.italofonia.info\/italianocorretto\/","logo":{"@type":"ImageObject","inLanguage":"it-IT","@id":"https:\/\/siti.italofonia.info\/italianocorretto\/#\/schema\/logo\/image\/","url":"https:\/\/siti.italofonia.info\/italianocorretto\/wp-content\/uploads\/sites\/4\/2021\/05\/cropped-logo-quadrato-itacorretto.jpg","contentUrl":"https:\/\/siti.italofonia.info\/italianocorretto\/wp-content\/uploads\/sites\/4\/2021\/05\/cropped-logo-quadrato-itacorretto.jpg","width":248,"height":248,"caption":"L&#039;italiano corretto"},"image":{"@id":"https:\/\/siti.italofonia.info\/italianocorretto\/#\/schema\/logo\/image\/"}},{"@type":"Person","@id":"https:\/\/siti.italofonia.info\/italianocorretto\/#\/schema\/person\/a6d92c06412f28fdf127fffa49ded6fb","name":"zoppaz","image":{"@type":"ImageObject","inLanguage":"it-IT","@id":"https:\/\/siti.italofonia.info\/italianocorretto\/#\/schema\/person\/image\/","url":"https:\/\/secure.gravatar.com\/avatar\/3896f9315ea10bdf8cd42b87b6ade87c6e815a39e4846b4badb0394ff75411f8?s=96&d=mm&r=g","contentUrl":"https:\/\/secure.gravatar.com\/avatar\/3896f9315ea10bdf8cd42b87b6ade87c6e815a39e4846b4badb0394ff75411f8?s=96&d=mm&r=g","caption":"zoppaz"},"url":"https:\/\/siti.italofonia.info\/italianocorretto\/author\/zoppaz\/"}]}},"jetpack_featured_media_url":"","jetpack_sharing_enabled":true,"amp_enabled":true,"_links":{"self":[{"href":"https:\/\/siti.italofonia.info\/italianocorretto\/wp-json\/wp\/v2\/posts\/588","targetHints":{"allow":["GET"]}}],"collection":[{"href":"https:\/\/siti.italofonia.info\/italianocorretto\/wp-json\/wp\/v2\/posts"}],"about":[{"href":"https:\/\/siti.italofonia.info\/italianocorretto\/wp-json\/wp\/v2\/types\/post"}],"author":[{"embeddable":true,"href":"https:\/\/siti.italofonia.info\/italianocorretto\/wp-json\/wp\/v2\/users\/2"}],"replies":[{"embeddable":true,"href":"https:\/\/siti.italofonia.info\/italianocorretto\/wp-json\/wp\/v2\/comments?post=588"}],"version-history":[{"count":0,"href":"https:\/\/siti.italofonia.info\/italianocorretto\/wp-json\/wp\/v2\/posts\/588\/revisions"}],"wp:attachment":[{"href":"https:\/\/siti.italofonia.info\/italianocorretto\/wp-json\/wp\/v2\/media?parent=588"}],"wp:term":[{"taxonomy":"category","embeddable":true,"href":"https:\/\/siti.italofonia.info\/italianocorretto\/wp-json\/wp\/v2\/categories?post=588"},{"taxonomy":"post_tag","embeddable":true,"href":"https:\/\/siti.italofonia.info\/italianocorretto\/wp-json\/wp\/v2\/tags?post=588"}],"curies":[{"name":"wp","href":"https:\/\/api.w.org\/{rel}","templated":true}]}}