{"id":599,"date":"2019-08-08T19:26:50","date_gmt":"2019-08-08T17:26:50","guid":{"rendered":"https:\/\/lagrammaticaitaliana.wordpress.com\/?p=599"},"modified":"2019-08-08T19:26:50","modified_gmt":"2019-08-08T17:26:50","slug":"voglio-che-sia-ma-vorrei-che-fosse","status":"publish","type":"post","link":"https:\/\/siti.italofonia.info\/italianocorretto\/2019\/08\/08\/voglio-che-sia-ma-vorrei-che-fosse\/","title":{"rendered":"Voglio che sia ma vorrei che fosse"},"content":{"rendered":"\n<figure class=\"wp-block-image size-large\"><img loading=\"lazy\" decoding=\"async\" width=\"801\" height=\"168\" src=\"https:\/\/siti.italofonia.info\/italianocorretto\/wp-content\/uploads\/sites\/4\/2019\/08\/verbi.jpg?w=801\" alt=\"\" class=\"wp-image-483\" srcset=\"https:\/\/siti.italofonia.info\/italianocorretto\/wp-content\/uploads\/sites\/4\/2019\/08\/verbi.jpg 801w, https:\/\/siti.italofonia.info\/italianocorretto\/wp-content\/uploads\/sites\/4\/2019\/08\/verbi-300x63.jpg 300w, https:\/\/siti.italofonia.info\/italianocorretto\/wp-content\/uploads\/sites\/4\/2019\/08\/verbi-768x161.jpg 768w\" sizes=\"auto, (max-width: 801px) 100vw, 801px\" \/><\/figure>\n\n\n\n<p style=\"font-size:12px\" class=\"has-background has-light-blue-background-color\">\n\n\n\n\n\n\n\n\n\n\n\n\n\n\n\n\n\n\u25a0 Perch\u00e9 si dice \u201cvoglio che sia\u201d ma \u201cvorrei che <em>fosse<\/em>\u201d? \u25a0 Si pu\u00f2 dire \u201cdesidererei che sia\u201d? \u25a0 Meglio dire \u201cmi piacerebbe che sia\u201d\no \u201cmi piacerebbe che fosse\u201d?\n\n\n\n<\/p>\n\n\n\n<div class=\"wp-block-image\"><figure class=\"alignleft size-large\"><img loading=\"lazy\" decoding=\"async\" width=\"299\" height=\"364\" src=\"https:\/\/siti.italofonia.info\/italianocorretto\/wp-content\/uploads\/sites\/4\/2019\/08\/vorrei-che-fosse.jpg\" alt=\"\" class=\"wp-image-600\" srcset=\"https:\/\/siti.italofonia.info\/italianocorretto\/wp-content\/uploads\/sites\/4\/2019\/08\/vorrei-che-fosse.jpg 299w, https:\/\/siti.italofonia.info\/italianocorretto\/wp-content\/uploads\/sites\/4\/2019\/08\/vorrei-che-fosse-246x300.jpg 246w\" sizes=\"auto, (max-width: 299px) 100vw, 299px\" \/><\/figure><\/div>\n\n\n\n<p><br>Quando si usa il congiuntivo, per esprimere la contemporaneit\u00e0 nel presente con la principale si usa di solito il congiuntivo presente, per esempio: <\/p>\n\n\n\n<p> \u25cf  <em>immagino che tu sappia<\/em><br> \u25cf  <em>voglio che sia<\/em>.<\/p>\n\n\n\n<p>Ma quando nella principale c\u2019\u00e8 un <strong>condizionale <\/strong>(e non un indicativo) di un verbo di <strong>volont\u00e0 <\/strong>o <strong>desiderio<\/strong>, per esprimere la contemporaneit\u00e0 nel presente non si usa il <em>congiuntivo presente<\/em>, ma il <em>congiuntivo imperfetto<\/em>.<\/p>\n\n\n\n<p>Dunque si dice:<\/p>\n\n\n\n<div class=\"wp-block-image\"><figure class=\"alignleft size-large\"><img loading=\"lazy\" decoding=\"async\" width=\"100\" height=\"100\" src=\"https:\/\/siti.italofonia.info\/italianocorretto\/wp-content\/uploads\/sites\/4\/2019\/08\/attenzione-100.jpg?w=100\" alt=\"\" class=\"wp-image-289\" \/><\/figure><\/div>\n\n\n\n<p><strong>vorrei che tu fossi<\/strong><\/p>\n\n\n\n<p>e non:<\/p>\n\n\n\n<p><s><em>vorrei che tu sia<\/em><\/s>.<\/p>\n\n\n\n<p style=\"text-align:left\"><em>Riassumendo<\/em>: si dice <strong>voglio che sia<\/strong>, ma <strong>vorrei che fosse<\/strong>, come cantava Mina.<\/p>\n\n\n\n<p><\/p>\n","protected":false},"excerpt":{"rendered":"<p>\u25a0 Perch\u00e9 si dice \u201cvoglio che sia\u201d ma \u201cvorrei che fosse\u201d? \u25a0 Si pu\u00f2 dire \u201cdesidererei che sia\u201d? \u25a0 Meglio dire \u201cmi piacerebbe che sia\u201d o \u201cmi piacerebbe che fosse\u201d?<\/p>\n<p>Quando si usa il congiuntivo, per esprimere la contemporaneit\u00e0 nel presente con la principale si usa di solito il congiuntivo presente (voglio che sia).<br \/>\nMa quando nella principale c\u2019\u00e8 un condizionale di un verbo di volont\u00e0 o desiderio, per esprimere la contemporaneit\u00e0 nel presente si usa il congiuntivo imperfetto (vorrei che fosse).<\/p>\n","protected":false},"author":2,"featured_media":0,"comment_status":"open","ping_status":"open","sticky":false,"template":"","format":"standard","meta":{"_jetpack_memberships_contains_paid_content":false,"footnotes":""},"categories":[18,20,17],"tags":[23,32],"class_list":["post-599","post","type-post","status-publish","format-standard","hentry","category-congiuntivi","category-modi-e-tempi-verbali","category-verbi","tag-dubbi","tag-sintassi"],"yoast_head":"<!-- This site is optimized with the Yoast SEO plugin v25.9 - https:\/\/yoast.com\/wordpress\/plugins\/seo\/ -->\n<title>Voglio che sia ma vorrei che fosse - L&#039;italiano corretto<\/title>\n<meta name=\"robots\" content=\"index, follow, max-snippet:-1, max-image-preview:large, max-video-preview:-1\" \/>\n<link rel=\"canonical\" href=\"https:\/\/siti.italofonia.info\/italianocorretto\/2019\/08\/08\/voglio-che-sia-ma-vorrei-che-fosse\/\" \/>\n<meta property=\"og:locale\" content=\"it_IT\" \/>\n<meta property=\"og:type\" content=\"article\" \/>\n<meta property=\"og:title\" content=\"Voglio che sia ma vorrei che fosse - L&#039;italiano corretto\" \/>\n<meta property=\"og:description\" content=\"\u25a0 Perch\u00e9 si dice \u201cvoglio che sia\u201d ma \u201cvorrei che fosse\u201d? \u25a0 Si pu\u00f2 dire \u201cdesidererei che sia\u201d? \u25a0 Meglio dire \u201cmi piacerebbe che sia\u201d o \u201cmi piacerebbe che fosse\u201d?  Quando si usa il congiuntivo, per esprimere la contemporaneit\u00e0 nel presente con la principale si usa di solito il congiuntivo presente (voglio che sia). Ma quando nella principale c\u2019\u00e8 un condizionale di un verbo di volont\u00e0 o desiderio, per esprimere la contemporaneit\u00e0 nel presente si usa il congiuntivo imperfetto (vorrei che fosse).\" \/>\n<meta property=\"og:url\" content=\"https:\/\/siti.italofonia.info\/italianocorretto\/2019\/08\/08\/voglio-che-sia-ma-vorrei-che-fosse\/\" \/>\n<meta property=\"og:site_name\" content=\"L&#039;italiano corretto\" \/>\n<meta property=\"article:published_time\" content=\"2019-08-08T17:26:50+00:00\" \/>\n<meta property=\"og:image\" content=\"https:\/\/siti.italofonia.info\/italianocorretto\/wp-content\/uploads\/sites\/4\/2019\/08\/verbi.jpg?w=801\" \/>\n<meta name=\"author\" content=\"zoppaz\" \/>\n<meta name=\"twitter:card\" content=\"summary_large_image\" \/>\n<meta name=\"twitter:label1\" content=\"Scritto da\" \/>\n\t<meta name=\"twitter:data1\" content=\"zoppaz\" \/>\n\t<meta name=\"twitter:label2\" content=\"Tempo di lettura stimato\" \/>\n\t<meta name=\"twitter:data2\" content=\"1 minuto\" \/>\n<script type=\"application\/ld+json\" class=\"yoast-schema-graph\">{\"@context\":\"https:\/\/schema.org\",\"@graph\":[{\"@type\":\"Article\",\"@id\":\"https:\/\/siti.italofonia.info\/italianocorretto\/2019\/08\/08\/voglio-che-sia-ma-vorrei-che-fosse\/#article\",\"isPartOf\":{\"@id\":\"https:\/\/siti.italofonia.info\/italianocorretto\/2019\/08\/08\/voglio-che-sia-ma-vorrei-che-fosse\/\"},\"author\":{\"name\":\"zoppaz\",\"@id\":\"https:\/\/siti.italofonia.info\/italianocorretto\/#\/schema\/person\/a6d92c06412f28fdf127fffa49ded6fb\"},\"headline\":\"Voglio che sia ma vorrei che fosse\",\"datePublished\":\"2019-08-08T17:26:50+00:00\",\"mainEntityOfPage\":{\"@id\":\"https:\/\/siti.italofonia.info\/italianocorretto\/2019\/08\/08\/voglio-che-sia-ma-vorrei-che-fosse\/\"},\"wordCount\":124,\"commentCount\":0,\"publisher\":{\"@id\":\"https:\/\/siti.italofonia.info\/italianocorretto\/#organization\"},\"image\":{\"@id\":\"https:\/\/siti.italofonia.info\/italianocorretto\/2019\/08\/08\/voglio-che-sia-ma-vorrei-che-fosse\/#primaryimage\"},\"thumbnailUrl\":\"https:\/\/siti.italofonia.info\/italianocorretto\/wp-content\/uploads\/sites\/4\/2019\/08\/verbi.jpg?w=801\",\"keywords\":[\"Dubbi?\",\"Sintassi\"],\"articleSection\":[\"Congiuntivi\",\"Modi e tempi verbali\",\"Verbi\"],\"inLanguage\":\"it-IT\",\"potentialAction\":[{\"@type\":\"CommentAction\",\"name\":\"Comment\",\"target\":[\"https:\/\/siti.italofonia.info\/italianocorretto\/2019\/08\/08\/voglio-che-sia-ma-vorrei-che-fosse\/#respond\"]}]},{\"@type\":\"WebPage\",\"@id\":\"https:\/\/siti.italofonia.info\/italianocorretto\/2019\/08\/08\/voglio-che-sia-ma-vorrei-che-fosse\/\",\"url\":\"https:\/\/siti.italofonia.info\/italianocorretto\/2019\/08\/08\/voglio-che-sia-ma-vorrei-che-fosse\/\",\"name\":\"Voglio che sia ma vorrei che fosse - L&#039;italiano corretto\",\"isPartOf\":{\"@id\":\"https:\/\/siti.italofonia.info\/italianocorretto\/#website\"},\"primaryImageOfPage\":{\"@id\":\"https:\/\/siti.italofonia.info\/italianocorretto\/2019\/08\/08\/voglio-che-sia-ma-vorrei-che-fosse\/#primaryimage\"},\"image\":{\"@id\":\"https:\/\/siti.italofonia.info\/italianocorretto\/2019\/08\/08\/voglio-che-sia-ma-vorrei-che-fosse\/#primaryimage\"},\"thumbnailUrl\":\"https:\/\/siti.italofonia.info\/italianocorretto\/wp-content\/uploads\/sites\/4\/2019\/08\/verbi.jpg?w=801\",\"datePublished\":\"2019-08-08T17:26:50+00:00\",\"breadcrumb\":{\"@id\":\"https:\/\/siti.italofonia.info\/italianocorretto\/2019\/08\/08\/voglio-che-sia-ma-vorrei-che-fosse\/#breadcrumb\"},\"inLanguage\":\"it-IT\",\"potentialAction\":[{\"@type\":\"ReadAction\",\"target\":[\"https:\/\/siti.italofonia.info\/italianocorretto\/2019\/08\/08\/voglio-che-sia-ma-vorrei-che-fosse\/\"]}]},{\"@type\":\"ImageObject\",\"inLanguage\":\"it-IT\",\"@id\":\"https:\/\/siti.italofonia.info\/italianocorretto\/2019\/08\/08\/voglio-che-sia-ma-vorrei-che-fosse\/#primaryimage\",\"url\":\"https:\/\/siti.italofonia.info\/italianocorretto\/wp-content\/uploads\/sites\/4\/2019\/08\/verbi.jpg\",\"contentUrl\":\"https:\/\/siti.italofonia.info\/italianocorretto\/wp-content\/uploads\/sites\/4\/2019\/08\/verbi.jpg\",\"width\":801,\"height\":168},{\"@type\":\"BreadcrumbList\",\"@id\":\"https:\/\/siti.italofonia.info\/italianocorretto\/2019\/08\/08\/voglio-che-sia-ma-vorrei-che-fosse\/#breadcrumb\",\"itemListElement\":[{\"@type\":\"ListItem\",\"position\":1,\"name\":\"Home\",\"item\":\"https:\/\/siti.italofonia.info\/italianocorretto\/\"},{\"@type\":\"ListItem\",\"position\":2,\"name\":\"Voglio che sia ma vorrei che fosse\"}]},{\"@type\":\"WebSite\",\"@id\":\"https:\/\/siti.italofonia.info\/italianocorretto\/#website\",\"url\":\"https:\/\/siti.italofonia.info\/italianocorretto\/\",\"name\":\"L&#039;italiano corretto\",\"description\":\"La grammatica e le risposte ai dubbi pi\u00f9 diffusi\",\"publisher\":{\"@id\":\"https:\/\/siti.italofonia.info\/italianocorretto\/#organization\"},\"potentialAction\":[{\"@type\":\"SearchAction\",\"target\":{\"@type\":\"EntryPoint\",\"urlTemplate\":\"https:\/\/siti.italofonia.info\/italianocorretto\/?s={search_term_string}\"},\"query-input\":{\"@type\":\"PropertyValueSpecification\",\"valueRequired\":true,\"valueName\":\"search_term_string\"}}],\"inLanguage\":\"it-IT\"},{\"@type\":\"Organization\",\"@id\":\"https:\/\/siti.italofonia.info\/italianocorretto\/#organization\",\"name\":\"L&#039;italiano corretto\",\"url\":\"https:\/\/siti.italofonia.info\/italianocorretto\/\",\"logo\":{\"@type\":\"ImageObject\",\"inLanguage\":\"it-IT\",\"@id\":\"https:\/\/siti.italofonia.info\/italianocorretto\/#\/schema\/logo\/image\/\",\"url\":\"https:\/\/siti.italofonia.info\/italianocorretto\/wp-content\/uploads\/sites\/4\/2021\/05\/cropped-logo-quadrato-itacorretto.jpg\",\"contentUrl\":\"https:\/\/siti.italofonia.info\/italianocorretto\/wp-content\/uploads\/sites\/4\/2021\/05\/cropped-logo-quadrato-itacorretto.jpg\",\"width\":248,\"height\":248,\"caption\":\"L&#039;italiano corretto\"},\"image\":{\"@id\":\"https:\/\/siti.italofonia.info\/italianocorretto\/#\/schema\/logo\/image\/\"}},{\"@type\":\"Person\",\"@id\":\"https:\/\/siti.italofonia.info\/italianocorretto\/#\/schema\/person\/a6d92c06412f28fdf127fffa49ded6fb\",\"name\":\"zoppaz\",\"image\":{\"@type\":\"ImageObject\",\"inLanguage\":\"it-IT\",\"@id\":\"https:\/\/siti.italofonia.info\/italianocorretto\/#\/schema\/person\/image\/\",\"url\":\"https:\/\/secure.gravatar.com\/avatar\/3896f9315ea10bdf8cd42b87b6ade87c6e815a39e4846b4badb0394ff75411f8?s=96&d=mm&r=g\",\"contentUrl\":\"https:\/\/secure.gravatar.com\/avatar\/3896f9315ea10bdf8cd42b87b6ade87c6e815a39e4846b4badb0394ff75411f8?s=96&d=mm&r=g\",\"caption\":\"zoppaz\"},\"url\":\"https:\/\/siti.italofonia.info\/italianocorretto\/author\/zoppaz\/\"}]}<\/script>\n<!-- \/ Yoast SEO plugin. -->","yoast_head_json":{"title":"Voglio che sia ma vorrei che fosse - L&#039;italiano corretto","robots":{"index":"index","follow":"follow","max-snippet":"max-snippet:-1","max-image-preview":"max-image-preview:large","max-video-preview":"max-video-preview:-1"},"canonical":"https:\/\/siti.italofonia.info\/italianocorretto\/2019\/08\/08\/voglio-che-sia-ma-vorrei-che-fosse\/","og_locale":"it_IT","og_type":"article","og_title":"Voglio che sia ma vorrei che fosse - L&#039;italiano corretto","og_description":"\u25a0 Perch\u00e9 si dice \u201cvoglio che sia\u201d ma \u201cvorrei che fosse\u201d? \u25a0 Si pu\u00f2 dire \u201cdesidererei che sia\u201d? \u25a0 Meglio dire \u201cmi piacerebbe che sia\u201d o \u201cmi piacerebbe che fosse\u201d?  Quando si usa il congiuntivo, per esprimere la contemporaneit\u00e0 nel presente con la principale si usa di solito il congiuntivo presente (voglio che sia). Ma quando nella principale c\u2019\u00e8 un condizionale di un verbo di volont\u00e0 o desiderio, per esprimere la contemporaneit\u00e0 nel presente si usa il congiuntivo imperfetto (vorrei che fosse).","og_url":"https:\/\/siti.italofonia.info\/italianocorretto\/2019\/08\/08\/voglio-che-sia-ma-vorrei-che-fosse\/","og_site_name":"L&#039;italiano corretto","article_published_time":"2019-08-08T17:26:50+00:00","og_image":[{"url":"https:\/\/siti.italofonia.info\/italianocorretto\/wp-content\/uploads\/sites\/4\/2019\/08\/verbi.jpg?w=801","type":"","width":"","height":""}],"author":"zoppaz","twitter_card":"summary_large_image","twitter_misc":{"Scritto da":"zoppaz","Tempo di lettura stimato":"1 minuto"},"schema":{"@context":"https:\/\/schema.org","@graph":[{"@type":"Article","@id":"https:\/\/siti.italofonia.info\/italianocorretto\/2019\/08\/08\/voglio-che-sia-ma-vorrei-che-fosse\/#article","isPartOf":{"@id":"https:\/\/siti.italofonia.info\/italianocorretto\/2019\/08\/08\/voglio-che-sia-ma-vorrei-che-fosse\/"},"author":{"name":"zoppaz","@id":"https:\/\/siti.italofonia.info\/italianocorretto\/#\/schema\/person\/a6d92c06412f28fdf127fffa49ded6fb"},"headline":"Voglio che sia ma vorrei che fosse","datePublished":"2019-08-08T17:26:50+00:00","mainEntityOfPage":{"@id":"https:\/\/siti.italofonia.info\/italianocorretto\/2019\/08\/08\/voglio-che-sia-ma-vorrei-che-fosse\/"},"wordCount":124,"commentCount":0,"publisher":{"@id":"https:\/\/siti.italofonia.info\/italianocorretto\/#organization"},"image":{"@id":"https:\/\/siti.italofonia.info\/italianocorretto\/2019\/08\/08\/voglio-che-sia-ma-vorrei-che-fosse\/#primaryimage"},"thumbnailUrl":"https:\/\/siti.italofonia.info\/italianocorretto\/wp-content\/uploads\/sites\/4\/2019\/08\/verbi.jpg?w=801","keywords":["Dubbi?","Sintassi"],"articleSection":["Congiuntivi","Modi e tempi verbali","Verbi"],"inLanguage":"it-IT","potentialAction":[{"@type":"CommentAction","name":"Comment","target":["https:\/\/siti.italofonia.info\/italianocorretto\/2019\/08\/08\/voglio-che-sia-ma-vorrei-che-fosse\/#respond"]}]},{"@type":"WebPage","@id":"https:\/\/siti.italofonia.info\/italianocorretto\/2019\/08\/08\/voglio-che-sia-ma-vorrei-che-fosse\/","url":"https:\/\/siti.italofonia.info\/italianocorretto\/2019\/08\/08\/voglio-che-sia-ma-vorrei-che-fosse\/","name":"Voglio che sia ma vorrei che fosse - L&#039;italiano corretto","isPartOf":{"@id":"https:\/\/siti.italofonia.info\/italianocorretto\/#website"},"primaryImageOfPage":{"@id":"https:\/\/siti.italofonia.info\/italianocorretto\/2019\/08\/08\/voglio-che-sia-ma-vorrei-che-fosse\/#primaryimage"},"image":{"@id":"https:\/\/siti.italofonia.info\/italianocorretto\/2019\/08\/08\/voglio-che-sia-ma-vorrei-che-fosse\/#primaryimage"},"thumbnailUrl":"https:\/\/siti.italofonia.info\/italianocorretto\/wp-content\/uploads\/sites\/4\/2019\/08\/verbi.jpg?w=801","datePublished":"2019-08-08T17:26:50+00:00","breadcrumb":{"@id":"https:\/\/siti.italofonia.info\/italianocorretto\/2019\/08\/08\/voglio-che-sia-ma-vorrei-che-fosse\/#breadcrumb"},"inLanguage":"it-IT","potentialAction":[{"@type":"ReadAction","target":["https:\/\/siti.italofonia.info\/italianocorretto\/2019\/08\/08\/voglio-che-sia-ma-vorrei-che-fosse\/"]}]},{"@type":"ImageObject","inLanguage":"it-IT","@id":"https:\/\/siti.italofonia.info\/italianocorretto\/2019\/08\/08\/voglio-che-sia-ma-vorrei-che-fosse\/#primaryimage","url":"https:\/\/siti.italofonia.info\/italianocorretto\/wp-content\/uploads\/sites\/4\/2019\/08\/verbi.jpg","contentUrl":"https:\/\/siti.italofonia.info\/italianocorretto\/wp-content\/uploads\/sites\/4\/2019\/08\/verbi.jpg","width":801,"height":168},{"@type":"BreadcrumbList","@id":"https:\/\/siti.italofonia.info\/italianocorretto\/2019\/08\/08\/voglio-che-sia-ma-vorrei-che-fosse\/#breadcrumb","itemListElement":[{"@type":"ListItem","position":1,"name":"Home","item":"https:\/\/siti.italofonia.info\/italianocorretto\/"},{"@type":"ListItem","position":2,"name":"Voglio che sia ma vorrei che fosse"}]},{"@type":"WebSite","@id":"https:\/\/siti.italofonia.info\/italianocorretto\/#website","url":"https:\/\/siti.italofonia.info\/italianocorretto\/","name":"L&#039;italiano corretto","description":"La grammatica e le risposte ai dubbi pi\u00f9 diffusi","publisher":{"@id":"https:\/\/siti.italofonia.info\/italianocorretto\/#organization"},"potentialAction":[{"@type":"SearchAction","target":{"@type":"EntryPoint","urlTemplate":"https:\/\/siti.italofonia.info\/italianocorretto\/?s={search_term_string}"},"query-input":{"@type":"PropertyValueSpecification","valueRequired":true,"valueName":"search_term_string"}}],"inLanguage":"it-IT"},{"@type":"Organization","@id":"https:\/\/siti.italofonia.info\/italianocorretto\/#organization","name":"L&#039;italiano corretto","url":"https:\/\/siti.italofonia.info\/italianocorretto\/","logo":{"@type":"ImageObject","inLanguage":"it-IT","@id":"https:\/\/siti.italofonia.info\/italianocorretto\/#\/schema\/logo\/image\/","url":"https:\/\/siti.italofonia.info\/italianocorretto\/wp-content\/uploads\/sites\/4\/2021\/05\/cropped-logo-quadrato-itacorretto.jpg","contentUrl":"https:\/\/siti.italofonia.info\/italianocorretto\/wp-content\/uploads\/sites\/4\/2021\/05\/cropped-logo-quadrato-itacorretto.jpg","width":248,"height":248,"caption":"L&#039;italiano corretto"},"image":{"@id":"https:\/\/siti.italofonia.info\/italianocorretto\/#\/schema\/logo\/image\/"}},{"@type":"Person","@id":"https:\/\/siti.italofonia.info\/italianocorretto\/#\/schema\/person\/a6d92c06412f28fdf127fffa49ded6fb","name":"zoppaz","image":{"@type":"ImageObject","inLanguage":"it-IT","@id":"https:\/\/siti.italofonia.info\/italianocorretto\/#\/schema\/person\/image\/","url":"https:\/\/secure.gravatar.com\/avatar\/3896f9315ea10bdf8cd42b87b6ade87c6e815a39e4846b4badb0394ff75411f8?s=96&d=mm&r=g","contentUrl":"https:\/\/secure.gravatar.com\/avatar\/3896f9315ea10bdf8cd42b87b6ade87c6e815a39e4846b4badb0394ff75411f8?s=96&d=mm&r=g","caption":"zoppaz"},"url":"https:\/\/siti.italofonia.info\/italianocorretto\/author\/zoppaz\/"}]}},"jetpack_featured_media_url":"","jetpack_sharing_enabled":true,"amp_enabled":true,"_links":{"self":[{"href":"https:\/\/siti.italofonia.info\/italianocorretto\/wp-json\/wp\/v2\/posts\/599","targetHints":{"allow":["GET"]}}],"collection":[{"href":"https:\/\/siti.italofonia.info\/italianocorretto\/wp-json\/wp\/v2\/posts"}],"about":[{"href":"https:\/\/siti.italofonia.info\/italianocorretto\/wp-json\/wp\/v2\/types\/post"}],"author":[{"embeddable":true,"href":"https:\/\/siti.italofonia.info\/italianocorretto\/wp-json\/wp\/v2\/users\/2"}],"replies":[{"embeddable":true,"href":"https:\/\/siti.italofonia.info\/italianocorretto\/wp-json\/wp\/v2\/comments?post=599"}],"version-history":[{"count":0,"href":"https:\/\/siti.italofonia.info\/italianocorretto\/wp-json\/wp\/v2\/posts\/599\/revisions"}],"wp:attachment":[{"href":"https:\/\/siti.italofonia.info\/italianocorretto\/wp-json\/wp\/v2\/media?parent=599"}],"wp:term":[{"taxonomy":"category","embeddable":true,"href":"https:\/\/siti.italofonia.info\/italianocorretto\/wp-json\/wp\/v2\/categories?post=599"},{"taxonomy":"post_tag","embeddable":true,"href":"https:\/\/siti.italofonia.info\/italianocorretto\/wp-json\/wp\/v2\/tags?post=599"}],"curies":[{"name":"wp","href":"https:\/\/api.w.org\/{rel}","templated":true}]}}