{"id":135,"date":"2025-04-02T15:57:11","date_gmt":"2025-04-02T13:57:11","guid":{"rendered":"https:\/\/siti.italofonia.info\/unesco\/?p=135"},"modified":"2025-07-11T14:16:52","modified_gmt":"2025-07-11T12:16:52","slug":"aktan-arym-kubat-vivo-tra-gli-eroi-dei-miei-film","status":"publish","type":"post","link":"https:\/\/siti.italofonia.info\/unesco\/2025-0406\/aktan-arym-kubat-vivo-tra-gli-eroi-dei-miei-film\/","title":{"rendered":"Aktan Arym Kubat: &#8220;Vivo tra gli eroi dei miei film&#8221;"},"content":{"rendered":"\n\n<p class=\"has-small-font-size\">\u00a9 Aisedora Alymkul<\/p>\n\n\n\n\n\n<p>Intervista di <strong>Katerina Markelova<\/strong><br>UNESCO<\/p>\n\n\n\n\n\n<p><strong>All&#8217;et\u00e0 di 68 anni, lei ha realizzato nove film, ognuno dei quali ritrae a suo modo la vita ordinaria in Kirghizistan, in particolare nelle campagne. Perch\u00e9 \u00e8 cos\u00ec attratto da questi luoghi in particolare?<\/strong><\/p>\n\n\n\n\n\n<p>Credo che derivi soprattutto dalla mia prima vocazione. Mi sono formato come pittore e sono diventato regista solo per una serie di circostanze. Amo la verit\u00e0 artistica. La campagna \u00e8 una metafora del mio Paese, che \u00e8 rimasto ai margini. Ho fatto un film su di essa, <em>Bus Stop <\/em>(2000), dopo la caduta dell&#8217;Unione Sovietica. Ricordo che all&#8217;epoca passavano solo poche macchine, anche sulle strade principali. Ma la gente stava in piedi e aspettava ai bordi della strada. Abbiamo aspettato a lungo, senza sapere cosa sarebbe successo dopo. Ogni mio film riflette i tempi in cui vivo. <\/p>\n\n\n\n\n\n<p>Ogni mio film riflette i tempi in cui vivo<\/p>\n\n\n\n\n\n<p>Ho realizzato sei film importanti, divisi in due trilogie. La prima riguarda l&#8217;infanzia, l&#8217;adolescenza e la giovinezza. La seconda \u00e8 quasi interamente dedicata alla mia vita attuale. Anche se a volte vengo definito il poeta dell&#8217;ordinario, si tratta di film piuttosto duri.<\/p>\n\n\n\n\n\n<p>Anche se con il tempo i miei film dovessero perdere il loro valore artistico, sarebbero comunque interessanti dal punto di vista antropologico perch\u00e9 cerco di filmare storie autentiche, con persone vere piuttosto che con attori. Si pu\u00f2 vedere come vivono le persone, come si vestono, quali sono le loro relazioni, com&#8217;\u00e8 la loro vita quotidiana. Lavoro alla frontiera tra documentario e fiction.<\/p>\n\n\n\n\n\n<p><strong>Nella trilogia di <\/strong><em><strong>The Light Thief <\/strong><\/em><strong>(2010), <\/strong><em><strong>The<\/strong><\/em><strong> <\/strong><em><strong>Centaur <\/strong><\/em><strong>(2017) e <\/strong><em><strong>Esimde <\/strong><\/em><strong>[This Is What I Remember] (2022), i personaggi sono uomini innocenti e onesti, con integrit\u00e0 e interesse per la giustizia. Cosa cerca di mostrare attraverso di loro?<\/strong><\/p>\n\n\n\n\n\n<p>Noi kirghisi siamo un popolo di sfaccendati, ancora in gran parte non toccati dall&#8217;influenza della globalizzazione. Dell&#8217;elettricista Svet-ake ne <em>Il ladro di luce <\/em>dico che \u00e8 un moderno Prometeo. A volte mi sembra che uomini come Svet-ake siano scomparsi, ma si trovano ancora uomini come Centauro, un ex proiezionista che lavora nei cantieri. Sta cercando di cambiare il Paese tornando alle tradizioni e alle leggende degli antichi. L&#8217;ho chiamato Centauro per significare che c&#8217;\u00e8 ancora una parte di animalit\u00e0 in noi. Il Centauro ha smesso di essere quello che era, un proiezionista. Molti cinema hanno chiuso. Anche la perdita di memoria di Zarlyk in <em>Esimde <\/em>\u00e8 una metafora. Sembra che abbiamo perso collettivamente la memoria: pensiamo di essere intelligenti, ma ci manca la saggezza. <\/p>\n\n\n\n\n\n<p>Cerco di catturare il mio Paese attraverso un obiettivo personale<\/p>\n\n\n\n\n\n<p>In effetti, cerco di capire me stesso attraverso i miei film. Cerco anche di catturare il mio Paese attraverso una lente personale. L&#8217;interpretazione visiva di ci\u00f2 che mi circonda, unita ai miei sentimenti emotivi e alla mia comprensione delle cose, mi porta a raccontare storie semplici e belle che tuttavia fungono da specchio della societ\u00e0 kirghisa<\/p>\n\n\n\n\n\n<p><strong>Lei ha vinto diversi premi internazionali, tra cui il Pardo d&#8217;argento per <\/strong><em><strong>Il figlio adottivo<\/strong><\/em><strong> al Festival di Locarno nel 1998 e il Gran Premio della Giuria agli Asia Pacific Screen Awards (APSA) nel 2022 per <\/strong><em><strong>Esimde<\/strong><\/em><strong>. Questi premi hanno cambiato qualcosa per lei? <\/strong><\/p>\n\n\n\n\n\n<p>\u00c8 un riconoscimento che mi porta nuove opportunit\u00e0 di finanziamento. Non sono alla ricerca di onorificenze. Quando faccio un film, a volte viene premiato. Presentare un film a un festival \u00e8 un lavoro duro. Bisogna promuoverlo e, nel mio caso, rappresentare il proprio Paese. Per un Paese piccolo come il nostro, questa \u00e8 una necessit\u00e0. <\/p>\n\n\n\n\n\n<p>L&#8217;artista mostra ci\u00f2 che lo turba<\/p>\n\n\n\n\n\n<p>A volte mi accusano di non ritrarre la mia societ\u00e0 nella luce migliore. Io filmo la durezza della vita rurale. Perch\u00e9 dovrei ritrarre una vita migliore? Non credo che questo sia il ruolo dell&#8217;artista. L&#8217;artista mostra ci\u00f2 che lo disturba.<\/p>\n\n\n\n\n\n<p><strong>Lo scrittore Chinghiz Aitmatov ha avuto un ruolo importante nell&#8217;avvento del &#8220;miracolo del cinema kirghiso&#8221; negli anni &#8217;60, in quanto molti film sono stati ispirati dalle sue opere. Lei si considera un erede di quell&#8217;epoca d&#8217;oro? <\/strong><\/p>\n\n\n\n\n\n<p>La letteratura \u00e8 spesso fonte di ispirazione per il cinema. Aitmatov, in quanto fenomeno eccezionale della nostra letteratura, ha certamente ispirato molti registi. Il miracolo kirghiso \u00e8 in gran parte associato al suo nome. Le sue opere sono state adattate dai nostri maestri, Tolomush Okeyev, Bolot Shamshiyev, Gennady Bazarov, e da una serie di registi russi e sovietici, tra cui Larisa Shepitko, Andre\u00ef Mikhalkov-Kontchalovsky e Irina Poplavskaya. <\/p>\n\n\n\n\n\n<p>Forse sono pi\u00f9 vicino ad Aitmatov di chiunque lo abbia portato sullo schermo, non tanto per la sua produzione letteraria quanto per il suo rapporto con il mondo circostante. Molte delle sue storie evocano il suo villaggio di Sheker e i suoi eroi sono persone che conosceva. Come lui, anch&#8217;io vivo tra i miei eroi. <\/p>\n\n\n\n\n\n<p><strong>Lei recita in molti dei suoi film. Anche suo figlio Mirlan Abdykalykov, che \u00e8 anche regista, appare sullo schermo. Perch\u00e9 questa scelta? <\/strong><\/p>\n\n\n\n\n\n<p>I miei film sono molto personali. Quando ho deciso di fare il mio primo film, mi sono naturalmente rivolto alla mia infanzia. \u00c8 stato un richiamo inconscio a me stesso. Anche Federico Fellini aveva questa idea: se non puoi parlare di te stesso, come puoi parlare degli altri? E quando parlo di me stesso, l&#8217;unico uomo che mi assomiglia \u00e8 Mirlan.<\/p>\n\n\n\n\n\n<p>Ha recitato nella prima trilogia e in particolare ne <em>Il figlio adottivo<\/em>. Ma il figlio adottivo sono io. Il protagonista viene a sapere di essere stato adottato, ma rimane con la sua famiglia. Nel mio Paese diciamo che non sei figlio di chi ti ha generato, ma di chi ti ha cresciuto. Lo stesso vale per <em>Lo scimpanz\u00e9 <\/em>(2001). Anche se gran parte della popolazione non ha la fisionomia di Suimenkul Chokmorov, ci si aspetta che un uomo kirghiso assomigli al nostro famoso attore. Se non assomiglio a lui, allora non sono kirghiso? <em>Lo Scimpanz\u00e9 <\/em>\u00e8 stata una forma di reazione ai diktat della bellezza. Tutti gli artisti hanno un difetto che cercano di superare. <\/p>\n\n\n\n\n\n<p>Queste sono state le circostanze che mi hanno portato a giocare a <em>The Light Thief<\/em>. Mi sono ricordato degli ingegneri elettrici della mia infanzia. Tutti ammiravamo questi uomini che riuscivano a salire senza sforzo in cima a un palo e a collegare l&#8217;elettricit\u00e0. Un uomo che portava la luce nelle case doveva essere buono, diverso dai suoi simili. Avevo bisogno di un attore che fosse in grado di trasmetterlo, ma non sono riuscito a trovarlo, cos\u00ec alla fine ho dovuto decidere di interpretarlo io stesso. Il film ha vinto diversi premi, in particolare quello per il miglior attore.<\/p>\n\n\n\n\n\n<p><strong>Il numero di film prodotti in Kirghizistan \u00e8 aumentato notevolmente negli ultimi anni. Cosa dice questo dell&#8217;industria cinematografica nazionale?<\/strong><\/p>\n\n\n\n\n\n<p>Lo studio cinematografico kirghiso era uno dei meno attrezzati dell&#8217;epoca sovietica. La Kazakhfilm, che aveva beneficiato dell&#8217;evacuazione dello studio Mosfilm in Kazakistan durante la guerra, aveva una base molto pi\u00f9 solida. Quando l&#8217;Unione Sovietica \u00e8 crollata, abbiamo passato momenti difficili. Ne siamo usciti grazie all&#8217;avvento della tecnologia digitale, che ha contribuito a democratizzare la produzione cinematografica. I miei film richiedevano in media 30.000 metri di pellicola, che costavano circa 90.000 dollari. Oggi, con quella cifra, si possono fare tre film.<\/p>\n\n\n\n\n\n<p>In media, in Kirghizistan si producono circa 50 film all&#8217;anno, a volte anche di pi\u00f9. Tutti i mezzi sono validi per realizzare un film: alcuni prendono in prestito denaro, altri trovano sponsor. Si tratta di un&#8217;industria cinematografica orientata soprattutto al guadagno, e non c&#8217;\u00e8 nulla di male in questo. Il cinema commerciale e il cinema d&#8217;autore devono poter coesistere se si vuole che l&#8217;industria prosperi. I film commerciali attirano il pubblico, il che incoraggia l&#8217;apertura di sale cinematografiche. Questo ci d\u00e0 la possibilit\u00e0 di essere distribuiti e di portare i nostri film all&#8217;attenzione del pubblico. Col tempo, la quantit\u00e0 produrr\u00e0 qualit\u00e0.<\/p>\n\n\n\n\n\n<p>Il problema del cinema kirghiso \u00e8 che manca di analisi. Mi sembra che n\u00e9 il pubblico n\u00e9, a volte, noi stessi sappiamo cosa dovrebbe essere il nostro cinema. Dovremmo studiare il processo cinematografico, parlarne e descriverlo. Ma nel nostro Paese ci sono solo due critici professionisti. <\/p>\n\n\n\n\n\n<p><strong>Molti dei suoi film sono stati realizzati con il sostegno di fondi europei. In che modo questo influenza il suo lavoro? <\/strong><\/p>\n\n\n\n\n\n<p>Tutti i soldi investiti nella produzione dei miei film provengono da fondi che non richiedono un ritorno sull&#8217;investimento. Senza questi fondi, non esisterebbero. Uno dei miei primi film, <em>The Swing<\/em>, girato nel 1993, ha vinto diversi premi. \u00c8 stato presentato ai festival. Il produttore francese Cedomir Kolar ha visto il film e, nel 1994, \u00e8 venuto a Bishkek per incontrarmi. All&#8217;epoca non avevamo nemmeno un albergo adatto per ospitarlo&#8230; Siamo stati in corrispondenza per tre lunghi anni. In ogni lettera cercavo di dimostrargli che ero in grado di fare film. Durante questo periodo, lui stava mettendo insieme un budget. Nel 1997 abbiamo iniziato a girare <em>Il figlio adottivo<\/em>. Dopo l&#8217;uscita de <em>Lo scimpanz\u00e9<\/em>, ho dovuto aspettare otto anni per affrontare un nuovo progetto. \u00c8 sempre pi\u00f9 difficile fare film d&#8217;autore. Ma investire nell&#8217;arte e nella cultura \u00e8 pi\u00f9 che mai necessario. <\/p>\n\n\n\n\n\n<p><\/p>\n\n","protected":false},"excerpt":{"rendered":"<p>\u00a9 Aisedora Alymkul Intervista di Katerina MarkelovaUNESCO All&#8217;et\u00e0 di 68 anni, lei ha realizzato nove&#8230;<\/p>\n","protected":false},"author":1,"featured_media":137,"comment_status":"open","ping_status":"open","sticky":false,"template":"","format":"standard","meta":{"fifu_image_url":"https:\/\/courier.unesco.org\/sites\/default\/files\/styles\/paragraph_medium_desktop\/article\/2025-03\/COU_2_25_NOTRE_INVITE_WEB_01.jpg.webp?itok=uS-FBlLT","fifu_image_alt":"","footnotes":""},"categories":[3],"tags":[],"class_list":["post-135","post","type-post","status-publish","format-standard","has-post-thumbnail","hentry","category-2025-0406"],"yoast_head":"<!-- This site is optimized with the Yoast SEO plugin v25.9 - https:\/\/yoast.com\/wordpress\/plugins\/seo\/ -->\n<title>Aktan Arym Kubat: &quot;Vivo tra gli eroi dei miei film&quot; - Il Corriere dell&#039;Unesco<\/title>\n<meta name=\"robots\" content=\"index, follow, max-snippet:-1, max-image-preview:large, max-video-preview:-1\" \/>\n<link rel=\"canonical\" href=\"https:\/\/siti.italofonia.info\/unesco\/2025-0406\/aktan-arym-kubat-vivo-tra-gli-eroi-dei-miei-film\/\" \/>\n<meta property=\"og:locale\" content=\"it_IT\" \/>\n<meta property=\"og:type\" content=\"article\" \/>\n<meta property=\"og:title\" content=\"Aktan Arym Kubat: &quot;Vivo tra gli eroi dei miei film&quot; - Il Corriere dell&#039;Unesco\" \/>\n<meta property=\"og:description\" content=\"\u00a9 Aisedora Alymkul Intervista di Katerina MarkelovaUNESCO All&#8217;et\u00e0 di 68 anni, lei ha realizzato nove...\" \/>\n<meta property=\"og:url\" content=\"https:\/\/siti.italofonia.info\/unesco\/2025-0406\/aktan-arym-kubat-vivo-tra-gli-eroi-dei-miei-film\/\" \/>\n<meta property=\"og:site_name\" content=\"Il Corriere dell&#039;Unesco\" \/>\n<meta property=\"article:published_time\" content=\"2025-04-02T13:57:11+00:00\" \/>\n<meta property=\"article:modified_time\" content=\"2025-07-11T12:16:52+00:00\" \/>\n<meta property=\"og:image\" content=\"https:\/\/courier.unesco.org\/sites\/default\/files\/styles\/paragraph_medium_desktop\/article\/2025-03\/COU_2_25_NOTRE_INVITE_WEB_01.jpg.webp?itok=uS-FBlLT\" \/><meta property=\"og:image\" content=\"https:\/\/courier.unesco.org\/sites\/default\/files\/styles\/paragraph_medium_desktop\/article\/2025-03\/COU_2_25_NOTRE_INVITE_WEB_01.jpg.webp?itok=uS-FBlLT\" \/>\n\t<meta property=\"og:image:width\" content=\"610\" \/>\n\t<meta property=\"og:image:height\" content=\"436\" \/>\n\t<meta property=\"og:image:type\" content=\"image\/jpeg\" \/>\n<meta name=\"author\" content=\"La Redazione\" \/>\n<meta name=\"twitter:card\" content=\"summary_large_image\" \/>\n<meta name=\"twitter:image\" content=\"https:\/\/courier.unesco.org\/sites\/default\/files\/styles\/paragraph_medium_desktop\/article\/2025-03\/COU_2_25_NOTRE_INVITE_WEB_01.jpg.webp?itok=uS-FBlLT\" \/>\n<meta name=\"twitter:label1\" content=\"Scritto da\" \/>\n\t<meta name=\"twitter:data1\" content=\"La Redazione\" \/>\n\t<meta name=\"twitter:label2\" content=\"Tempo di lettura stimato\" \/>\n\t<meta name=\"twitter:data2\" content=\"9 minuti\" \/>\n<script type=\"application\/ld+json\" class=\"yoast-schema-graph\">{\"@context\":\"https:\/\/schema.org\",\"@graph\":[{\"@type\":\"Article\",\"@id\":\"https:\/\/siti.italofonia.info\/unesco\/2025-0406\/aktan-arym-kubat-vivo-tra-gli-eroi-dei-miei-film\/#article\",\"isPartOf\":{\"@id\":\"https:\/\/siti.italofonia.info\/unesco\/2025-0406\/aktan-arym-kubat-vivo-tra-gli-eroi-dei-miei-film\/\"},\"author\":{\"name\":\"La Redazione\",\"@id\":\"https:\/\/siti.italofonia.info\/unesco\/#\/schema\/person\/1b0f7e05e8632b4df2a94d3c12bd3681\"},\"headline\":\"Aktan Arym Kubat: &#8220;Vivo tra gli eroi dei miei film&#8221;\",\"datePublished\":\"2025-04-02T13:57:11+00:00\",\"dateModified\":\"2025-07-11T12:16:52+00:00\",\"mainEntityOfPage\":{\"@id\":\"https:\/\/siti.italofonia.info\/unesco\/2025-0406\/aktan-arym-kubat-vivo-tra-gli-eroi-dei-miei-film\/\"},\"wordCount\":1496,\"commentCount\":0,\"publisher\":{\"@id\":\"https:\/\/siti.italofonia.info\/unesco\/#organization\"},\"image\":{\"@id\":\"https:\/\/siti.italofonia.info\/unesco\/2025-0406\/aktan-arym-kubat-vivo-tra-gli-eroi-dei-miei-film\/#primaryimage\"},\"thumbnailUrl\":\"https:\/\/i0.wp.com\/courier.unesco.org\/sites\/default\/files\/styles\/paragraph_medium_desktop\/article\/2025-03\/COU_2_25_NOTRE_INVITE_WEB_01.jpg.webp?itok=uS-FBlLT&w=610&resize=610,436&ssl=1\",\"articleSection\":[\"2025 n\u00b02 Aprile-Giugno\"],\"inLanguage\":\"it-IT\",\"potentialAction\":[{\"@type\":\"CommentAction\",\"name\":\"Comment\",\"target\":[\"https:\/\/siti.italofonia.info\/unesco\/2025-0406\/aktan-arym-kubat-vivo-tra-gli-eroi-dei-miei-film\/#respond\"]}]},{\"@type\":\"WebPage\",\"@id\":\"https:\/\/siti.italofonia.info\/unesco\/2025-0406\/aktan-arym-kubat-vivo-tra-gli-eroi-dei-miei-film\/\",\"url\":\"https:\/\/siti.italofonia.info\/unesco\/2025-0406\/aktan-arym-kubat-vivo-tra-gli-eroi-dei-miei-film\/\",\"name\":\"Aktan Arym Kubat: \\\"Vivo tra gli eroi dei miei film\\\" - Il Corriere dell&#039;Unesco\",\"isPartOf\":{\"@id\":\"https:\/\/siti.italofonia.info\/unesco\/#website\"},\"primaryImageOfPage\":{\"@id\":\"https:\/\/siti.italofonia.info\/unesco\/2025-0406\/aktan-arym-kubat-vivo-tra-gli-eroi-dei-miei-film\/#primaryimage\"},\"image\":{\"@id\":\"https:\/\/siti.italofonia.info\/unesco\/2025-0406\/aktan-arym-kubat-vivo-tra-gli-eroi-dei-miei-film\/#primaryimage\"},\"thumbnailUrl\":\"https:\/\/i0.wp.com\/courier.unesco.org\/sites\/default\/files\/styles\/paragraph_medium_desktop\/article\/2025-03\/COU_2_25_NOTRE_INVITE_WEB_01.jpg.webp?itok=uS-FBlLT&w=610&resize=610,436&ssl=1\",\"datePublished\":\"2025-04-02T13:57:11+00:00\",\"dateModified\":\"2025-07-11T12:16:52+00:00\",\"breadcrumb\":{\"@id\":\"https:\/\/siti.italofonia.info\/unesco\/2025-0406\/aktan-arym-kubat-vivo-tra-gli-eroi-dei-miei-film\/#breadcrumb\"},\"inLanguage\":\"it-IT\",\"potentialAction\":[{\"@type\":\"ReadAction\",\"target\":[\"https:\/\/siti.italofonia.info\/unesco\/2025-0406\/aktan-arym-kubat-vivo-tra-gli-eroi-dei-miei-film\/\"]}]},{\"@type\":\"ImageObject\",\"inLanguage\":\"it-IT\",\"@id\":\"https:\/\/siti.italofonia.info\/unesco\/2025-0406\/aktan-arym-kubat-vivo-tra-gli-eroi-dei-miei-film\/#primaryimage\",\"url\":\"https:\/\/i0.wp.com\/courier.unesco.org\/sites\/default\/files\/styles\/paragraph_medium_desktop\/article\/2025-03\/COU_2_25_NOTRE_INVITE_WEB_01.jpg.webp?itok=uS-FBlLT&w=610&resize=610,436&ssl=1\",\"contentUrl\":\"https:\/\/i0.wp.com\/courier.unesco.org\/sites\/default\/files\/styles\/paragraph_medium_desktop\/article\/2025-03\/COU_2_25_NOTRE_INVITE_WEB_01.jpg.webp?itok=uS-FBlLT&w=610&resize=610,436&ssl=1\",\"width\":\"610\",\"height\":\"436\"},{\"@type\":\"BreadcrumbList\",\"@id\":\"https:\/\/siti.italofonia.info\/unesco\/2025-0406\/aktan-arym-kubat-vivo-tra-gli-eroi-dei-miei-film\/#breadcrumb\",\"itemListElement\":[{\"@type\":\"ListItem\",\"position\":1,\"name\":\"Home\",\"item\":\"https:\/\/siti.italofonia.info\/unesco\/\"},{\"@type\":\"ListItem\",\"position\":2,\"name\":\"Aktan Arym Kubat: &#8220;Vivo tra gli eroi dei miei film&#8221;\"}]},{\"@type\":\"WebSite\",\"@id\":\"https:\/\/siti.italofonia.info\/unesco\/#website\",\"url\":\"https:\/\/siti.italofonia.info\/unesco\/\",\"name\":\"Il Corriere dell&#039;Unesco\",\"description\":\"\",\"publisher\":{\"@id\":\"https:\/\/siti.italofonia.info\/unesco\/#organization\"},\"potentialAction\":[{\"@type\":\"SearchAction\",\"target\":{\"@type\":\"EntryPoint\",\"urlTemplate\":\"https:\/\/siti.italofonia.info\/unesco\/?s={search_term_string}\"},\"query-input\":{\"@type\":\"PropertyValueSpecification\",\"valueRequired\":true,\"valueName\":\"search_term_string\"}}],\"inLanguage\":\"it-IT\"},{\"@type\":\"Organization\",\"@id\":\"https:\/\/siti.italofonia.info\/unesco\/#organization\",\"name\":\"Il Corriere dell&#039;Unesco\",\"url\":\"https:\/\/siti.italofonia.info\/unesco\/\",\"logo\":{\"@type\":\"ImageObject\",\"inLanguage\":\"it-IT\",\"@id\":\"https:\/\/siti.italofonia.info\/unesco\/#\/schema\/logo\/image\/\",\"url\":\"https:\/\/siti.italofonia.info\/unesco\/wp-content\/uploads\/sites\/11\/2025\/06\/Logo_UNESCO_2021-corriere.svg_.png\",\"contentUrl\":\"https:\/\/siti.italofonia.info\/unesco\/wp-content\/uploads\/sites\/11\/2025\/06\/Logo_UNESCO_2021-corriere.svg_.png\",\"width\":3264,\"height\":320,\"caption\":\"Il Corriere dell&#039;Unesco\"},\"image\":{\"@id\":\"https:\/\/siti.italofonia.info\/unesco\/#\/schema\/logo\/image\/\"}},{\"@type\":\"Person\",\"@id\":\"https:\/\/siti.italofonia.info\/unesco\/#\/schema\/person\/1b0f7e05e8632b4df2a94d3c12bd3681\",\"name\":\"La Redazione\",\"image\":{\"@type\":\"ImageObject\",\"inLanguage\":\"it-IT\",\"@id\":\"https:\/\/siti.italofonia.info\/unesco\/#\/schema\/person\/image\/\",\"url\":\"https:\/\/secure.gravatar.com\/avatar\/cf626482658d313d57c73ed40ef0ffeea01b1fe0a73dadf1ff54718e048546d8?s=96&d=mm&r=g\",\"contentUrl\":\"https:\/\/secure.gravatar.com\/avatar\/cf626482658d313d57c73ed40ef0ffeea01b1fe0a73dadf1ff54718e048546d8?s=96&d=mm&r=g\",\"caption\":\"La Redazione\"},\"sameAs\":[\"https:\/\/siti.italofonia.info\"],\"url\":\"https:\/\/siti.italofonia.info\/unesco\/author\/giorgio-cantoni\/\"}]}<\/script>\n<!-- \/ Yoast SEO plugin. -->","yoast_head_json":{"title":"Aktan Arym Kubat: \"Vivo tra gli eroi dei miei film\" - Il Corriere dell&#039;Unesco","robots":{"index":"index","follow":"follow","max-snippet":"max-snippet:-1","max-image-preview":"max-image-preview:large","max-video-preview":"max-video-preview:-1"},"canonical":"https:\/\/siti.italofonia.info\/unesco\/2025-0406\/aktan-arym-kubat-vivo-tra-gli-eroi-dei-miei-film\/","og_locale":"it_IT","og_type":"article","og_title":"Aktan Arym Kubat: \"Vivo tra gli eroi dei miei film\" - Il Corriere dell&#039;Unesco","og_description":"\u00a9 Aisedora Alymkul Intervista di Katerina MarkelovaUNESCO All&#8217;et\u00e0 di 68 anni, lei ha realizzato nove...","og_url":"https:\/\/siti.italofonia.info\/unesco\/2025-0406\/aktan-arym-kubat-vivo-tra-gli-eroi-dei-miei-film\/","og_site_name":"Il Corriere dell&#039;Unesco","article_published_time":"2025-04-02T13:57:11+00:00","article_modified_time":"2025-07-11T12:16:52+00:00","og_image":[{"url":"https:\/\/courier.unesco.org\/sites\/default\/files\/styles\/paragraph_medium_desktop\/article\/2025-03\/COU_2_25_NOTRE_INVITE_WEB_01.jpg.webp?itok=uS-FBlLT","type":"","width":"","height":""},{"width":610,"height":436,"url":"https:\/\/courier.unesco.org\/sites\/default\/files\/styles\/paragraph_medium_desktop\/article\/2025-03\/COU_2_25_NOTRE_INVITE_WEB_01.jpg.webp?itok=uS-FBlLT","type":"image\/jpeg"}],"author":"La Redazione","twitter_card":"summary_large_image","twitter_image":"https:\/\/courier.unesco.org\/sites\/default\/files\/styles\/paragraph_medium_desktop\/article\/2025-03\/COU_2_25_NOTRE_INVITE_WEB_01.jpg.webp?itok=uS-FBlLT","twitter_misc":{"Scritto da":"La Redazione","Tempo di lettura stimato":"9 minuti"},"schema":{"@context":"https:\/\/schema.org","@graph":[{"@type":"Article","@id":"https:\/\/siti.italofonia.info\/unesco\/2025-0406\/aktan-arym-kubat-vivo-tra-gli-eroi-dei-miei-film\/#article","isPartOf":{"@id":"https:\/\/siti.italofonia.info\/unesco\/2025-0406\/aktan-arym-kubat-vivo-tra-gli-eroi-dei-miei-film\/"},"author":{"name":"La Redazione","@id":"https:\/\/siti.italofonia.info\/unesco\/#\/schema\/person\/1b0f7e05e8632b4df2a94d3c12bd3681"},"headline":"Aktan Arym Kubat: &#8220;Vivo tra gli eroi dei miei film&#8221;","datePublished":"2025-04-02T13:57:11+00:00","dateModified":"2025-07-11T12:16:52+00:00","mainEntityOfPage":{"@id":"https:\/\/siti.italofonia.info\/unesco\/2025-0406\/aktan-arym-kubat-vivo-tra-gli-eroi-dei-miei-film\/"},"wordCount":1496,"commentCount":0,"publisher":{"@id":"https:\/\/siti.italofonia.info\/unesco\/#organization"},"image":{"@id":"https:\/\/siti.italofonia.info\/unesco\/2025-0406\/aktan-arym-kubat-vivo-tra-gli-eroi-dei-miei-film\/#primaryimage"},"thumbnailUrl":"https:\/\/i0.wp.com\/courier.unesco.org\/sites\/default\/files\/styles\/paragraph_medium_desktop\/article\/2025-03\/COU_2_25_NOTRE_INVITE_WEB_01.jpg.webp?itok=uS-FBlLT&w=610&resize=610,436&ssl=1","articleSection":["2025 n\u00b02 Aprile-Giugno"],"inLanguage":"it-IT","potentialAction":[{"@type":"CommentAction","name":"Comment","target":["https:\/\/siti.italofonia.info\/unesco\/2025-0406\/aktan-arym-kubat-vivo-tra-gli-eroi-dei-miei-film\/#respond"]}]},{"@type":"WebPage","@id":"https:\/\/siti.italofonia.info\/unesco\/2025-0406\/aktan-arym-kubat-vivo-tra-gli-eroi-dei-miei-film\/","url":"https:\/\/siti.italofonia.info\/unesco\/2025-0406\/aktan-arym-kubat-vivo-tra-gli-eroi-dei-miei-film\/","name":"Aktan Arym Kubat: \"Vivo tra gli eroi dei miei film\" - Il Corriere dell&#039;Unesco","isPartOf":{"@id":"https:\/\/siti.italofonia.info\/unesco\/#website"},"primaryImageOfPage":{"@id":"https:\/\/siti.italofonia.info\/unesco\/2025-0406\/aktan-arym-kubat-vivo-tra-gli-eroi-dei-miei-film\/#primaryimage"},"image":{"@id":"https:\/\/siti.italofonia.info\/unesco\/2025-0406\/aktan-arym-kubat-vivo-tra-gli-eroi-dei-miei-film\/#primaryimage"},"thumbnailUrl":"https:\/\/i0.wp.com\/courier.unesco.org\/sites\/default\/files\/styles\/paragraph_medium_desktop\/article\/2025-03\/COU_2_25_NOTRE_INVITE_WEB_01.jpg.webp?itok=uS-FBlLT&w=610&resize=610,436&ssl=1","datePublished":"2025-04-02T13:57:11+00:00","dateModified":"2025-07-11T12:16:52+00:00","breadcrumb":{"@id":"https:\/\/siti.italofonia.info\/unesco\/2025-0406\/aktan-arym-kubat-vivo-tra-gli-eroi-dei-miei-film\/#breadcrumb"},"inLanguage":"it-IT","potentialAction":[{"@type":"ReadAction","target":["https:\/\/siti.italofonia.info\/unesco\/2025-0406\/aktan-arym-kubat-vivo-tra-gli-eroi-dei-miei-film\/"]}]},{"@type":"ImageObject","inLanguage":"it-IT","@id":"https:\/\/siti.italofonia.info\/unesco\/2025-0406\/aktan-arym-kubat-vivo-tra-gli-eroi-dei-miei-film\/#primaryimage","url":"https:\/\/i0.wp.com\/courier.unesco.org\/sites\/default\/files\/styles\/paragraph_medium_desktop\/article\/2025-03\/COU_2_25_NOTRE_INVITE_WEB_01.jpg.webp?itok=uS-FBlLT&w=610&resize=610,436&ssl=1","contentUrl":"https:\/\/i0.wp.com\/courier.unesco.org\/sites\/default\/files\/styles\/paragraph_medium_desktop\/article\/2025-03\/COU_2_25_NOTRE_INVITE_WEB_01.jpg.webp?itok=uS-FBlLT&w=610&resize=610,436&ssl=1","width":"610","height":"436"},{"@type":"BreadcrumbList","@id":"https:\/\/siti.italofonia.info\/unesco\/2025-0406\/aktan-arym-kubat-vivo-tra-gli-eroi-dei-miei-film\/#breadcrumb","itemListElement":[{"@type":"ListItem","position":1,"name":"Home","item":"https:\/\/siti.italofonia.info\/unesco\/"},{"@type":"ListItem","position":2,"name":"Aktan Arym Kubat: &#8220;Vivo tra gli eroi dei miei film&#8221;"}]},{"@type":"WebSite","@id":"https:\/\/siti.italofonia.info\/unesco\/#website","url":"https:\/\/siti.italofonia.info\/unesco\/","name":"Il Corriere dell&#039;Unesco","description":"","publisher":{"@id":"https:\/\/siti.italofonia.info\/unesco\/#organization"},"potentialAction":[{"@type":"SearchAction","target":{"@type":"EntryPoint","urlTemplate":"https:\/\/siti.italofonia.info\/unesco\/?s={search_term_string}"},"query-input":{"@type":"PropertyValueSpecification","valueRequired":true,"valueName":"search_term_string"}}],"inLanguage":"it-IT"},{"@type":"Organization","@id":"https:\/\/siti.italofonia.info\/unesco\/#organization","name":"Il Corriere dell&#039;Unesco","url":"https:\/\/siti.italofonia.info\/unesco\/","logo":{"@type":"ImageObject","inLanguage":"it-IT","@id":"https:\/\/siti.italofonia.info\/unesco\/#\/schema\/logo\/image\/","url":"https:\/\/siti.italofonia.info\/unesco\/wp-content\/uploads\/sites\/11\/2025\/06\/Logo_UNESCO_2021-corriere.svg_.png","contentUrl":"https:\/\/siti.italofonia.info\/unesco\/wp-content\/uploads\/sites\/11\/2025\/06\/Logo_UNESCO_2021-corriere.svg_.png","width":3264,"height":320,"caption":"Il Corriere dell&#039;Unesco"},"image":{"@id":"https:\/\/siti.italofonia.info\/unesco\/#\/schema\/logo\/image\/"}},{"@type":"Person","@id":"https:\/\/siti.italofonia.info\/unesco\/#\/schema\/person\/1b0f7e05e8632b4df2a94d3c12bd3681","name":"La Redazione","image":{"@type":"ImageObject","inLanguage":"it-IT","@id":"https:\/\/siti.italofonia.info\/unesco\/#\/schema\/person\/image\/","url":"https:\/\/secure.gravatar.com\/avatar\/cf626482658d313d57c73ed40ef0ffeea01b1fe0a73dadf1ff54718e048546d8?s=96&d=mm&r=g","contentUrl":"https:\/\/secure.gravatar.com\/avatar\/cf626482658d313d57c73ed40ef0ffeea01b1fe0a73dadf1ff54718e048546d8?s=96&d=mm&r=g","caption":"La Redazione"},"sameAs":["https:\/\/siti.italofonia.info"],"url":"https:\/\/siti.italofonia.info\/unesco\/author\/giorgio-cantoni\/"}]}},"jetpack_featured_media_url":"https:\/\/i0.wp.com\/courier.unesco.org\/sites\/default\/files\/styles\/paragraph_medium_desktop\/article\/2025-03\/COU_2_25_NOTRE_INVITE_WEB_01.jpg.webp?itok=uS-FBlLT&w=610&resize=610,436&ssl=1","amp_enabled":true,"_links":{"self":[{"href":"https:\/\/siti.italofonia.info\/unesco\/wp-json\/wp\/v2\/posts\/135","targetHints":{"allow":["GET"]}}],"collection":[{"href":"https:\/\/siti.italofonia.info\/unesco\/wp-json\/wp\/v2\/posts"}],"about":[{"href":"https:\/\/siti.italofonia.info\/unesco\/wp-json\/wp\/v2\/types\/post"}],"author":[{"embeddable":true,"href":"https:\/\/siti.italofonia.info\/unesco\/wp-json\/wp\/v2\/users\/1"}],"replies":[{"embeddable":true,"href":"https:\/\/siti.italofonia.info\/unesco\/wp-json\/wp\/v2\/comments?post=135"}],"version-history":[{"count":2,"href":"https:\/\/siti.italofonia.info\/unesco\/wp-json\/wp\/v2\/posts\/135\/revisions"}],"predecessor-version":[{"id":138,"href":"https:\/\/siti.italofonia.info\/unesco\/wp-json\/wp\/v2\/posts\/135\/revisions\/138"}],"wp:featuredmedia":[{"embeddable":true,"href":"https:\/\/siti.italofonia.info\/unesco\/wp-json\/wp\/v2\/media\/137"}],"wp:attachment":[{"href":"https:\/\/siti.italofonia.info\/unesco\/wp-json\/wp\/v2\/media?parent=135"}],"wp:term":[{"taxonomy":"category","embeddable":true,"href":"https:\/\/siti.italofonia.info\/unesco\/wp-json\/wp\/v2\/categories?post=135"},{"taxonomy":"post_tag","embeddable":true,"href":"https:\/\/siti.italofonia.info\/unesco\/wp-json\/wp\/v2\/tags?post=135"}],"curies":[{"name":"wp","href":"https:\/\/api.w.org\/{rel}","templated":true}]}}