{"id":140,"date":"2025-04-02T16:00:00","date_gmt":"2025-04-02T14:00:00","guid":{"rendered":"https:\/\/siti.italofonia.info\/unesco\/?p=140"},"modified":"2025-07-11T14:16:51","modified_gmt":"2025-07-11T12:16:51","slug":"saul-leiter-il-maestro-del-colore","status":"publish","type":"post","link":"https:\/\/siti.italofonia.info\/unesco\/2025-0406\/saul-leiter-il-maestro-del-colore\/","title":{"rendered":"Saul Leiter, il maestro del colore"},"content":{"rendered":"\n\n<p class=\"has-small-font-size\"><br>Taxi, 1957. \u00a9 Saul Leiter<\/p>\n\n\n\n\n\n<p>2 aprile 2025 &#8211; Ultimo aggiornamento: 3 aprile 2025<\/p>\n\n\n\n\n\n<p class=\"has-light-green-cyan-background-color has-background\">Testo : Agn\u00e8s Bardon, UNESCO<br>Foto: Fondazione Saul Leiter<\/p>\n\n\n\n\n\n<p>Saul Leiter (1923-2013) non ha mai cercato di conquistare il mondo. Anzi, ha trascorso la maggior parte della sua vita in un appartamento nell&#8217;East Village di New York. Gli piaceva stare a casa, dipingere e bere caff\u00e8. Nonostante il suo disprezzo per gli ambiziosi, ha lasciato un corpus di opere che lo rendono una delle figure principali della fotografia americana.<\/p>\n\n\n\n\n\n<p>Saul Leiter era un cavaliere solitario, un uomo che rifiutava di conformarsi a qualsiasi categoria o di seguire percorsi tracciati da altri. Si avvicin\u00f2 all&#8217;arte attraverso la pittura, pratica che port\u00f2 avanti per il resto della sua vita, e alla fine si fece un nome come fotografo di moda, in particolare per le riviste americane<em> Esquire<\/em> e <em>Harper&#8217;s Bazaar.<\/em> Divenne un pioniere della fotografia a colori in un&#8217;epoca in cui le redazioni giornalistiche e i musei si attenevano esclusivamente all&#8217;estetica del bianco e nero, considerando il colore volgare e riservato alla pubblicit\u00e0.<\/p>\n\n\n\n\n\n<p>Le immagini che ha scattato nel suo quartiere e durante i suoi viaggi, in citt\u00e0 come Parigi, non seguono lo stile classico della fotografia di strada. Qui pervade un senso di elusione. Le sue inquadrature audaci creano composizioni disorientanti di scene ordinarie. Uno stagno a Central Park e le vetrine di un negozio diventano il pretesto per un gioco di specchi che allude a una presenza intrigante al di l\u00e0 di ci\u00f2 che \u00e8 visibile. I volti sono catturati mentre scompaiono nell&#8217;ombra, offuscati dalla nebbia o colti da una distanza tale da non far dimenticare l&#8217;essenziale: la citt\u00e0 pulsante che li circonda.<\/p>\n\n\n\n\n\n<p>Saul Leiter non voleva conquistare il mondo. Tuttavia, oggi \u00e8 celebrato come il maestro del colore, esposto in molte grandi istituzioni e citato come influenza principale da numerosi fotografi e registi. Un&#8217;eredit\u00e0 che senza dubbio gli avrebbe fatto desiderare di tornare a casa, a dipingere e a bere caff\u00e8.<\/p>\n\n\n\n\n\n<figure class=\"wp-block-image\"><img decoding=\"async\" src=\"https:\/\/courier.unesco.org\/sites\/default\/files\/styles\/split_mobile\/article\/2025-03\/COU_2_25_ZOOM_WEB_02.jpg?itok=_hRy0N2L\" alt=\"\u00a9 Saul Leiter\"\/><\/figure>\n\n\n\n\n\n<p>Canopy, 1958.<\/p>\n\n\n\n\n\n<p>\u00a9 Saul Leiter<\/p>\n\n\n\n\n\n<figure class=\"wp-block-image\"><img decoding=\"async\" src=\"https:\/\/courier.unesco.org\/sites\/default\/files\/styles\/split_mobile\/article\/2025-03\/COU_2_25_ZOOM_WEB_03.jpg?itok=iqySVC3i\" alt=\"\u00a9 Saul Leiter\"\/><\/figure>\n\n\n\n\n\n<p>a sinistra: Farfalle appese, anni &#8217;60. A destra: Uno stagno a Central Park.<\/p>\n\n\n\n\n\n<p>\u00a9 Saul Leiter<\/p>\n\n\n\n\n\n<figure class=\"wp-block-image\"><img decoding=\"async\" src=\"https:\/\/courier.unesco.org\/sites\/default\/files\/styles\/split_mobile\/article\/2025-03\/COU_2_25_ZOOM_WEB_04.jpg?itok=uGZjU1F6\" alt=\"\u00a9 Saul Leiter\"\/><\/figure>\n\n\n\n\n\n<p>a sinistra: Sipario rosso, 1956. a destra: Parigi, 1959.<\/p>\n\n\n\n\n\n<p>\u00a9 Saul Leiter<\/p>\n\n\n\n\n\n<figure class=\"wp-block-image\"><img decoding=\"async\" src=\"https:\/\/courier.unesco.org\/sites\/default\/files\/styles\/split_mobile\/article\/2025-03\/COU_2_25_ZOOM_WEB_05.jpg?itok=2dIwYQf5\" alt=\"Saul Leiter\"\/><\/figure>\n\n\n\n\n\n<p>Telefonata, 1957<\/p>\n\n\n\n\n\n<p>\u00a9 Saul Leiter<\/p>\n\n\n\n\n\n<figure class=\"wp-block-image\"><img decoding=\"async\" src=\"https:\/\/courier.unesco.org\/sites\/default\/files\/styles\/split_mobile\/article\/2025-03\/COU_2_25_ZOOM_WEB_06.jpg?itok=PoqTU3Ma\" alt=\"\u00a9 Saul Leiter\"\/><\/figure>\n\n\n\n\n\n<p>Gonna blu, anni &#8217;50.<\/p>\n\n\n\n\n\n<p>\u00a9 Saul Leiter<\/p>\n\n\n\n\n\n<figure class=\"wp-block-image\"><img decoding=\"async\" src=\"https:\/\/courier.unesco.org\/sites\/default\/files\/styles\/split_mobile\/article\/2025-03\/COU_2_25_ZOOM_WEB_07.jpg?itok=xun-ual5\" alt=\"\u00a9 Saul Leiter\"\/><\/figure>\n\n\n\n\n\n<p>Natale, anni &#8217;50.<\/p>\n\n\n\n\n\n<p>\u00a9 Saul Leiter<\/p>\n\n","protected":false},"excerpt":{"rendered":"<p>Taxi, 1957. \u00a9 Saul Leiter 2 aprile 2025 &#8211; Ultimo aggiornamento: 3 aprile 2025 Testo&#8230;<\/p>\n","protected":false},"author":1,"featured_media":143,"comment_status":"open","ping_status":"open","sticky":false,"template":"","format":"standard","meta":{"fifu_image_url":"https:\/\/courier.unesco.org\/sites\/default\/files\/styles\/paragraph_medium_desktop\/article\/2025-03\/COU_2_25_ZOOM_WEB_01.jpg.webp?itok=pQiNQr5V","fifu_image_alt":"","footnotes":""},"categories":[3],"tags":[],"class_list":["post-140","post","type-post","status-publish","format-standard","has-post-thumbnail","hentry","category-2025-0406"],"yoast_head":"<!-- This site is optimized with the Yoast SEO plugin v25.9 - https:\/\/yoast.com\/wordpress\/plugins\/seo\/ -->\n<title>Saul Leiter, il maestro del colore - Il Corriere dell&#039;Unesco<\/title>\n<meta name=\"robots\" content=\"index, follow, max-snippet:-1, max-image-preview:large, max-video-preview:-1\" \/>\n<link rel=\"canonical\" href=\"https:\/\/siti.italofonia.info\/unesco\/2025-0406\/saul-leiter-il-maestro-del-colore\/\" \/>\n<meta property=\"og:locale\" content=\"it_IT\" \/>\n<meta property=\"og:type\" content=\"article\" \/>\n<meta property=\"og:title\" content=\"Saul Leiter, il maestro del colore - Il Corriere dell&#039;Unesco\" \/>\n<meta property=\"og:description\" content=\"Taxi, 1957. \u00a9 Saul Leiter 2 aprile 2025 &#8211; Ultimo aggiornamento: 3 aprile 2025 Testo...\" \/>\n<meta property=\"og:url\" content=\"https:\/\/siti.italofonia.info\/unesco\/2025-0406\/saul-leiter-il-maestro-del-colore\/\" \/>\n<meta property=\"og:site_name\" content=\"Il Corriere dell&#039;Unesco\" \/>\n<meta property=\"article:published_time\" content=\"2025-04-02T14:00:00+00:00\" \/>\n<meta property=\"article:modified_time\" content=\"2025-07-11T12:16:51+00:00\" \/>\n<meta property=\"og:image\" content=\"https:\/\/courier.unesco.org\/sites\/default\/files\/styles\/paragraph_medium_desktop\/article\/2025-03\/COU_2_25_ZOOM_WEB_01.jpg.webp?itok=pQiNQr5V\" \/><meta property=\"og:image\" content=\"https:\/\/courier.unesco.org\/sites\/default\/files\/styles\/paragraph_medium_desktop\/article\/2025-03\/COU_2_25_ZOOM_WEB_01.jpg.webp?itok=pQiNQr5V\" \/>\n\t<meta property=\"og:image:width\" content=\"610\" \/>\n\t<meta property=\"og:image:height\" content=\"436\" \/>\n\t<meta property=\"og:image:type\" content=\"image\/jpeg\" \/>\n<meta name=\"author\" content=\"La Redazione\" \/>\n<meta name=\"twitter:card\" content=\"summary_large_image\" \/>\n<meta name=\"twitter:image\" content=\"https:\/\/courier.unesco.org\/sites\/default\/files\/styles\/paragraph_medium_desktop\/article\/2025-03\/COU_2_25_ZOOM_WEB_01.jpg.webp?itok=pQiNQr5V\" \/>\n<meta name=\"twitter:label1\" content=\"Scritto da\" \/>\n\t<meta name=\"twitter:data1\" content=\"La Redazione\" \/>\n\t<meta name=\"twitter:label2\" content=\"Tempo di lettura stimato\" \/>\n\t<meta name=\"twitter:data2\" content=\"4 minuti\" \/>\n<script type=\"application\/ld+json\" class=\"yoast-schema-graph\">{\"@context\":\"https:\/\/schema.org\",\"@graph\":[{\"@type\":\"Article\",\"@id\":\"https:\/\/siti.italofonia.info\/unesco\/2025-0406\/saul-leiter-il-maestro-del-colore\/#article\",\"isPartOf\":{\"@id\":\"https:\/\/siti.italofonia.info\/unesco\/2025-0406\/saul-leiter-il-maestro-del-colore\/\"},\"author\":{\"name\":\"La Redazione\",\"@id\":\"https:\/\/siti.italofonia.info\/unesco\/#\/schema\/person\/1b0f7e05e8632b4df2a94d3c12bd3681\"},\"headline\":\"Saul Leiter, il maestro del colore\",\"datePublished\":\"2025-04-02T14:00:00+00:00\",\"dateModified\":\"2025-07-11T12:16:51+00:00\",\"mainEntityOfPage\":{\"@id\":\"https:\/\/siti.italofonia.info\/unesco\/2025-0406\/saul-leiter-il-maestro-del-colore\/\"},\"wordCount\":369,\"commentCount\":0,\"publisher\":{\"@id\":\"https:\/\/siti.italofonia.info\/unesco\/#organization\"},\"image\":{\"@id\":\"https:\/\/siti.italofonia.info\/unesco\/2025-0406\/saul-leiter-il-maestro-del-colore\/#primaryimage\"},\"thumbnailUrl\":\"https:\/\/i2.wp.com\/courier.unesco.org\/sites\/default\/files\/styles\/paragraph_medium_desktop\/article\/2025-03\/COU_2_25_ZOOM_WEB_01.jpg.webp?itok=pQiNQr5V&w=610&resize=610,436&ssl=1\",\"articleSection\":[\"2025 n\u00b02 Aprile-Giugno\"],\"inLanguage\":\"it-IT\",\"potentialAction\":[{\"@type\":\"CommentAction\",\"name\":\"Comment\",\"target\":[\"https:\/\/siti.italofonia.info\/unesco\/2025-0406\/saul-leiter-il-maestro-del-colore\/#respond\"]}]},{\"@type\":\"WebPage\",\"@id\":\"https:\/\/siti.italofonia.info\/unesco\/2025-0406\/saul-leiter-il-maestro-del-colore\/\",\"url\":\"https:\/\/siti.italofonia.info\/unesco\/2025-0406\/saul-leiter-il-maestro-del-colore\/\",\"name\":\"Saul Leiter, il maestro del colore - Il Corriere dell&#039;Unesco\",\"isPartOf\":{\"@id\":\"https:\/\/siti.italofonia.info\/unesco\/#website\"},\"primaryImageOfPage\":{\"@id\":\"https:\/\/siti.italofonia.info\/unesco\/2025-0406\/saul-leiter-il-maestro-del-colore\/#primaryimage\"},\"image\":{\"@id\":\"https:\/\/siti.italofonia.info\/unesco\/2025-0406\/saul-leiter-il-maestro-del-colore\/#primaryimage\"},\"thumbnailUrl\":\"https:\/\/i2.wp.com\/courier.unesco.org\/sites\/default\/files\/styles\/paragraph_medium_desktop\/article\/2025-03\/COU_2_25_ZOOM_WEB_01.jpg.webp?itok=pQiNQr5V&w=610&resize=610,436&ssl=1\",\"datePublished\":\"2025-04-02T14:00:00+00:00\",\"dateModified\":\"2025-07-11T12:16:51+00:00\",\"breadcrumb\":{\"@id\":\"https:\/\/siti.italofonia.info\/unesco\/2025-0406\/saul-leiter-il-maestro-del-colore\/#breadcrumb\"},\"inLanguage\":\"it-IT\",\"potentialAction\":[{\"@type\":\"ReadAction\",\"target\":[\"https:\/\/siti.italofonia.info\/unesco\/2025-0406\/saul-leiter-il-maestro-del-colore\/\"]}]},{\"@type\":\"ImageObject\",\"inLanguage\":\"it-IT\",\"@id\":\"https:\/\/siti.italofonia.info\/unesco\/2025-0406\/saul-leiter-il-maestro-del-colore\/#primaryimage\",\"url\":\"https:\/\/i2.wp.com\/courier.unesco.org\/sites\/default\/files\/styles\/paragraph_medium_desktop\/article\/2025-03\/COU_2_25_ZOOM_WEB_01.jpg.webp?itok=pQiNQr5V&w=610&resize=610,436&ssl=1\",\"contentUrl\":\"https:\/\/i2.wp.com\/courier.unesco.org\/sites\/default\/files\/styles\/paragraph_medium_desktop\/article\/2025-03\/COU_2_25_ZOOM_WEB_01.jpg.webp?itok=pQiNQr5V&w=610&resize=610,436&ssl=1\",\"width\":\"610\",\"height\":\"436\"},{\"@type\":\"BreadcrumbList\",\"@id\":\"https:\/\/siti.italofonia.info\/unesco\/2025-0406\/saul-leiter-il-maestro-del-colore\/#breadcrumb\",\"itemListElement\":[{\"@type\":\"ListItem\",\"position\":1,\"name\":\"Home\",\"item\":\"https:\/\/siti.italofonia.info\/unesco\/\"},{\"@type\":\"ListItem\",\"position\":2,\"name\":\"Saul Leiter, il maestro del colore\"}]},{\"@type\":\"WebSite\",\"@id\":\"https:\/\/siti.italofonia.info\/unesco\/#website\",\"url\":\"https:\/\/siti.italofonia.info\/unesco\/\",\"name\":\"Il Corriere dell&#039;Unesco\",\"description\":\"\",\"publisher\":{\"@id\":\"https:\/\/siti.italofonia.info\/unesco\/#organization\"},\"potentialAction\":[{\"@type\":\"SearchAction\",\"target\":{\"@type\":\"EntryPoint\",\"urlTemplate\":\"https:\/\/siti.italofonia.info\/unesco\/?s={search_term_string}\"},\"query-input\":{\"@type\":\"PropertyValueSpecification\",\"valueRequired\":true,\"valueName\":\"search_term_string\"}}],\"inLanguage\":\"it-IT\"},{\"@type\":\"Organization\",\"@id\":\"https:\/\/siti.italofonia.info\/unesco\/#organization\",\"name\":\"Il Corriere dell&#039;Unesco\",\"url\":\"https:\/\/siti.italofonia.info\/unesco\/\",\"logo\":{\"@type\":\"ImageObject\",\"inLanguage\":\"it-IT\",\"@id\":\"https:\/\/siti.italofonia.info\/unesco\/#\/schema\/logo\/image\/\",\"url\":\"https:\/\/siti.italofonia.info\/unesco\/wp-content\/uploads\/sites\/11\/2025\/06\/Logo_UNESCO_2021-corriere.svg_.png\",\"contentUrl\":\"https:\/\/siti.italofonia.info\/unesco\/wp-content\/uploads\/sites\/11\/2025\/06\/Logo_UNESCO_2021-corriere.svg_.png\",\"width\":3264,\"height\":320,\"caption\":\"Il Corriere dell&#039;Unesco\"},\"image\":{\"@id\":\"https:\/\/siti.italofonia.info\/unesco\/#\/schema\/logo\/image\/\"}},{\"@type\":\"Person\",\"@id\":\"https:\/\/siti.italofonia.info\/unesco\/#\/schema\/person\/1b0f7e05e8632b4df2a94d3c12bd3681\",\"name\":\"La Redazione\",\"image\":{\"@type\":\"ImageObject\",\"inLanguage\":\"it-IT\",\"@id\":\"https:\/\/siti.italofonia.info\/unesco\/#\/schema\/person\/image\/\",\"url\":\"https:\/\/secure.gravatar.com\/avatar\/cf626482658d313d57c73ed40ef0ffeea01b1fe0a73dadf1ff54718e048546d8?s=96&d=mm&r=g\",\"contentUrl\":\"https:\/\/secure.gravatar.com\/avatar\/cf626482658d313d57c73ed40ef0ffeea01b1fe0a73dadf1ff54718e048546d8?s=96&d=mm&r=g\",\"caption\":\"La Redazione\"},\"sameAs\":[\"https:\/\/siti.italofonia.info\"],\"url\":\"https:\/\/siti.italofonia.info\/unesco\/author\/giorgio-cantoni\/\"}]}<\/script>\n<!-- \/ Yoast SEO plugin. -->","yoast_head_json":{"title":"Saul Leiter, il maestro del colore - Il Corriere dell&#039;Unesco","robots":{"index":"index","follow":"follow","max-snippet":"max-snippet:-1","max-image-preview":"max-image-preview:large","max-video-preview":"max-video-preview:-1"},"canonical":"https:\/\/siti.italofonia.info\/unesco\/2025-0406\/saul-leiter-il-maestro-del-colore\/","og_locale":"it_IT","og_type":"article","og_title":"Saul Leiter, il maestro del colore - Il Corriere dell&#039;Unesco","og_description":"Taxi, 1957. \u00a9 Saul Leiter 2 aprile 2025 &#8211; Ultimo aggiornamento: 3 aprile 2025 Testo...","og_url":"https:\/\/siti.italofonia.info\/unesco\/2025-0406\/saul-leiter-il-maestro-del-colore\/","og_site_name":"Il Corriere dell&#039;Unesco","article_published_time":"2025-04-02T14:00:00+00:00","article_modified_time":"2025-07-11T12:16:51+00:00","og_image":[{"url":"https:\/\/courier.unesco.org\/sites\/default\/files\/styles\/paragraph_medium_desktop\/article\/2025-03\/COU_2_25_ZOOM_WEB_01.jpg.webp?itok=pQiNQr5V","type":"","width":"","height":""},{"width":610,"height":436,"url":"https:\/\/courier.unesco.org\/sites\/default\/files\/styles\/paragraph_medium_desktop\/article\/2025-03\/COU_2_25_ZOOM_WEB_01.jpg.webp?itok=pQiNQr5V","type":"image\/jpeg"}],"author":"La Redazione","twitter_card":"summary_large_image","twitter_image":"https:\/\/courier.unesco.org\/sites\/default\/files\/styles\/paragraph_medium_desktop\/article\/2025-03\/COU_2_25_ZOOM_WEB_01.jpg.webp?itok=pQiNQr5V","twitter_misc":{"Scritto da":"La Redazione","Tempo di lettura stimato":"4 minuti"},"schema":{"@context":"https:\/\/schema.org","@graph":[{"@type":"Article","@id":"https:\/\/siti.italofonia.info\/unesco\/2025-0406\/saul-leiter-il-maestro-del-colore\/#article","isPartOf":{"@id":"https:\/\/siti.italofonia.info\/unesco\/2025-0406\/saul-leiter-il-maestro-del-colore\/"},"author":{"name":"La Redazione","@id":"https:\/\/siti.italofonia.info\/unesco\/#\/schema\/person\/1b0f7e05e8632b4df2a94d3c12bd3681"},"headline":"Saul Leiter, il maestro del colore","datePublished":"2025-04-02T14:00:00+00:00","dateModified":"2025-07-11T12:16:51+00:00","mainEntityOfPage":{"@id":"https:\/\/siti.italofonia.info\/unesco\/2025-0406\/saul-leiter-il-maestro-del-colore\/"},"wordCount":369,"commentCount":0,"publisher":{"@id":"https:\/\/siti.italofonia.info\/unesco\/#organization"},"image":{"@id":"https:\/\/siti.italofonia.info\/unesco\/2025-0406\/saul-leiter-il-maestro-del-colore\/#primaryimage"},"thumbnailUrl":"https:\/\/i2.wp.com\/courier.unesco.org\/sites\/default\/files\/styles\/paragraph_medium_desktop\/article\/2025-03\/COU_2_25_ZOOM_WEB_01.jpg.webp?itok=pQiNQr5V&w=610&resize=610,436&ssl=1","articleSection":["2025 n\u00b02 Aprile-Giugno"],"inLanguage":"it-IT","potentialAction":[{"@type":"CommentAction","name":"Comment","target":["https:\/\/siti.italofonia.info\/unesco\/2025-0406\/saul-leiter-il-maestro-del-colore\/#respond"]}]},{"@type":"WebPage","@id":"https:\/\/siti.italofonia.info\/unesco\/2025-0406\/saul-leiter-il-maestro-del-colore\/","url":"https:\/\/siti.italofonia.info\/unesco\/2025-0406\/saul-leiter-il-maestro-del-colore\/","name":"Saul Leiter, il maestro del colore - Il Corriere dell&#039;Unesco","isPartOf":{"@id":"https:\/\/siti.italofonia.info\/unesco\/#website"},"primaryImageOfPage":{"@id":"https:\/\/siti.italofonia.info\/unesco\/2025-0406\/saul-leiter-il-maestro-del-colore\/#primaryimage"},"image":{"@id":"https:\/\/siti.italofonia.info\/unesco\/2025-0406\/saul-leiter-il-maestro-del-colore\/#primaryimage"},"thumbnailUrl":"https:\/\/i2.wp.com\/courier.unesco.org\/sites\/default\/files\/styles\/paragraph_medium_desktop\/article\/2025-03\/COU_2_25_ZOOM_WEB_01.jpg.webp?itok=pQiNQr5V&w=610&resize=610,436&ssl=1","datePublished":"2025-04-02T14:00:00+00:00","dateModified":"2025-07-11T12:16:51+00:00","breadcrumb":{"@id":"https:\/\/siti.italofonia.info\/unesco\/2025-0406\/saul-leiter-il-maestro-del-colore\/#breadcrumb"},"inLanguage":"it-IT","potentialAction":[{"@type":"ReadAction","target":["https:\/\/siti.italofonia.info\/unesco\/2025-0406\/saul-leiter-il-maestro-del-colore\/"]}]},{"@type":"ImageObject","inLanguage":"it-IT","@id":"https:\/\/siti.italofonia.info\/unesco\/2025-0406\/saul-leiter-il-maestro-del-colore\/#primaryimage","url":"https:\/\/i2.wp.com\/courier.unesco.org\/sites\/default\/files\/styles\/paragraph_medium_desktop\/article\/2025-03\/COU_2_25_ZOOM_WEB_01.jpg.webp?itok=pQiNQr5V&w=610&resize=610,436&ssl=1","contentUrl":"https:\/\/i2.wp.com\/courier.unesco.org\/sites\/default\/files\/styles\/paragraph_medium_desktop\/article\/2025-03\/COU_2_25_ZOOM_WEB_01.jpg.webp?itok=pQiNQr5V&w=610&resize=610,436&ssl=1","width":"610","height":"436"},{"@type":"BreadcrumbList","@id":"https:\/\/siti.italofonia.info\/unesco\/2025-0406\/saul-leiter-il-maestro-del-colore\/#breadcrumb","itemListElement":[{"@type":"ListItem","position":1,"name":"Home","item":"https:\/\/siti.italofonia.info\/unesco\/"},{"@type":"ListItem","position":2,"name":"Saul Leiter, il maestro del colore"}]},{"@type":"WebSite","@id":"https:\/\/siti.italofonia.info\/unesco\/#website","url":"https:\/\/siti.italofonia.info\/unesco\/","name":"Il Corriere dell&#039;Unesco","description":"","publisher":{"@id":"https:\/\/siti.italofonia.info\/unesco\/#organization"},"potentialAction":[{"@type":"SearchAction","target":{"@type":"EntryPoint","urlTemplate":"https:\/\/siti.italofonia.info\/unesco\/?s={search_term_string}"},"query-input":{"@type":"PropertyValueSpecification","valueRequired":true,"valueName":"search_term_string"}}],"inLanguage":"it-IT"},{"@type":"Organization","@id":"https:\/\/siti.italofonia.info\/unesco\/#organization","name":"Il Corriere dell&#039;Unesco","url":"https:\/\/siti.italofonia.info\/unesco\/","logo":{"@type":"ImageObject","inLanguage":"it-IT","@id":"https:\/\/siti.italofonia.info\/unesco\/#\/schema\/logo\/image\/","url":"https:\/\/siti.italofonia.info\/unesco\/wp-content\/uploads\/sites\/11\/2025\/06\/Logo_UNESCO_2021-corriere.svg_.png","contentUrl":"https:\/\/siti.italofonia.info\/unesco\/wp-content\/uploads\/sites\/11\/2025\/06\/Logo_UNESCO_2021-corriere.svg_.png","width":3264,"height":320,"caption":"Il Corriere dell&#039;Unesco"},"image":{"@id":"https:\/\/siti.italofonia.info\/unesco\/#\/schema\/logo\/image\/"}},{"@type":"Person","@id":"https:\/\/siti.italofonia.info\/unesco\/#\/schema\/person\/1b0f7e05e8632b4df2a94d3c12bd3681","name":"La Redazione","image":{"@type":"ImageObject","inLanguage":"it-IT","@id":"https:\/\/siti.italofonia.info\/unesco\/#\/schema\/person\/image\/","url":"https:\/\/secure.gravatar.com\/avatar\/cf626482658d313d57c73ed40ef0ffeea01b1fe0a73dadf1ff54718e048546d8?s=96&d=mm&r=g","contentUrl":"https:\/\/secure.gravatar.com\/avatar\/cf626482658d313d57c73ed40ef0ffeea01b1fe0a73dadf1ff54718e048546d8?s=96&d=mm&r=g","caption":"La Redazione"},"sameAs":["https:\/\/siti.italofonia.info"],"url":"https:\/\/siti.italofonia.info\/unesco\/author\/giorgio-cantoni\/"}]}},"jetpack_featured_media_url":"https:\/\/i2.wp.com\/courier.unesco.org\/sites\/default\/files\/styles\/paragraph_medium_desktop\/article\/2025-03\/COU_2_25_ZOOM_WEB_01.jpg.webp?itok=pQiNQr5V&w=610&resize=610,436&ssl=1","amp_enabled":true,"_links":{"self":[{"href":"https:\/\/siti.italofonia.info\/unesco\/wp-json\/wp\/v2\/posts\/140","targetHints":{"allow":["GET"]}}],"collection":[{"href":"https:\/\/siti.italofonia.info\/unesco\/wp-json\/wp\/v2\/posts"}],"about":[{"href":"https:\/\/siti.italofonia.info\/unesco\/wp-json\/wp\/v2\/types\/post"}],"author":[{"embeddable":true,"href":"https:\/\/siti.italofonia.info\/unesco\/wp-json\/wp\/v2\/users\/1"}],"replies":[{"embeddable":true,"href":"https:\/\/siti.italofonia.info\/unesco\/wp-json\/wp\/v2\/comments?post=140"}],"version-history":[{"count":2,"href":"https:\/\/siti.italofonia.info\/unesco\/wp-json\/wp\/v2\/posts\/140\/revisions"}],"predecessor-version":[{"id":142,"href":"https:\/\/siti.italofonia.info\/unesco\/wp-json\/wp\/v2\/posts\/140\/revisions\/142"}],"wp:featuredmedia":[{"embeddable":true,"href":"https:\/\/siti.italofonia.info\/unesco\/wp-json\/wp\/v2\/media\/143"}],"wp:attachment":[{"href":"https:\/\/siti.italofonia.info\/unesco\/wp-json\/wp\/v2\/media?parent=140"}],"wp:term":[{"taxonomy":"category","embeddable":true,"href":"https:\/\/siti.italofonia.info\/unesco\/wp-json\/wp\/v2\/categories?post=140"},{"taxonomy":"post_tag","embeddable":true,"href":"https:\/\/siti.italofonia.info\/unesco\/wp-json\/wp\/v2\/tags?post=140"}],"curies":[{"name":"wp","href":"https:\/\/api.w.org\/{rel}","templated":true}]}}