{"id":154,"date":"2025-01-09T23:57:00","date_gmt":"2025-01-09T22:57:00","guid":{"rendered":"https:\/\/siti.italofonia.info\/unesco\/?p=154"},"modified":"2025-06-28T22:42:32","modified_gmt":"2025-06-28T20:42:32","slug":"ghiacciai-in-via-di-estinzione","status":"publish","type":"post","link":"https:\/\/siti.italofonia.info\/unesco\/2025-0103\/ghiacciai-in-via-di-estinzione\/","title":{"rendered":"Ghiacciai in via di estinzione"},"content":{"rendered":"\n\n<p>Secondo la leggenda amerindia, le cime pi\u00f9 alte della catena montuosa di Merida, in Venezuela, devono le loro cime innevate al battito d&#8217;ali di cinque aquile bianche. Ma negli ultimi decenni i rapaci sembrano aver abbandonato la cordigliera, che ora \u00e8 ricoperta di terra sassosa. Nel 2023 il Paese ha perso il suo ultimo ghiacciaio, La Corona.<\/p>\n\n\n\n\n\n<p>Le Ande non sono le uniche montagne che le aquile bianche non visitano pi\u00f9. I ghiacciai si stanno ritirando ovunque, dalle Alpi al Monte Everest al Kilimanjaro. Pi\u00f9 in generale, \u00e8 l&#8217;intera criosfera &#8211; tutte le masse di ghiaccio, neve e terreno ghiacciato &#8211; che si sta riducendo a causa dei cambiamenti climatici. Negli ultimi due anni, questo processo ha subito un&#8217;accelerazione senza precedenti.<\/p>\n\n\n\n\n\n<p>L&#8217;Anno Internazionale della Conservazione dei Ghiacciai, proclamato dalle Nazioni Unite e coordinato dall&#8217;UNESCO e dall&#8217;Organizzazione Meteorologica Mondiale (OMM), offre l&#8217;opportunit\u00e0 di analizzare le conseguenze di questo grande fenomeno, che pu\u00f2 essere efficacemente arginato solo con una significativa riduzione delle emissioni di gas serra.<\/p>\n\n\n\n\n\n<p>La sensibilizzazione dell&#8217;opinione pubblica sugli effetti del riscaldamento globale \u00e8 un altro obiettivo chiave dell&#8217;Anno internazionale. Ma c&#8217;\u00e8 ancora molto da fare in questo campo. Secondo diversi studi recenti dell&#8217;UNESCO, meno del 40% degli insegnanti si sente in grado di spiegare agli studenti l&#8217;impatto del cambiamento climatico e il 70% dei giovani ammette di avere una scarsa conoscenza dell&#8217;argomento.<\/p>\n\n\n\n\n\n<p>Eppure \u00e8 urgente agire. Lo scioglimento dei ghiacciai ha conseguenze di vasta portata: l&#8217;interruzione del ciclo dell&#8217;acqua, l&#8217;innalzamento del livello del mare che minaccia le zone costiere e l&#8217;aumento del rischio di inondazioni sono solo alcune delle manifestazioni gi\u00e0 visibili. \u00c8 anche una fonte di disturbo per molte comunit\u00e0 indigene che vivono ad alta quota, per le quali i ghiacciai hanno una dimensione culturale, come dimostrano i recenti sviluppi del pellegrinaggio al santuario del Signore di Qoyllurit&#8217;i, che nel 2011 \u00e8 stato iscritto nella Lista rappresentativa del patrimonio culturale immateriale dell&#8217;UNESCO.<\/p>\n\n\n\n\n\n<p>I cambiamenti che si verificano oggi sulle cime delle montagne, in aree spesso remote e di difficile accesso, possono sembrare lontani e locali. \u00c8 vero il contrario. Ci\u00f2 che accade oggi sulle montagne, vere e proprie sentinelle del cambiamento climatico, influenzer\u00e0 la qualit\u00e0 della vita nelle valli, nelle zone costiere e nelle citt\u00e0. In una parola, \u00e8 in gioco il nostro futuro.<\/p>\n\n\n\n\n\n<p><strong>Agn\u00e8s Bardon<\/strong><br>Capo redattore<br><\/p>\n\n\n\n\n\n<h2 class=\"wp-block-heading\">Un anno internazionale per sensibilizzare l&#8217;opinione pubblica sullo scioglimento dei ghiacciai<\/h2>\n\n\n\n\n\n<p class=\"has-light-green-cyan-background-color has-background\">Le Nazioni Unite hanno designato il 2025 come <a href=\"https:\/\/www.un-glaciers.org\/en\" target=\"_blank\" rel=\"noreferrer noopener\"><u>Anno internazionale della conservazione dei ghiacciai<\/u><\/a>. L&#8217;UNESCO e l&#8217;Organizzazione meteorologica mondiale (OMM) sono i partner chiave per l&#8217;attuazione di questo sforzo globale di sensibilizzazione sul ruolo critico dei ghiacciai, della neve e del ghiaccio nel sistema climatico e nel ciclo idrologico. Inoltre, a partire dal 2025, il 21 marzo sar\u00e0 riconosciuto come la Giornata mondiale dei ghiacciai.<br>La posta in gioco \u00e8 alta: i ghiacciai sostengono i mezzi di sussistenza e le economie di milioni di persone in tutto il mondo e svolgono un ruolo essenziale per la sostenibilit\u00e0 ambientale. Tuttavia, si stanno riducendo rapidamente. L&#8217;Anno internazionale della conservazione dei ghiacciai rappresenta un&#8217;opportunit\u00e0 per attirare l&#8217;attenzione del pubblico e dei decisori politici su questo importante fenomeno e sulle sue conseguenze, nonch\u00e9 sulle strategie di mitigazione e adattamento. <br>Nell&#8217;ambito dell&#8217;Anno internazionale della conservazione dei ghiacciai 2025, si terr\u00e0 un<a href=\"https:\/\/www.unesco.org\/en\/articles\/launch-1st-world-day-glaciers-and-world-water-day\"><u> evento di alto livello<\/u><\/a> della Giornata mondiale dei ghiacciai e della Giornata mondiale dell&#8217;acqua sar\u00e0 organizzato il 21 marzo a Parigi per evidenziare l&#8217;accelerazione della minaccia dello scioglimento dei ghiacciai e il suo impatto. L&#8217;evento segner\u00e0 anche il lancio del Rapporto sullo sviluppo idrico mondiale 2025, dal tema &#8220;Alte montagne e ghiacciai&#8221;.<\/p>\n\n","protected":false},"excerpt":{"rendered":"<p>Secondo la leggenda amerindia, le cime pi\u00f9 alte della catena montuosa di Merida, in Venezuela,&#8230;<\/p>\n","protected":false},"author":1,"featured_media":156,"comment_status":"open","ping_status":"open","sticky":false,"template":"","format":"standard","meta":{"fifu_image_url":"","fifu_image_alt":"","footnotes":""},"categories":[6],"tags":[],"class_list":["post-154","post","type-post","status-publish","format-standard","has-post-thumbnail","hentry","category-2025-0103"],"yoast_head":"<!-- This site is optimized with the Yoast SEO plugin v25.9 - https:\/\/yoast.com\/wordpress\/plugins\/seo\/ -->\n<title>Ghiacciai in via di estinzione - Il Corriere dell&#039;Unesco<\/title>\n<meta name=\"robots\" content=\"index, follow, max-snippet:-1, max-image-preview:large, max-video-preview:-1\" \/>\n<link rel=\"canonical\" href=\"https:\/\/siti.italofonia.info\/unesco\/2025-0103\/ghiacciai-in-via-di-estinzione\/\" \/>\n<meta property=\"og:locale\" content=\"it_IT\" \/>\n<meta property=\"og:type\" content=\"article\" \/>\n<meta property=\"og:title\" content=\"Ghiacciai in via di estinzione - Il Corriere dell&#039;Unesco\" \/>\n<meta property=\"og:description\" content=\"Secondo la leggenda amerindia, le cime pi\u00f9 alte della catena montuosa di Merida, in Venezuela,...\" \/>\n<meta property=\"og:url\" content=\"https:\/\/siti.italofonia.info\/unesco\/2025-0103\/ghiacciai-in-via-di-estinzione\/\" \/>\n<meta property=\"og:site_name\" content=\"Il Corriere dell&#039;Unesco\" \/>\n<meta property=\"article:published_time\" content=\"2025-01-09T22:57:00+00:00\" \/>\n<meta property=\"article:modified_time\" content=\"2025-06-28T20:42:32+00:00\" \/>\n<meta property=\"og:image\" content=\"https:\/\/siti.italofonia.info\/unesco\/wp-content\/uploads\/sites\/11\/2025\/01\/courier-cover-202501Screenshot_20250628_223609.png\" \/>\n\t<meta property=\"og:image:width\" content=\"704\" \/>\n\t<meta property=\"og:image:height\" content=\"419\" \/>\n\t<meta property=\"og:image:type\" content=\"image\/png\" \/>\n<meta name=\"author\" content=\"La Redazione\" \/>\n<meta name=\"twitter:card\" content=\"summary_large_image\" \/>\n<meta name=\"twitter:label1\" content=\"Scritto da\" \/>\n\t<meta name=\"twitter:data1\" content=\"La Redazione\" \/>\n\t<meta name=\"twitter:label2\" content=\"Tempo di lettura stimato\" \/>\n\t<meta name=\"twitter:data2\" content=\"4 minuti\" \/>\n<script type=\"application\/ld+json\" class=\"yoast-schema-graph\">{\"@context\":\"https:\/\/schema.org\",\"@graph\":[{\"@type\":\"Article\",\"@id\":\"https:\/\/siti.italofonia.info\/unesco\/2025-0103\/ghiacciai-in-via-di-estinzione\/#article\",\"isPartOf\":{\"@id\":\"https:\/\/siti.italofonia.info\/unesco\/2025-0103\/ghiacciai-in-via-di-estinzione\/\"},\"author\":{\"name\":\"La Redazione\",\"@id\":\"https:\/\/siti.italofonia.info\/unesco\/#\/schema\/person\/1b0f7e05e8632b4df2a94d3c12bd3681\"},\"headline\":\"Ghiacciai in via di estinzione\",\"datePublished\":\"2025-01-09T22:57:00+00:00\",\"dateModified\":\"2025-06-28T20:42:32+00:00\",\"mainEntityOfPage\":{\"@id\":\"https:\/\/siti.italofonia.info\/unesco\/2025-0103\/ghiacciai-in-via-di-estinzione\/\"},\"wordCount\":606,\"commentCount\":0,\"publisher\":{\"@id\":\"https:\/\/siti.italofonia.info\/unesco\/#organization\"},\"image\":{\"@id\":\"https:\/\/siti.italofonia.info\/unesco\/2025-0103\/ghiacciai-in-via-di-estinzione\/#primaryimage\"},\"thumbnailUrl\":\"https:\/\/siti.italofonia.info\/unesco\/wp-content\/uploads\/sites\/11\/2025\/01\/courier-cover-202501Screenshot_20250628_223609.png\",\"articleSection\":[\"2025 n\u00b01 Gennaio-Marzo\"],\"inLanguage\":\"it-IT\",\"potentialAction\":[{\"@type\":\"CommentAction\",\"name\":\"Comment\",\"target\":[\"https:\/\/siti.italofonia.info\/unesco\/2025-0103\/ghiacciai-in-via-di-estinzione\/#respond\"]}]},{\"@type\":\"WebPage\",\"@id\":\"https:\/\/siti.italofonia.info\/unesco\/2025-0103\/ghiacciai-in-via-di-estinzione\/\",\"url\":\"https:\/\/siti.italofonia.info\/unesco\/2025-0103\/ghiacciai-in-via-di-estinzione\/\",\"name\":\"Ghiacciai in via di estinzione - Il Corriere dell&#039;Unesco\",\"isPartOf\":{\"@id\":\"https:\/\/siti.italofonia.info\/unesco\/#website\"},\"primaryImageOfPage\":{\"@id\":\"https:\/\/siti.italofonia.info\/unesco\/2025-0103\/ghiacciai-in-via-di-estinzione\/#primaryimage\"},\"image\":{\"@id\":\"https:\/\/siti.italofonia.info\/unesco\/2025-0103\/ghiacciai-in-via-di-estinzione\/#primaryimage\"},\"thumbnailUrl\":\"https:\/\/siti.italofonia.info\/unesco\/wp-content\/uploads\/sites\/11\/2025\/01\/courier-cover-202501Screenshot_20250628_223609.png\",\"datePublished\":\"2025-01-09T22:57:00+00:00\",\"dateModified\":\"2025-06-28T20:42:32+00:00\",\"breadcrumb\":{\"@id\":\"https:\/\/siti.italofonia.info\/unesco\/2025-0103\/ghiacciai-in-via-di-estinzione\/#breadcrumb\"},\"inLanguage\":\"it-IT\",\"potentialAction\":[{\"@type\":\"ReadAction\",\"target\":[\"https:\/\/siti.italofonia.info\/unesco\/2025-0103\/ghiacciai-in-via-di-estinzione\/\"]}]},{\"@type\":\"ImageObject\",\"inLanguage\":\"it-IT\",\"@id\":\"https:\/\/siti.italofonia.info\/unesco\/2025-0103\/ghiacciai-in-via-di-estinzione\/#primaryimage\",\"url\":\"https:\/\/siti.italofonia.info\/unesco\/wp-content\/uploads\/sites\/11\/2025\/01\/courier-cover-202501Screenshot_20250628_223609.png\",\"contentUrl\":\"https:\/\/siti.italofonia.info\/unesco\/wp-content\/uploads\/sites\/11\/2025\/01\/courier-cover-202501Screenshot_20250628_223609.png\",\"width\":704,\"height\":419},{\"@type\":\"BreadcrumbList\",\"@id\":\"https:\/\/siti.italofonia.info\/unesco\/2025-0103\/ghiacciai-in-via-di-estinzione\/#breadcrumb\",\"itemListElement\":[{\"@type\":\"ListItem\",\"position\":1,\"name\":\"Home\",\"item\":\"https:\/\/siti.italofonia.info\/unesco\/\"},{\"@type\":\"ListItem\",\"position\":2,\"name\":\"Ghiacciai in via di estinzione\"}]},{\"@type\":\"WebSite\",\"@id\":\"https:\/\/siti.italofonia.info\/unesco\/#website\",\"url\":\"https:\/\/siti.italofonia.info\/unesco\/\",\"name\":\"Il Corriere dell&#039;Unesco\",\"description\":\"\",\"publisher\":{\"@id\":\"https:\/\/siti.italofonia.info\/unesco\/#organization\"},\"potentialAction\":[{\"@type\":\"SearchAction\",\"target\":{\"@type\":\"EntryPoint\",\"urlTemplate\":\"https:\/\/siti.italofonia.info\/unesco\/?s={search_term_string}\"},\"query-input\":{\"@type\":\"PropertyValueSpecification\",\"valueRequired\":true,\"valueName\":\"search_term_string\"}}],\"inLanguage\":\"it-IT\"},{\"@type\":\"Organization\",\"@id\":\"https:\/\/siti.italofonia.info\/unesco\/#organization\",\"name\":\"Il Corriere dell&#039;Unesco\",\"url\":\"https:\/\/siti.italofonia.info\/unesco\/\",\"logo\":{\"@type\":\"ImageObject\",\"inLanguage\":\"it-IT\",\"@id\":\"https:\/\/siti.italofonia.info\/unesco\/#\/schema\/logo\/image\/\",\"url\":\"https:\/\/siti.italofonia.info\/unesco\/wp-content\/uploads\/sites\/11\/2025\/06\/Logo_UNESCO_2021-corriere.svg_.png\",\"contentUrl\":\"https:\/\/siti.italofonia.info\/unesco\/wp-content\/uploads\/sites\/11\/2025\/06\/Logo_UNESCO_2021-corriere.svg_.png\",\"width\":3264,\"height\":320,\"caption\":\"Il Corriere dell&#039;Unesco\"},\"image\":{\"@id\":\"https:\/\/siti.italofonia.info\/unesco\/#\/schema\/logo\/image\/\"}},{\"@type\":\"Person\",\"@id\":\"https:\/\/siti.italofonia.info\/unesco\/#\/schema\/person\/1b0f7e05e8632b4df2a94d3c12bd3681\",\"name\":\"La Redazione\",\"image\":{\"@type\":\"ImageObject\",\"inLanguage\":\"it-IT\",\"@id\":\"https:\/\/siti.italofonia.info\/unesco\/#\/schema\/person\/image\/\",\"url\":\"https:\/\/secure.gravatar.com\/avatar\/cf626482658d313d57c73ed40ef0ffeea01b1fe0a73dadf1ff54718e048546d8?s=96&d=mm&r=g\",\"contentUrl\":\"https:\/\/secure.gravatar.com\/avatar\/cf626482658d313d57c73ed40ef0ffeea01b1fe0a73dadf1ff54718e048546d8?s=96&d=mm&r=g\",\"caption\":\"La Redazione\"},\"sameAs\":[\"https:\/\/siti.italofonia.info\"],\"url\":\"https:\/\/siti.italofonia.info\/unesco\/author\/giorgio-cantoni\/\"}]}<\/script>\n<!-- \/ Yoast SEO plugin. -->","yoast_head_json":{"title":"Ghiacciai in via di estinzione - Il Corriere dell&#039;Unesco","robots":{"index":"index","follow":"follow","max-snippet":"max-snippet:-1","max-image-preview":"max-image-preview:large","max-video-preview":"max-video-preview:-1"},"canonical":"https:\/\/siti.italofonia.info\/unesco\/2025-0103\/ghiacciai-in-via-di-estinzione\/","og_locale":"it_IT","og_type":"article","og_title":"Ghiacciai in via di estinzione - Il Corriere dell&#039;Unesco","og_description":"Secondo la leggenda amerindia, le cime pi\u00f9 alte della catena montuosa di Merida, in Venezuela,...","og_url":"https:\/\/siti.italofonia.info\/unesco\/2025-0103\/ghiacciai-in-via-di-estinzione\/","og_site_name":"Il Corriere dell&#039;Unesco","article_published_time":"2025-01-09T22:57:00+00:00","article_modified_time":"2025-06-28T20:42:32+00:00","og_image":[{"width":704,"height":419,"url":"https:\/\/siti.italofonia.info\/unesco\/wp-content\/uploads\/sites\/11\/2025\/01\/courier-cover-202501Screenshot_20250628_223609.png","type":"image\/png"}],"author":"La Redazione","twitter_card":"summary_large_image","twitter_misc":{"Scritto da":"La Redazione","Tempo di lettura stimato":"4 minuti"},"schema":{"@context":"https:\/\/schema.org","@graph":[{"@type":"Article","@id":"https:\/\/siti.italofonia.info\/unesco\/2025-0103\/ghiacciai-in-via-di-estinzione\/#article","isPartOf":{"@id":"https:\/\/siti.italofonia.info\/unesco\/2025-0103\/ghiacciai-in-via-di-estinzione\/"},"author":{"name":"La Redazione","@id":"https:\/\/siti.italofonia.info\/unesco\/#\/schema\/person\/1b0f7e05e8632b4df2a94d3c12bd3681"},"headline":"Ghiacciai in via di estinzione","datePublished":"2025-01-09T22:57:00+00:00","dateModified":"2025-06-28T20:42:32+00:00","mainEntityOfPage":{"@id":"https:\/\/siti.italofonia.info\/unesco\/2025-0103\/ghiacciai-in-via-di-estinzione\/"},"wordCount":606,"commentCount":0,"publisher":{"@id":"https:\/\/siti.italofonia.info\/unesco\/#organization"},"image":{"@id":"https:\/\/siti.italofonia.info\/unesco\/2025-0103\/ghiacciai-in-via-di-estinzione\/#primaryimage"},"thumbnailUrl":"https:\/\/siti.italofonia.info\/unesco\/wp-content\/uploads\/sites\/11\/2025\/01\/courier-cover-202501Screenshot_20250628_223609.png","articleSection":["2025 n\u00b01 Gennaio-Marzo"],"inLanguage":"it-IT","potentialAction":[{"@type":"CommentAction","name":"Comment","target":["https:\/\/siti.italofonia.info\/unesco\/2025-0103\/ghiacciai-in-via-di-estinzione\/#respond"]}]},{"@type":"WebPage","@id":"https:\/\/siti.italofonia.info\/unesco\/2025-0103\/ghiacciai-in-via-di-estinzione\/","url":"https:\/\/siti.italofonia.info\/unesco\/2025-0103\/ghiacciai-in-via-di-estinzione\/","name":"Ghiacciai in via di estinzione - Il Corriere dell&#039;Unesco","isPartOf":{"@id":"https:\/\/siti.italofonia.info\/unesco\/#website"},"primaryImageOfPage":{"@id":"https:\/\/siti.italofonia.info\/unesco\/2025-0103\/ghiacciai-in-via-di-estinzione\/#primaryimage"},"image":{"@id":"https:\/\/siti.italofonia.info\/unesco\/2025-0103\/ghiacciai-in-via-di-estinzione\/#primaryimage"},"thumbnailUrl":"https:\/\/siti.italofonia.info\/unesco\/wp-content\/uploads\/sites\/11\/2025\/01\/courier-cover-202501Screenshot_20250628_223609.png","datePublished":"2025-01-09T22:57:00+00:00","dateModified":"2025-06-28T20:42:32+00:00","breadcrumb":{"@id":"https:\/\/siti.italofonia.info\/unesco\/2025-0103\/ghiacciai-in-via-di-estinzione\/#breadcrumb"},"inLanguage":"it-IT","potentialAction":[{"@type":"ReadAction","target":["https:\/\/siti.italofonia.info\/unesco\/2025-0103\/ghiacciai-in-via-di-estinzione\/"]}]},{"@type":"ImageObject","inLanguage":"it-IT","@id":"https:\/\/siti.italofonia.info\/unesco\/2025-0103\/ghiacciai-in-via-di-estinzione\/#primaryimage","url":"https:\/\/siti.italofonia.info\/unesco\/wp-content\/uploads\/sites\/11\/2025\/01\/courier-cover-202501Screenshot_20250628_223609.png","contentUrl":"https:\/\/siti.italofonia.info\/unesco\/wp-content\/uploads\/sites\/11\/2025\/01\/courier-cover-202501Screenshot_20250628_223609.png","width":704,"height":419},{"@type":"BreadcrumbList","@id":"https:\/\/siti.italofonia.info\/unesco\/2025-0103\/ghiacciai-in-via-di-estinzione\/#breadcrumb","itemListElement":[{"@type":"ListItem","position":1,"name":"Home","item":"https:\/\/siti.italofonia.info\/unesco\/"},{"@type":"ListItem","position":2,"name":"Ghiacciai in via di estinzione"}]},{"@type":"WebSite","@id":"https:\/\/siti.italofonia.info\/unesco\/#website","url":"https:\/\/siti.italofonia.info\/unesco\/","name":"Il Corriere dell&#039;Unesco","description":"","publisher":{"@id":"https:\/\/siti.italofonia.info\/unesco\/#organization"},"potentialAction":[{"@type":"SearchAction","target":{"@type":"EntryPoint","urlTemplate":"https:\/\/siti.italofonia.info\/unesco\/?s={search_term_string}"},"query-input":{"@type":"PropertyValueSpecification","valueRequired":true,"valueName":"search_term_string"}}],"inLanguage":"it-IT"},{"@type":"Organization","@id":"https:\/\/siti.italofonia.info\/unesco\/#organization","name":"Il Corriere dell&#039;Unesco","url":"https:\/\/siti.italofonia.info\/unesco\/","logo":{"@type":"ImageObject","inLanguage":"it-IT","@id":"https:\/\/siti.italofonia.info\/unesco\/#\/schema\/logo\/image\/","url":"https:\/\/siti.italofonia.info\/unesco\/wp-content\/uploads\/sites\/11\/2025\/06\/Logo_UNESCO_2021-corriere.svg_.png","contentUrl":"https:\/\/siti.italofonia.info\/unesco\/wp-content\/uploads\/sites\/11\/2025\/06\/Logo_UNESCO_2021-corriere.svg_.png","width":3264,"height":320,"caption":"Il Corriere dell&#039;Unesco"},"image":{"@id":"https:\/\/siti.italofonia.info\/unesco\/#\/schema\/logo\/image\/"}},{"@type":"Person","@id":"https:\/\/siti.italofonia.info\/unesco\/#\/schema\/person\/1b0f7e05e8632b4df2a94d3c12bd3681","name":"La Redazione","image":{"@type":"ImageObject","inLanguage":"it-IT","@id":"https:\/\/siti.italofonia.info\/unesco\/#\/schema\/person\/image\/","url":"https:\/\/secure.gravatar.com\/avatar\/cf626482658d313d57c73ed40ef0ffeea01b1fe0a73dadf1ff54718e048546d8?s=96&d=mm&r=g","contentUrl":"https:\/\/secure.gravatar.com\/avatar\/cf626482658d313d57c73ed40ef0ffeea01b1fe0a73dadf1ff54718e048546d8?s=96&d=mm&r=g","caption":"La Redazione"},"sameAs":["https:\/\/siti.italofonia.info"],"url":"https:\/\/siti.italofonia.info\/unesco\/author\/giorgio-cantoni\/"}]}},"jetpack_featured_media_url":"https:\/\/siti.italofonia.info\/unesco\/wp-content\/uploads\/sites\/11\/2025\/01\/courier-cover-202501Screenshot_20250628_223609.png","amp_enabled":true,"_links":{"self":[{"href":"https:\/\/siti.italofonia.info\/unesco\/wp-json\/wp\/v2\/posts\/154","targetHints":{"allow":["GET"]}}],"collection":[{"href":"https:\/\/siti.italofonia.info\/unesco\/wp-json\/wp\/v2\/posts"}],"about":[{"href":"https:\/\/siti.italofonia.info\/unesco\/wp-json\/wp\/v2\/types\/post"}],"author":[{"embeddable":true,"href":"https:\/\/siti.italofonia.info\/unesco\/wp-json\/wp\/v2\/users\/1"}],"replies":[{"embeddable":true,"href":"https:\/\/siti.italofonia.info\/unesco\/wp-json\/wp\/v2\/comments?post=154"}],"version-history":[{"count":2,"href":"https:\/\/siti.italofonia.info\/unesco\/wp-json\/wp\/v2\/posts\/154\/revisions"}],"predecessor-version":[{"id":158,"href":"https:\/\/siti.italofonia.info\/unesco\/wp-json\/wp\/v2\/posts\/154\/revisions\/158"}],"wp:featuredmedia":[{"embeddable":true,"href":"https:\/\/siti.italofonia.info\/unesco\/wp-json\/wp\/v2\/media\/156"}],"wp:attachment":[{"href":"https:\/\/siti.italofonia.info\/unesco\/wp-json\/wp\/v2\/media?parent=154"}],"wp:term":[{"taxonomy":"category","embeddable":true,"href":"https:\/\/siti.italofonia.info\/unesco\/wp-json\/wp\/v2\/categories?post=154"},{"taxonomy":"post_tag","embeddable":true,"href":"https:\/\/siti.italofonia.info\/unesco\/wp-json\/wp\/v2\/tags?post=154"}],"curies":[{"name":"wp","href":"https:\/\/api.w.org\/{rel}","templated":true}]}}