{"id":181,"date":"2025-01-06T16:32:00","date_gmt":"2025-01-06T15:32:00","guid":{"rendered":"https:\/\/siti.italofonia.info\/unesco\/?p=181"},"modified":"2025-07-05T12:40:33","modified_gmt":"2025-07-05T10:40:33","slug":"culture-indigene-il-cuore-della-diversita","status":"publish","type":"post","link":"https:\/\/siti.italofonia.info\/unesco\/2025-0103\/culture-indigene-il-cuore-della-diversita\/","title":{"rendered":"Culture indigene: Il cuore della diversit\u00e0"},"content":{"rendered":"\n\n<p class=\"has-small-font-size\">Celebrazioni per la Giornata internazionale dei popoli indigeni del mondo a Rio de Janeiro, Brasile, nel 2023.<br>\u00a9 Focus Pix \/ Shutterstock<\/p>\n\n\n\n\n\n<p>Le popolazioni indigene rappresentano solo il 5% della popolazione mondiale, ma possiedono, occupano e utilizzano pi\u00f9 di un quarto della superficie terrestre del mondo.<\/p>\n\n\n\n\n\n<p>6 gennaio 2025<\/p>\n\n\n\n\n\n<p>Ultimo aggiornamento: 8 gennaio 2025<\/p>\n\n\n\n\n\n<p><strong>Chen Xiaorong<\/strong><br>UNESCO<\/p>\n\n\n\n\n\n<p>Le popolazioni indigene sono essenziali per la diversit\u00e0 culturale, ma sono sempre pi\u00f9 minacciate. Si stima che la met\u00e0 delle circa 7.000 lingue del mondo scomparir\u00e0 entro il 2100. La maggior parte di queste sono lingue indigene. L&#8217;UNESCO \u00e8 stata in prima linea negli sforzi e nelle iniziative per proteggere le comunit\u00e0 indigene e le loro conoscenze uniche fin dal secolo scorso.<\/p>\n\n\n\n\n\n<figure class=\"wp-block-image size-large\"><img fetchpriority=\"high\" decoding=\"async\" width=\"1024\" height=\"683\" src=\"https:\/\/siti.italofonia.info\/unesco\/wp-content\/uploads\/sites\/11\/2025\/07\/indigeni-1-1024x683.png\" alt=\"\" class=\"wp-image-182\" srcset=\"https:\/\/siti.italofonia.info\/unesco\/wp-content\/uploads\/sites\/11\/2025\/07\/indigeni-1-1024x683.png 1024w, https:\/\/siti.italofonia.info\/unesco\/wp-content\/uploads\/sites\/11\/2025\/07\/indigeni-1-300x200.png 300w, https:\/\/siti.italofonia.info\/unesco\/wp-content\/uploads\/sites\/11\/2025\/07\/indigeni-1-768x512.png 768w, https:\/\/siti.italofonia.info\/unesco\/wp-content\/uploads\/sites\/11\/2025\/07\/indigeni-1-850x567.png 850w, https:\/\/siti.italofonia.info\/unesco\/wp-content\/uploads\/sites\/11\/2025\/07\/indigeni-1.png 1031w\" sizes=\"(max-width: 1024px) 100vw, 1024px\" \/><\/figure>\n\n\n\n\n\n<figure class=\"wp-block-image size-large\"><img decoding=\"async\" width=\"1024\" height=\"683\" src=\"https:\/\/siti.italofonia.info\/unesco\/wp-content\/uploads\/sites\/11\/2025\/07\/indigeni-2-1024x683.png\" alt=\"\" class=\"wp-image-183\" srcset=\"https:\/\/siti.italofonia.info\/unesco\/wp-content\/uploads\/sites\/11\/2025\/07\/indigeni-2-1024x683.png 1024w, https:\/\/siti.italofonia.info\/unesco\/wp-content\/uploads\/sites\/11\/2025\/07\/indigeni-2-300x200.png 300w, https:\/\/siti.italofonia.info\/unesco\/wp-content\/uploads\/sites\/11\/2025\/07\/indigeni-2-768x512.png 768w, https:\/\/siti.italofonia.info\/unesco\/wp-content\/uploads\/sites\/11\/2025\/07\/indigeni-2-850x567.png 850w, https:\/\/siti.italofonia.info\/unesco\/wp-content\/uploads\/sites\/11\/2025\/07\/indigeni-2.png 1031w\" sizes=\"(max-width: 1024px) 100vw, 1024px\" \/><\/figure>\n\n","protected":false},"excerpt":{"rendered":"<p>Celebrazioni per la Giornata internazionale dei popoli indigeni del mondo a Rio de Janeiro, Brasile,&#8230;<\/p>\n","protected":false},"author":1,"featured_media":185,"comment_status":"open","ping_status":"open","sticky":false,"template":"","format":"standard","meta":{"fifu_image_url":"https:\/\/courier.unesco.org\/sites\/default\/files\/styles\/paragraph_medium_desktop\/article\/2024-12\/COU_1_25_IN_DEPTH_WEBSITE.jpg.webp?itok=KrSG6qfH","fifu_image_alt":"","footnotes":""},"categories":[6],"tags":[],"class_list":["post-181","post","type-post","status-publish","format-standard","has-post-thumbnail","hentry","category-2025-0103"],"yoast_head":"<!-- This site is optimized with the Yoast SEO plugin v25.9 - https:\/\/yoast.com\/wordpress\/plugins\/seo\/ -->\n<title>Culture indigene: Il cuore della diversit\u00e0 - Il Corriere dell&#039;Unesco<\/title>\n<meta name=\"robots\" content=\"index, follow, max-snippet:-1, max-image-preview:large, max-video-preview:-1\" \/>\n<link rel=\"canonical\" href=\"https:\/\/siti.italofonia.info\/unesco\/2025-0103\/culture-indigene-il-cuore-della-diversita\/\" \/>\n<meta property=\"og:locale\" content=\"it_IT\" \/>\n<meta property=\"og:type\" content=\"article\" \/>\n<meta property=\"og:title\" content=\"Culture indigene: Il cuore della diversit\u00e0 - Il Corriere dell&#039;Unesco\" \/>\n<meta property=\"og:description\" content=\"Celebrazioni per la Giornata internazionale dei popoli indigeni del mondo a Rio de Janeiro, Brasile,...\" \/>\n<meta property=\"og:url\" content=\"https:\/\/siti.italofonia.info\/unesco\/2025-0103\/culture-indigene-il-cuore-della-diversita\/\" \/>\n<meta property=\"og:site_name\" content=\"Il Corriere dell&#039;Unesco\" \/>\n<meta property=\"article:published_time\" content=\"2025-01-06T15:32:00+00:00\" \/>\n<meta property=\"article:modified_time\" content=\"2025-07-05T10:40:33+00:00\" \/>\n<meta property=\"og:image\" content=\"https:\/\/courier.unesco.org\/sites\/default\/files\/styles\/paragraph_medium_desktop\/article\/2024-12\/COU_1_25_IN_DEPTH_WEBSITE.jpg.webp?itok=KrSG6qfH\" \/><meta property=\"og:image\" content=\"https:\/\/courier.unesco.org\/sites\/default\/files\/styles\/paragraph_medium_desktop\/article\/2024-12\/COU_1_25_IN_DEPTH_WEBSITE.jpg.webp?itok=KrSG6qfH\" \/>\n\t<meta property=\"og:image:width\" content=\"610\" \/>\n\t<meta property=\"og:image:height\" content=\"436\" \/>\n\t<meta property=\"og:image:type\" content=\"image\/jpeg\" \/>\n<meta name=\"author\" content=\"La Redazione\" \/>\n<meta name=\"twitter:card\" content=\"summary_large_image\" \/>\n<meta name=\"twitter:image\" content=\"https:\/\/courier.unesco.org\/sites\/default\/files\/styles\/paragraph_medium_desktop\/article\/2024-12\/COU_1_25_IN_DEPTH_WEBSITE.jpg.webp?itok=KrSG6qfH\" \/>\n<meta name=\"twitter:label1\" content=\"Scritto da\" \/>\n\t<meta name=\"twitter:data1\" content=\"La Redazione\" \/>\n\t<meta name=\"twitter:label2\" content=\"Tempo di lettura stimato\" \/>\n\t<meta name=\"twitter:data2\" content=\"1 minuto\" \/>\n<script type=\"application\/ld+json\" class=\"yoast-schema-graph\">{\"@context\":\"https:\/\/schema.org\",\"@graph\":[{\"@type\":\"Article\",\"@id\":\"https:\/\/siti.italofonia.info\/unesco\/2025-0103\/culture-indigene-il-cuore-della-diversita\/#article\",\"isPartOf\":{\"@id\":\"https:\/\/siti.italofonia.info\/unesco\/2025-0103\/culture-indigene-il-cuore-della-diversita\/\"},\"author\":{\"name\":\"La Redazione\",\"@id\":\"https:\/\/siti.italofonia.info\/unesco\/#\/schema\/person\/1b0f7e05e8632b4df2a94d3c12bd3681\"},\"headline\":\"Culture indigene: Il cuore della diversit\u00e0\",\"datePublished\":\"2025-01-06T15:32:00+00:00\",\"dateModified\":\"2025-07-05T10:40:33+00:00\",\"mainEntityOfPage\":{\"@id\":\"https:\/\/siti.italofonia.info\/unesco\/2025-0103\/culture-indigene-il-cuore-della-diversita\/\"},\"wordCount\":115,\"commentCount\":0,\"publisher\":{\"@id\":\"https:\/\/siti.italofonia.info\/unesco\/#organization\"},\"image\":{\"@id\":\"https:\/\/siti.italofonia.info\/unesco\/2025-0103\/culture-indigene-il-cuore-della-diversita\/#primaryimage\"},\"thumbnailUrl\":\"https:\/\/i2.wp.com\/courier.unesco.org\/sites\/default\/files\/styles\/paragraph_medium_desktop\/article\/2024-12\/COU_1_25_IN_DEPTH_WEBSITE.jpg.webp?itok=KrSG6qfH&w=610&resize=610,436&ssl=1\",\"articleSection\":[\"2025 n\u00b01 Gennaio-Marzo\"],\"inLanguage\":\"it-IT\",\"potentialAction\":[{\"@type\":\"CommentAction\",\"name\":\"Comment\",\"target\":[\"https:\/\/siti.italofonia.info\/unesco\/2025-0103\/culture-indigene-il-cuore-della-diversita\/#respond\"]}]},{\"@type\":\"WebPage\",\"@id\":\"https:\/\/siti.italofonia.info\/unesco\/2025-0103\/culture-indigene-il-cuore-della-diversita\/\",\"url\":\"https:\/\/siti.italofonia.info\/unesco\/2025-0103\/culture-indigene-il-cuore-della-diversita\/\",\"name\":\"Culture indigene: Il cuore della diversit\u00e0 - Il Corriere dell&#039;Unesco\",\"isPartOf\":{\"@id\":\"https:\/\/siti.italofonia.info\/unesco\/#website\"},\"primaryImageOfPage\":{\"@id\":\"https:\/\/siti.italofonia.info\/unesco\/2025-0103\/culture-indigene-il-cuore-della-diversita\/#primaryimage\"},\"image\":{\"@id\":\"https:\/\/siti.italofonia.info\/unesco\/2025-0103\/culture-indigene-il-cuore-della-diversita\/#primaryimage\"},\"thumbnailUrl\":\"https:\/\/i2.wp.com\/courier.unesco.org\/sites\/default\/files\/styles\/paragraph_medium_desktop\/article\/2024-12\/COU_1_25_IN_DEPTH_WEBSITE.jpg.webp?itok=KrSG6qfH&w=610&resize=610,436&ssl=1\",\"datePublished\":\"2025-01-06T15:32:00+00:00\",\"dateModified\":\"2025-07-05T10:40:33+00:00\",\"breadcrumb\":{\"@id\":\"https:\/\/siti.italofonia.info\/unesco\/2025-0103\/culture-indigene-il-cuore-della-diversita\/#breadcrumb\"},\"inLanguage\":\"it-IT\",\"potentialAction\":[{\"@type\":\"ReadAction\",\"target\":[\"https:\/\/siti.italofonia.info\/unesco\/2025-0103\/culture-indigene-il-cuore-della-diversita\/\"]}]},{\"@type\":\"ImageObject\",\"inLanguage\":\"it-IT\",\"@id\":\"https:\/\/siti.italofonia.info\/unesco\/2025-0103\/culture-indigene-il-cuore-della-diversita\/#primaryimage\",\"url\":\"https:\/\/i2.wp.com\/courier.unesco.org\/sites\/default\/files\/styles\/paragraph_medium_desktop\/article\/2024-12\/COU_1_25_IN_DEPTH_WEBSITE.jpg.webp?itok=KrSG6qfH&w=610&resize=610,436&ssl=1\",\"contentUrl\":\"https:\/\/i2.wp.com\/courier.unesco.org\/sites\/default\/files\/styles\/paragraph_medium_desktop\/article\/2024-12\/COU_1_25_IN_DEPTH_WEBSITE.jpg.webp?itok=KrSG6qfH&w=610&resize=610,436&ssl=1\",\"width\":\"610\",\"height\":\"436\"},{\"@type\":\"BreadcrumbList\",\"@id\":\"https:\/\/siti.italofonia.info\/unesco\/2025-0103\/culture-indigene-il-cuore-della-diversita\/#breadcrumb\",\"itemListElement\":[{\"@type\":\"ListItem\",\"position\":1,\"name\":\"Home\",\"item\":\"https:\/\/siti.italofonia.info\/unesco\/\"},{\"@type\":\"ListItem\",\"position\":2,\"name\":\"Culture indigene: Il cuore della diversit\u00e0\"}]},{\"@type\":\"WebSite\",\"@id\":\"https:\/\/siti.italofonia.info\/unesco\/#website\",\"url\":\"https:\/\/siti.italofonia.info\/unesco\/\",\"name\":\"Il Corriere dell&#039;Unesco\",\"description\":\"\",\"publisher\":{\"@id\":\"https:\/\/siti.italofonia.info\/unesco\/#organization\"},\"potentialAction\":[{\"@type\":\"SearchAction\",\"target\":{\"@type\":\"EntryPoint\",\"urlTemplate\":\"https:\/\/siti.italofonia.info\/unesco\/?s={search_term_string}\"},\"query-input\":{\"@type\":\"PropertyValueSpecification\",\"valueRequired\":true,\"valueName\":\"search_term_string\"}}],\"inLanguage\":\"it-IT\"},{\"@type\":\"Organization\",\"@id\":\"https:\/\/siti.italofonia.info\/unesco\/#organization\",\"name\":\"Il Corriere dell&#039;Unesco\",\"url\":\"https:\/\/siti.italofonia.info\/unesco\/\",\"logo\":{\"@type\":\"ImageObject\",\"inLanguage\":\"it-IT\",\"@id\":\"https:\/\/siti.italofonia.info\/unesco\/#\/schema\/logo\/image\/\",\"url\":\"https:\/\/siti.italofonia.info\/unesco\/wp-content\/uploads\/sites\/11\/2025\/06\/Logo_UNESCO_2021-corriere.svg_.png\",\"contentUrl\":\"https:\/\/siti.italofonia.info\/unesco\/wp-content\/uploads\/sites\/11\/2025\/06\/Logo_UNESCO_2021-corriere.svg_.png\",\"width\":3264,\"height\":320,\"caption\":\"Il Corriere dell&#039;Unesco\"},\"image\":{\"@id\":\"https:\/\/siti.italofonia.info\/unesco\/#\/schema\/logo\/image\/\"}},{\"@type\":\"Person\",\"@id\":\"https:\/\/siti.italofonia.info\/unesco\/#\/schema\/person\/1b0f7e05e8632b4df2a94d3c12bd3681\",\"name\":\"La Redazione\",\"image\":{\"@type\":\"ImageObject\",\"inLanguage\":\"it-IT\",\"@id\":\"https:\/\/siti.italofonia.info\/unesco\/#\/schema\/person\/image\/\",\"url\":\"https:\/\/secure.gravatar.com\/avatar\/cf626482658d313d57c73ed40ef0ffeea01b1fe0a73dadf1ff54718e048546d8?s=96&d=mm&r=g\",\"contentUrl\":\"https:\/\/secure.gravatar.com\/avatar\/cf626482658d313d57c73ed40ef0ffeea01b1fe0a73dadf1ff54718e048546d8?s=96&d=mm&r=g\",\"caption\":\"La Redazione\"},\"sameAs\":[\"https:\/\/siti.italofonia.info\"],\"url\":\"https:\/\/siti.italofonia.info\/unesco\/author\/giorgio-cantoni\/\"}]}<\/script>\n<!-- \/ Yoast SEO plugin. -->","yoast_head_json":{"title":"Culture indigene: Il cuore della diversit\u00e0 - Il Corriere dell&#039;Unesco","robots":{"index":"index","follow":"follow","max-snippet":"max-snippet:-1","max-image-preview":"max-image-preview:large","max-video-preview":"max-video-preview:-1"},"canonical":"https:\/\/siti.italofonia.info\/unesco\/2025-0103\/culture-indigene-il-cuore-della-diversita\/","og_locale":"it_IT","og_type":"article","og_title":"Culture indigene: Il cuore della diversit\u00e0 - Il Corriere dell&#039;Unesco","og_description":"Celebrazioni per la Giornata internazionale dei popoli indigeni del mondo a Rio de Janeiro, Brasile,...","og_url":"https:\/\/siti.italofonia.info\/unesco\/2025-0103\/culture-indigene-il-cuore-della-diversita\/","og_site_name":"Il Corriere dell&#039;Unesco","article_published_time":"2025-01-06T15:32:00+00:00","article_modified_time":"2025-07-05T10:40:33+00:00","og_image":[{"url":"https:\/\/courier.unesco.org\/sites\/default\/files\/styles\/paragraph_medium_desktop\/article\/2024-12\/COU_1_25_IN_DEPTH_WEBSITE.jpg.webp?itok=KrSG6qfH","type":"","width":"","height":""},{"width":610,"height":436,"url":"https:\/\/courier.unesco.org\/sites\/default\/files\/styles\/paragraph_medium_desktop\/article\/2024-12\/COU_1_25_IN_DEPTH_WEBSITE.jpg.webp?itok=KrSG6qfH","type":"image\/jpeg"}],"author":"La Redazione","twitter_card":"summary_large_image","twitter_image":"https:\/\/courier.unesco.org\/sites\/default\/files\/styles\/paragraph_medium_desktop\/article\/2024-12\/COU_1_25_IN_DEPTH_WEBSITE.jpg.webp?itok=KrSG6qfH","twitter_misc":{"Scritto da":"La Redazione","Tempo di lettura stimato":"1 minuto"},"schema":{"@context":"https:\/\/schema.org","@graph":[{"@type":"Article","@id":"https:\/\/siti.italofonia.info\/unesco\/2025-0103\/culture-indigene-il-cuore-della-diversita\/#article","isPartOf":{"@id":"https:\/\/siti.italofonia.info\/unesco\/2025-0103\/culture-indigene-il-cuore-della-diversita\/"},"author":{"name":"La Redazione","@id":"https:\/\/siti.italofonia.info\/unesco\/#\/schema\/person\/1b0f7e05e8632b4df2a94d3c12bd3681"},"headline":"Culture indigene: Il cuore della diversit\u00e0","datePublished":"2025-01-06T15:32:00+00:00","dateModified":"2025-07-05T10:40:33+00:00","mainEntityOfPage":{"@id":"https:\/\/siti.italofonia.info\/unesco\/2025-0103\/culture-indigene-il-cuore-della-diversita\/"},"wordCount":115,"commentCount":0,"publisher":{"@id":"https:\/\/siti.italofonia.info\/unesco\/#organization"},"image":{"@id":"https:\/\/siti.italofonia.info\/unesco\/2025-0103\/culture-indigene-il-cuore-della-diversita\/#primaryimage"},"thumbnailUrl":"https:\/\/i2.wp.com\/courier.unesco.org\/sites\/default\/files\/styles\/paragraph_medium_desktop\/article\/2024-12\/COU_1_25_IN_DEPTH_WEBSITE.jpg.webp?itok=KrSG6qfH&w=610&resize=610,436&ssl=1","articleSection":["2025 n\u00b01 Gennaio-Marzo"],"inLanguage":"it-IT","potentialAction":[{"@type":"CommentAction","name":"Comment","target":["https:\/\/siti.italofonia.info\/unesco\/2025-0103\/culture-indigene-il-cuore-della-diversita\/#respond"]}]},{"@type":"WebPage","@id":"https:\/\/siti.italofonia.info\/unesco\/2025-0103\/culture-indigene-il-cuore-della-diversita\/","url":"https:\/\/siti.italofonia.info\/unesco\/2025-0103\/culture-indigene-il-cuore-della-diversita\/","name":"Culture indigene: Il cuore della diversit\u00e0 - Il Corriere dell&#039;Unesco","isPartOf":{"@id":"https:\/\/siti.italofonia.info\/unesco\/#website"},"primaryImageOfPage":{"@id":"https:\/\/siti.italofonia.info\/unesco\/2025-0103\/culture-indigene-il-cuore-della-diversita\/#primaryimage"},"image":{"@id":"https:\/\/siti.italofonia.info\/unesco\/2025-0103\/culture-indigene-il-cuore-della-diversita\/#primaryimage"},"thumbnailUrl":"https:\/\/i2.wp.com\/courier.unesco.org\/sites\/default\/files\/styles\/paragraph_medium_desktop\/article\/2024-12\/COU_1_25_IN_DEPTH_WEBSITE.jpg.webp?itok=KrSG6qfH&w=610&resize=610,436&ssl=1","datePublished":"2025-01-06T15:32:00+00:00","dateModified":"2025-07-05T10:40:33+00:00","breadcrumb":{"@id":"https:\/\/siti.italofonia.info\/unesco\/2025-0103\/culture-indigene-il-cuore-della-diversita\/#breadcrumb"},"inLanguage":"it-IT","potentialAction":[{"@type":"ReadAction","target":["https:\/\/siti.italofonia.info\/unesco\/2025-0103\/culture-indigene-il-cuore-della-diversita\/"]}]},{"@type":"ImageObject","inLanguage":"it-IT","@id":"https:\/\/siti.italofonia.info\/unesco\/2025-0103\/culture-indigene-il-cuore-della-diversita\/#primaryimage","url":"https:\/\/i2.wp.com\/courier.unesco.org\/sites\/default\/files\/styles\/paragraph_medium_desktop\/article\/2024-12\/COU_1_25_IN_DEPTH_WEBSITE.jpg.webp?itok=KrSG6qfH&w=610&resize=610,436&ssl=1","contentUrl":"https:\/\/i2.wp.com\/courier.unesco.org\/sites\/default\/files\/styles\/paragraph_medium_desktop\/article\/2024-12\/COU_1_25_IN_DEPTH_WEBSITE.jpg.webp?itok=KrSG6qfH&w=610&resize=610,436&ssl=1","width":"610","height":"436"},{"@type":"BreadcrumbList","@id":"https:\/\/siti.italofonia.info\/unesco\/2025-0103\/culture-indigene-il-cuore-della-diversita\/#breadcrumb","itemListElement":[{"@type":"ListItem","position":1,"name":"Home","item":"https:\/\/siti.italofonia.info\/unesco\/"},{"@type":"ListItem","position":2,"name":"Culture indigene: Il cuore della diversit\u00e0"}]},{"@type":"WebSite","@id":"https:\/\/siti.italofonia.info\/unesco\/#website","url":"https:\/\/siti.italofonia.info\/unesco\/","name":"Il Corriere dell&#039;Unesco","description":"","publisher":{"@id":"https:\/\/siti.italofonia.info\/unesco\/#organization"},"potentialAction":[{"@type":"SearchAction","target":{"@type":"EntryPoint","urlTemplate":"https:\/\/siti.italofonia.info\/unesco\/?s={search_term_string}"},"query-input":{"@type":"PropertyValueSpecification","valueRequired":true,"valueName":"search_term_string"}}],"inLanguage":"it-IT"},{"@type":"Organization","@id":"https:\/\/siti.italofonia.info\/unesco\/#organization","name":"Il Corriere dell&#039;Unesco","url":"https:\/\/siti.italofonia.info\/unesco\/","logo":{"@type":"ImageObject","inLanguage":"it-IT","@id":"https:\/\/siti.italofonia.info\/unesco\/#\/schema\/logo\/image\/","url":"https:\/\/siti.italofonia.info\/unesco\/wp-content\/uploads\/sites\/11\/2025\/06\/Logo_UNESCO_2021-corriere.svg_.png","contentUrl":"https:\/\/siti.italofonia.info\/unesco\/wp-content\/uploads\/sites\/11\/2025\/06\/Logo_UNESCO_2021-corriere.svg_.png","width":3264,"height":320,"caption":"Il Corriere dell&#039;Unesco"},"image":{"@id":"https:\/\/siti.italofonia.info\/unesco\/#\/schema\/logo\/image\/"}},{"@type":"Person","@id":"https:\/\/siti.italofonia.info\/unesco\/#\/schema\/person\/1b0f7e05e8632b4df2a94d3c12bd3681","name":"La Redazione","image":{"@type":"ImageObject","inLanguage":"it-IT","@id":"https:\/\/siti.italofonia.info\/unesco\/#\/schema\/person\/image\/","url":"https:\/\/secure.gravatar.com\/avatar\/cf626482658d313d57c73ed40ef0ffeea01b1fe0a73dadf1ff54718e048546d8?s=96&d=mm&r=g","contentUrl":"https:\/\/secure.gravatar.com\/avatar\/cf626482658d313d57c73ed40ef0ffeea01b1fe0a73dadf1ff54718e048546d8?s=96&d=mm&r=g","caption":"La Redazione"},"sameAs":["https:\/\/siti.italofonia.info"],"url":"https:\/\/siti.italofonia.info\/unesco\/author\/giorgio-cantoni\/"}]}},"jetpack_featured_media_url":"https:\/\/i2.wp.com\/courier.unesco.org\/sites\/default\/files\/styles\/paragraph_medium_desktop\/article\/2024-12\/COU_1_25_IN_DEPTH_WEBSITE.jpg.webp?itok=KrSG6qfH&w=610&resize=610,436&ssl=1","amp_enabled":true,"_links":{"self":[{"href":"https:\/\/siti.italofonia.info\/unesco\/wp-json\/wp\/v2\/posts\/181","targetHints":{"allow":["GET"]}}],"collection":[{"href":"https:\/\/siti.italofonia.info\/unesco\/wp-json\/wp\/v2\/posts"}],"about":[{"href":"https:\/\/siti.italofonia.info\/unesco\/wp-json\/wp\/v2\/types\/post"}],"author":[{"embeddable":true,"href":"https:\/\/siti.italofonia.info\/unesco\/wp-json\/wp\/v2\/users\/1"}],"replies":[{"embeddable":true,"href":"https:\/\/siti.italofonia.info\/unesco\/wp-json\/wp\/v2\/comments?post=181"}],"version-history":[{"count":2,"href":"https:\/\/siti.italofonia.info\/unesco\/wp-json\/wp\/v2\/posts\/181\/revisions"}],"predecessor-version":[{"id":186,"href":"https:\/\/siti.italofonia.info\/unesco\/wp-json\/wp\/v2\/posts\/181\/revisions\/186"}],"wp:featuredmedia":[{"embeddable":true,"href":"https:\/\/siti.italofonia.info\/unesco\/wp-json\/wp\/v2\/media\/185"}],"wp:attachment":[{"href":"https:\/\/siti.italofonia.info\/unesco\/wp-json\/wp\/v2\/media?parent=181"}],"wp:term":[{"taxonomy":"category","embeddable":true,"href":"https:\/\/siti.italofonia.info\/unesco\/wp-json\/wp\/v2\/categories?post=181"},{"taxonomy":"post_tag","embeddable":true,"href":"https:\/\/siti.italofonia.info\/unesco\/wp-json\/wp\/v2\/tags?post=181"}],"curies":[{"name":"wp","href":"https:\/\/api.w.org\/{rel}","templated":true}]}}