{"id":191,"date":"2025-01-06T15:14:00","date_gmt":"2025-01-06T14:14:00","guid":{"rendered":"https:\/\/siti.italofonia.info\/unesco\/?p=191"},"modified":"2025-07-05T12:50:04","modified_gmt":"2025-07-05T10:50:04","slug":"jane-goodall-abbiamo-mandato-un-razzo-su-marte-ma-non-siamo-intelligenti","status":"publish","type":"post","link":"https:\/\/siti.italofonia.info\/unesco\/2025-0103\/jane-goodall-abbiamo-mandato-un-razzo-su-marte-ma-non-siamo-intelligenti\/","title":{"rendered":"Jane Goodall: &#8220;Abbiamo mandato un razzo su Marte, ma non siamo intelligenti&#8221;"},"content":{"rendered":"\n\n<p class=\"has-small-font-size\">Jane Goodall con lo scimpanz\u00e9 Figan nel Parco Nazionale di Gomb\u00e9, nel 1977.<br>\u00a9 Derek Bryceson<\/p>\n\n\n\n\n\n<p class=\"has-white-color has-vivid-cyan-blue-background-color has-text-color has-background has-link-color wp-elements-8473bacda193554e92642888b8464347\">Etologa e antropologa britannica di fama mondiale, la dott.ssa Jane Goodall \u00e8 nota per le sue ricerche pionieristiche sul rapporto tra uomini e animali, in particolare gli scimpanz\u00e9. L&#8217;influente attivista ambientale \u00e8 intervenuta presso la sede dell&#8217;UNESCO a Parigi il 19 ottobre 2024. Di seguito sono riportati alcuni estratti del suo discorso, in cui racconta la sua lunga lotta per preservare la vita degli animali selvatici e trasmette un messaggio di pace e speranza.<br><br>6 gennaio 2025 &#8211; Ultimo aggiornamento: 8 gennaio 2025<\/p>\n\n\n\n\n\n<p>A met\u00e0 degli anni &#8217;80 ho partecipato a una conferenza. C&#8217;era una sessione sulla conservazione e fu scioccante. Venni a sapere che in tutta l&#8217;Africa, ovunque si studiassero gli scimpanz\u00e9, le foreste venivano distrutte. Stavano perdendo il loro habitat e il loro numero stava diminuendo. Andai a quella conferenza come scienziato e me ne andai come attivista. . . . . <\/p>\n\n\n\n\n\n<p>Ho visitato i siti di studio in Africa per saperne di pi\u00f9 sulla situazione degli scimpanz\u00e9. Naturalmente, c&#8217;era la caccia commerciale agli animali selvatici per il cibo. I cacciatori mettevano le trappole per catturare antilopi, maiali della savana e cos\u00ec via. Uno scimpanz\u00e9 pu\u00f2 rimanere impigliato in una trappola di filo metallico e, sebbene riesca a rompere il filo, non riesce a toglierlo. Perderanno una mano o un piede o moriranno di cancrena.<\/p>\n\n\n\n\n\n<p>Oltre alla perdita dell&#8217;habitat, le madri vengono uccise in modo che i piccoli possano essere rubati e trafficati in tutto il mondo per essere venduti come animali domestici o per qualche tipo di intrattenimento, come nei circhi. Man mano che le persone si spostano sempre pi\u00f9 all&#8217;interno della foresta, portano con s\u00e9 le malattie umane. Gli scimpanz\u00e9 condividono il 98,7% del nostro DNA, quindi sono in grado di contrarre le nostre malattie e questo pu\u00f2 avere un effetto devastante su una comunit\u00e0 di scimpanz\u00e9.<\/p>\n\n\n\n\n\n<h2 class=\"wp-block-heading\">Salvare la foresta<\/h2>\n\n\n\n\n\n<p>Ma mentre imparavo tutto questo sugli scimpanz\u00e9, venivo a conoscenza della difficile situazione di alcune popolazioni africane che vivono all&#8217;interno e nei pressi degli habitat degli scimpanz\u00e9. . . . La situazione si \u00e8 aggravata quando ho sorvolato il piccolo Parco nazionale di Gombe a met\u00e0 degli anni Ottanta. Nel 1960, quando ho cominciato, faceva parte della fascia di foresta equatoriale che si estendeva dall&#8217;Africa orientale occidentale fino alla costa dell&#8217;Africa occidentale. Ma ora, con orrore, guardavo la piccola isola di foresta che era il parco nazionale e tutto intorno gli alberi erano scomparsi. Le colline erano spoglie. C&#8217;erano pi\u00f9 persone che vivevano l\u00ec di quante ne potesse sostenere la terra.<\/p>\n\n\n\n\n\n<p>Perch\u00e9 stavano tagliando gli alberi? Perch\u00e9 stavano lottando per sopravvivere, dovevano cercare di ricavare un po&#8217; di denaro dal carbone e dal legname, o di dissodare la terra per coltivare pi\u00f9 cibo per sfamare le loro famiglie. Mentre sorvolavo la piccola Gombe, ho capito: se non riusciamo a trovare il modo di aiutare queste persone a guadagnarsi da vivere senza distruggere il loro ambiente, non potremo salvare gli scimpanz\u00e9, la foresta o qualsiasi altra cosa. <\/p>\n\n\n\n\n\n<h2 class=\"wp-block-heading\">Intelligenza animale<\/h2>\n\n\n\n\n\n<p>Oggi lasciamo ai nostri figli un mondo imperfetto. \u00c8 qui che si arriva alla pi\u00f9 grande differenza tra gli esseri umani e gli altri animali. Oggi sappiamo che gli animali sono molto pi\u00f9 intelligenti di quanto pensassimo, e non solo le grandi scimmie. Oggi sappiamo che i maiali sono molto intelligenti. Gli uccelli sono molto intelligenti, in particolare i corvi e i pappagalli. Conosco un pappagallo che conosce 1.500 parole, e una parola viene conteggiata nel suo vocabolario solo se l&#8217;ha pronunciata due volte, senza essere sollecitato, nel giusto contesto.<\/p>\n\n\n\n\n\n<p>. . .<\/p>\n\n\n\n\n\n<p>In Cina \u00e8 stato condotto un esperimento in cui tre pesci rossi sono stati messi da un lato della vasca e tre dall&#8217;altro, e hanno imparato a giocare a calcio! Ai bombi si pu\u00f2 insegnare a far cadere una biglia in un buco, ottenendo cos\u00ec una ricompensa in nettare. Altri bombi che non sono stati addestrati possono fare lo stesso osservando i bombi addestrati. E conosciamo l&#8217;incredibile intelligenza del polpo. Quindi s\u00ec, gli animali sono molto intelligenti.<\/p>\n\n\n\n\n\n<p>Se fossimo intelligenti, non distruggeremmo il nostro pianeta, la nostra unica casa<\/p>\n\n\n\n\n\n<p>Ma pensiamo a quello che abbiamo fatto noi umani. Abbiamo mandato un razzo su Marte con una piccola telecamera; ora sappiamo com&#8217;\u00e8 fatta la superficie di Marte. Abbiamo Internet. Sono imprese che nessun animale, per quanto intelligente, potrebbe fare. Ma noi non siamo intelligenti, vero? Se fossimo intelligenti &#8211; Homo sapiens, la creatura saggia &#8211; non distruggeremmo il nostro pianeta, la nostra unica casa. Cosa gli abbiamo fatto? Pensate ai problemi che abbiamo creato: il riscaldamento globale, la perdita di specie, la perdita di biodiversit\u00e0 in tutto il mondo. Abbiamo inquinato l&#8217;aria, l&#8217;acqua e la terra!<\/p>\n\n\n\n\n\n<h2 class=\"wp-block-heading\">Una scintilla di speranza<\/h2>\n\n\n\n\n\n<p>L&#8217;agricoltura industriale avvelena il suolo con pesticidi chimici, erbicidi e fungicidi. Stiamo inquinando l&#8217;acqua degli oceani con le acque di dilavamento dell&#8217;agricoltura, dell&#8217;industria e dei rifiuti domestici. Abbiamo il terribile problema della plastica. Tutti noi abbiamo della plastica nel corpo &#8211; la plastica \u00e8 ovunque.<\/p>\n\n\n\n\n\n<p>Abbiamo il problema della povert\u00e0 perch\u00e9, vivendo in povert\u00e0, le persone possono distruggere l&#8217;ambiente per sopravvivere, come \u00e8 successo a Gombe. D&#8217;altra parte, dobbiamo fare qualcosa per ridurre gli stili di vita non sostenibili. Alcune persone hanno molto di pi\u00f9 di quello di cui hanno bisogno, e questo lo sento molto bene per essere cresciuto durante la Seconda Guerra Mondiale, quando tutto era razionato, quando non si dava per scontato nessun boccone. <\/p>\n\n\n\n\n\n<p>. . .<\/p>\n\n\n\n\n\n<p>La gente mi chiede: &#8220;Jane, hai davvero speranza?&#8221; Conosco i problemi che il mondo deve affrontare, ma ho speranza.<\/p>\n\n\n\n\n\n<p>Vedo gli esseri umani all&#8217;imboccatura di un tunnel molto lungo e molto buio, e proprio alla fine c&#8217;\u00e8 una piccola stella, e questa \u00e8 la speranza. Ma non serve stare seduti all&#8217;imboccatura del tunnel e aspettare che arrivi quella stella. No! Dobbiamo rimboccarci le maniche; dobbiamo scavalcare, strisciare e strisciare sotto tutti i problemi che si frappongono tra noi e la stella.<\/p>\n\n\n\n\n\n<p>La buona notizia \u00e8 che ci sono gruppi di persone che affrontano questi problemi. Ma spesso lavorano nel loro piccolo tunnel, nel loro silo. Possono risolvere un problema, ma la soluzione di un problema pu\u00f2 portarne un altro. . . . Se avessimo pensato in modo olistico all&#8217;inizio, avremmo lavorato insieme. E questa \u00e8 la risposta per il futuro: nessuna organizzazione pu\u00f2 farcela da sola. Abbiamo bisogno di pi\u00f9 collaborazione; abbiamo bisogno di pi\u00f9 partenariati; abbiamo bisogno di collaborare per rendere il mondo un posto migliore.<\/p>\n\n\n\n\n\n<h2 class=\"wp-block-heading\">La resilienza della natura<\/h2>\n\n\n\n\n\n<p>I miei motivi di speranza: innanzitutto i giovani. In tutto il mondo stanno facendo una grande differenza. In secondo luogo, c&#8217;\u00e8 la resilienza della natura. Se diamo alla natura una possibilit\u00e0, essa torner\u00e0 a creare luoghi bellissimi in aree che abbiamo completamente distrutto. Se si sorvola Gombe oggi, non ci sono pi\u00f9 colline spoglie. Gli alberi sono tornati e con loro vari animali, uccelli, insetti e cos\u00ec via. Agli animali sull&#8217;orlo dell&#8217;estinzione pu\u00f2 essere data un&#8217;altra possibilit\u00e0. <\/p>\n\n\n\n\n\n<p>I miei motivi di speranza: innanzitutto i giovani<\/p>\n\n\n\n\n\n<p>Poi c&#8217;\u00e8 l&#8217;intelletto umano. Stiamo iniziando a rinsavire e a cercare di trovare modi per vivere in maggiore armonia con la natura. La scienza sta inventando energie rinnovabili e cos\u00ec via, e ogni giorno cominciamo a pensare alla nostra impronta ambientale. . . .<\/p>\n\n\n\n\n\n<p>E c&#8217;\u00e8 quello che io chiamo l&#8217;indomito spirito umano: le persone che affrontano ci\u00f2 che sembra impossibile e non si arrendono, e spesso ci riescono. . . .<\/p>\n\n\n\n\n\n<p>Una delle cose peggiori che stiamo affrontando oggi \u00e8 la guerra. . . . Ma c&#8217;\u00e8 speranza per le persone che vivono in guerra. In Roots &#038; Shoots cerchiamo di far incontrare giovani provenienti da diverse parti del mondo. Quando si riuniscono, le differenze tra le nazioni svaniscono. . . . \u00c8 il fatto che siamo tutti esseri umani. Tutti ridiamo, tutti piangiamo, tutti abbiamo amore. Spero che i giovani ci aiutino a combattere il fatto che tutti possiamo odiare. <\/p>\n\n\n\n\n\n<p>Queste sono le mie ragioni di speranza.<\/p>\n\n","protected":false},"excerpt":{"rendered":"<p>Jane Goodall con lo scimpanz\u00e9 Figan nel Parco Nazionale di Gomb\u00e9, nel 1977.\u00a9 Derek Bryceson&#8230;<\/p>\n","protected":false},"author":1,"featured_media":193,"comment_status":"open","ping_status":"open","sticky":false,"template":"","format":"standard","meta":{"fifu_image_url":"https:\/\/courier.unesco.org\/sites\/default\/files\/styles\/paragraph_medium_desktop\/article\/2024-12\/COU_1_25_IDEE_GOODALL_WEBSITE.jpg.webp?itok=1isb2FNk","fifu_image_alt":"","footnotes":""},"categories":[6],"tags":[8],"class_list":["post-191","post","type-post","status-publish","format-standard","has-post-thumbnail","hentry","category-2025-0103","tag-idea"],"yoast_head":"<!-- This site is optimized with the Yoast SEO plugin v25.9 - https:\/\/yoast.com\/wordpress\/plugins\/seo\/ -->\n<title>Jane Goodall: &quot;Abbiamo mandato un razzo su Marte, ma non siamo intelligenti&quot; - Il Corriere dell&#039;Unesco<\/title>\n<meta name=\"robots\" content=\"index, follow, max-snippet:-1, max-image-preview:large, max-video-preview:-1\" \/>\n<link rel=\"canonical\" href=\"https:\/\/siti.italofonia.info\/unesco\/2025-0103\/jane-goodall-abbiamo-mandato-un-razzo-su-marte-ma-non-siamo-intelligenti\/\" \/>\n<meta property=\"og:locale\" content=\"it_IT\" \/>\n<meta property=\"og:type\" content=\"article\" \/>\n<meta property=\"og:title\" content=\"Jane Goodall: &quot;Abbiamo mandato un razzo su Marte, ma non siamo intelligenti&quot; - Il Corriere dell&#039;Unesco\" \/>\n<meta property=\"og:description\" content=\"Jane Goodall con lo scimpanz\u00e9 Figan nel Parco Nazionale di Gomb\u00e9, nel 1977.\u00a9 Derek Bryceson...\" \/>\n<meta property=\"og:url\" content=\"https:\/\/siti.italofonia.info\/unesco\/2025-0103\/jane-goodall-abbiamo-mandato-un-razzo-su-marte-ma-non-siamo-intelligenti\/\" \/>\n<meta property=\"og:site_name\" content=\"Il Corriere dell&#039;Unesco\" \/>\n<meta property=\"article:published_time\" content=\"2025-01-06T14:14:00+00:00\" \/>\n<meta property=\"article:modified_time\" content=\"2025-07-05T10:50:04+00:00\" \/>\n<meta property=\"og:image\" content=\"https:\/\/courier.unesco.org\/sites\/default\/files\/styles\/paragraph_medium_desktop\/article\/2024-12\/COU_1_25_IDEE_GOODALL_WEBSITE.jpg.webp?itok=1isb2FNk\" \/><meta property=\"og:image\" content=\"https:\/\/courier.unesco.org\/sites\/default\/files\/styles\/paragraph_medium_desktop\/article\/2024-12\/COU_1_25_IDEE_GOODALL_WEBSITE.jpg.webp?itok=1isb2FNk\" \/>\n\t<meta property=\"og:image:width\" content=\"610\" \/>\n\t<meta property=\"og:image:height\" content=\"436\" \/>\n\t<meta property=\"og:image:type\" content=\"image\/jpeg\" \/>\n<meta name=\"author\" content=\"La Redazione\" \/>\n<meta name=\"twitter:card\" content=\"summary_large_image\" \/>\n<meta name=\"twitter:image\" content=\"https:\/\/courier.unesco.org\/sites\/default\/files\/styles\/paragraph_medium_desktop\/article\/2024-12\/COU_1_25_IDEE_GOODALL_WEBSITE.jpg.webp?itok=1isb2FNk\" \/>\n<meta name=\"twitter:label1\" content=\"Scritto da\" \/>\n\t<meta name=\"twitter:data1\" content=\"La Redazione\" \/>\n\t<meta name=\"twitter:label2\" content=\"Tempo di lettura stimato\" \/>\n\t<meta name=\"twitter:data2\" content=\"8 minuti\" \/>\n<script type=\"application\/ld+json\" class=\"yoast-schema-graph\">{\"@context\":\"https:\/\/schema.org\",\"@graph\":[{\"@type\":\"Article\",\"@id\":\"https:\/\/siti.italofonia.info\/unesco\/2025-0103\/jane-goodall-abbiamo-mandato-un-razzo-su-marte-ma-non-siamo-intelligenti\/#article\",\"isPartOf\":{\"@id\":\"https:\/\/siti.italofonia.info\/unesco\/2025-0103\/jane-goodall-abbiamo-mandato-un-razzo-su-marte-ma-non-siamo-intelligenti\/\"},\"author\":{\"name\":\"La Redazione\",\"@id\":\"https:\/\/siti.italofonia.info\/unesco\/#\/schema\/person\/1b0f7e05e8632b4df2a94d3c12bd3681\"},\"headline\":\"Jane Goodall: &#8220;Abbiamo mandato un razzo su Marte, ma non siamo intelligenti&#8221;\",\"datePublished\":\"2025-01-06T14:14:00+00:00\",\"dateModified\":\"2025-07-05T10:50:04+00:00\",\"mainEntityOfPage\":{\"@id\":\"https:\/\/siti.italofonia.info\/unesco\/2025-0103\/jane-goodall-abbiamo-mandato-un-razzo-su-marte-ma-non-siamo-intelligenti\/\"},\"wordCount\":1315,\"commentCount\":0,\"publisher\":{\"@id\":\"https:\/\/siti.italofonia.info\/unesco\/#organization\"},\"image\":{\"@id\":\"https:\/\/siti.italofonia.info\/unesco\/2025-0103\/jane-goodall-abbiamo-mandato-un-razzo-su-marte-ma-non-siamo-intelligenti\/#primaryimage\"},\"thumbnailUrl\":\"https:\/\/i1.wp.com\/courier.unesco.org\/sites\/default\/files\/styles\/paragraph_medium_desktop\/article\/2024-12\/COU_1_25_IDEE_GOODALL_WEBSITE.jpg.webp?itok=1isb2FNk&w=610&resize=610,436&ssl=1\",\"keywords\":[\"Idea\"],\"articleSection\":[\"2025 n\u00b01 Gennaio-Marzo\"],\"inLanguage\":\"it-IT\",\"potentialAction\":[{\"@type\":\"CommentAction\",\"name\":\"Comment\",\"target\":[\"https:\/\/siti.italofonia.info\/unesco\/2025-0103\/jane-goodall-abbiamo-mandato-un-razzo-su-marte-ma-non-siamo-intelligenti\/#respond\"]}]},{\"@type\":\"WebPage\",\"@id\":\"https:\/\/siti.italofonia.info\/unesco\/2025-0103\/jane-goodall-abbiamo-mandato-un-razzo-su-marte-ma-non-siamo-intelligenti\/\",\"url\":\"https:\/\/siti.italofonia.info\/unesco\/2025-0103\/jane-goodall-abbiamo-mandato-un-razzo-su-marte-ma-non-siamo-intelligenti\/\",\"name\":\"Jane Goodall: \\\"Abbiamo mandato un razzo su Marte, ma non siamo intelligenti\\\" - Il Corriere dell&#039;Unesco\",\"isPartOf\":{\"@id\":\"https:\/\/siti.italofonia.info\/unesco\/#website\"},\"primaryImageOfPage\":{\"@id\":\"https:\/\/siti.italofonia.info\/unesco\/2025-0103\/jane-goodall-abbiamo-mandato-un-razzo-su-marte-ma-non-siamo-intelligenti\/#primaryimage\"},\"image\":{\"@id\":\"https:\/\/siti.italofonia.info\/unesco\/2025-0103\/jane-goodall-abbiamo-mandato-un-razzo-su-marte-ma-non-siamo-intelligenti\/#primaryimage\"},\"thumbnailUrl\":\"https:\/\/i1.wp.com\/courier.unesco.org\/sites\/default\/files\/styles\/paragraph_medium_desktop\/article\/2024-12\/COU_1_25_IDEE_GOODALL_WEBSITE.jpg.webp?itok=1isb2FNk&w=610&resize=610,436&ssl=1\",\"datePublished\":\"2025-01-06T14:14:00+00:00\",\"dateModified\":\"2025-07-05T10:50:04+00:00\",\"breadcrumb\":{\"@id\":\"https:\/\/siti.italofonia.info\/unesco\/2025-0103\/jane-goodall-abbiamo-mandato-un-razzo-su-marte-ma-non-siamo-intelligenti\/#breadcrumb\"},\"inLanguage\":\"it-IT\",\"potentialAction\":[{\"@type\":\"ReadAction\",\"target\":[\"https:\/\/siti.italofonia.info\/unesco\/2025-0103\/jane-goodall-abbiamo-mandato-un-razzo-su-marte-ma-non-siamo-intelligenti\/\"]}]},{\"@type\":\"ImageObject\",\"inLanguage\":\"it-IT\",\"@id\":\"https:\/\/siti.italofonia.info\/unesco\/2025-0103\/jane-goodall-abbiamo-mandato-un-razzo-su-marte-ma-non-siamo-intelligenti\/#primaryimage\",\"url\":\"https:\/\/i1.wp.com\/courier.unesco.org\/sites\/default\/files\/styles\/paragraph_medium_desktop\/article\/2024-12\/COU_1_25_IDEE_GOODALL_WEBSITE.jpg.webp?itok=1isb2FNk&w=610&resize=610,436&ssl=1\",\"contentUrl\":\"https:\/\/i1.wp.com\/courier.unesco.org\/sites\/default\/files\/styles\/paragraph_medium_desktop\/article\/2024-12\/COU_1_25_IDEE_GOODALL_WEBSITE.jpg.webp?itok=1isb2FNk&w=610&resize=610,436&ssl=1\",\"width\":\"610\",\"height\":\"436\"},{\"@type\":\"BreadcrumbList\",\"@id\":\"https:\/\/siti.italofonia.info\/unesco\/2025-0103\/jane-goodall-abbiamo-mandato-un-razzo-su-marte-ma-non-siamo-intelligenti\/#breadcrumb\",\"itemListElement\":[{\"@type\":\"ListItem\",\"position\":1,\"name\":\"Home\",\"item\":\"https:\/\/siti.italofonia.info\/unesco\/\"},{\"@type\":\"ListItem\",\"position\":2,\"name\":\"Jane Goodall: &#8220;Abbiamo mandato un razzo su Marte, ma non siamo intelligenti&#8221;\"}]},{\"@type\":\"WebSite\",\"@id\":\"https:\/\/siti.italofonia.info\/unesco\/#website\",\"url\":\"https:\/\/siti.italofonia.info\/unesco\/\",\"name\":\"Il Corriere dell&#039;Unesco\",\"description\":\"\",\"publisher\":{\"@id\":\"https:\/\/siti.italofonia.info\/unesco\/#organization\"},\"potentialAction\":[{\"@type\":\"SearchAction\",\"target\":{\"@type\":\"EntryPoint\",\"urlTemplate\":\"https:\/\/siti.italofonia.info\/unesco\/?s={search_term_string}\"},\"query-input\":{\"@type\":\"PropertyValueSpecification\",\"valueRequired\":true,\"valueName\":\"search_term_string\"}}],\"inLanguage\":\"it-IT\"},{\"@type\":\"Organization\",\"@id\":\"https:\/\/siti.italofonia.info\/unesco\/#organization\",\"name\":\"Il Corriere dell&#039;Unesco\",\"url\":\"https:\/\/siti.italofonia.info\/unesco\/\",\"logo\":{\"@type\":\"ImageObject\",\"inLanguage\":\"it-IT\",\"@id\":\"https:\/\/siti.italofonia.info\/unesco\/#\/schema\/logo\/image\/\",\"url\":\"https:\/\/siti.italofonia.info\/unesco\/wp-content\/uploads\/sites\/11\/2025\/06\/Logo_UNESCO_2021-corriere.svg_.png\",\"contentUrl\":\"https:\/\/siti.italofonia.info\/unesco\/wp-content\/uploads\/sites\/11\/2025\/06\/Logo_UNESCO_2021-corriere.svg_.png\",\"width\":3264,\"height\":320,\"caption\":\"Il Corriere dell&#039;Unesco\"},\"image\":{\"@id\":\"https:\/\/siti.italofonia.info\/unesco\/#\/schema\/logo\/image\/\"}},{\"@type\":\"Person\",\"@id\":\"https:\/\/siti.italofonia.info\/unesco\/#\/schema\/person\/1b0f7e05e8632b4df2a94d3c12bd3681\",\"name\":\"La Redazione\",\"image\":{\"@type\":\"ImageObject\",\"inLanguage\":\"it-IT\",\"@id\":\"https:\/\/siti.italofonia.info\/unesco\/#\/schema\/person\/image\/\",\"url\":\"https:\/\/secure.gravatar.com\/avatar\/cf626482658d313d57c73ed40ef0ffeea01b1fe0a73dadf1ff54718e048546d8?s=96&d=mm&r=g\",\"contentUrl\":\"https:\/\/secure.gravatar.com\/avatar\/cf626482658d313d57c73ed40ef0ffeea01b1fe0a73dadf1ff54718e048546d8?s=96&d=mm&r=g\",\"caption\":\"La Redazione\"},\"sameAs\":[\"https:\/\/siti.italofonia.info\"],\"url\":\"https:\/\/siti.italofonia.info\/unesco\/author\/giorgio-cantoni\/\"}]}<\/script>\n<!-- \/ Yoast SEO plugin. -->","yoast_head_json":{"title":"Jane Goodall: \"Abbiamo mandato un razzo su Marte, ma non siamo intelligenti\" - Il Corriere dell&#039;Unesco","robots":{"index":"index","follow":"follow","max-snippet":"max-snippet:-1","max-image-preview":"max-image-preview:large","max-video-preview":"max-video-preview:-1"},"canonical":"https:\/\/siti.italofonia.info\/unesco\/2025-0103\/jane-goodall-abbiamo-mandato-un-razzo-su-marte-ma-non-siamo-intelligenti\/","og_locale":"it_IT","og_type":"article","og_title":"Jane Goodall: \"Abbiamo mandato un razzo su Marte, ma non siamo intelligenti\" - Il Corriere dell&#039;Unesco","og_description":"Jane Goodall con lo scimpanz\u00e9 Figan nel Parco Nazionale di Gomb\u00e9, nel 1977.\u00a9 Derek Bryceson...","og_url":"https:\/\/siti.italofonia.info\/unesco\/2025-0103\/jane-goodall-abbiamo-mandato-un-razzo-su-marte-ma-non-siamo-intelligenti\/","og_site_name":"Il Corriere dell&#039;Unesco","article_published_time":"2025-01-06T14:14:00+00:00","article_modified_time":"2025-07-05T10:50:04+00:00","og_image":[{"url":"https:\/\/courier.unesco.org\/sites\/default\/files\/styles\/paragraph_medium_desktop\/article\/2024-12\/COU_1_25_IDEE_GOODALL_WEBSITE.jpg.webp?itok=1isb2FNk","type":"","width":"","height":""},{"width":610,"height":436,"url":"https:\/\/courier.unesco.org\/sites\/default\/files\/styles\/paragraph_medium_desktop\/article\/2024-12\/COU_1_25_IDEE_GOODALL_WEBSITE.jpg.webp?itok=1isb2FNk","type":"image\/jpeg"}],"author":"La Redazione","twitter_card":"summary_large_image","twitter_image":"https:\/\/courier.unesco.org\/sites\/default\/files\/styles\/paragraph_medium_desktop\/article\/2024-12\/COU_1_25_IDEE_GOODALL_WEBSITE.jpg.webp?itok=1isb2FNk","twitter_misc":{"Scritto da":"La Redazione","Tempo di lettura stimato":"8 minuti"},"schema":{"@context":"https:\/\/schema.org","@graph":[{"@type":"Article","@id":"https:\/\/siti.italofonia.info\/unesco\/2025-0103\/jane-goodall-abbiamo-mandato-un-razzo-su-marte-ma-non-siamo-intelligenti\/#article","isPartOf":{"@id":"https:\/\/siti.italofonia.info\/unesco\/2025-0103\/jane-goodall-abbiamo-mandato-un-razzo-su-marte-ma-non-siamo-intelligenti\/"},"author":{"name":"La Redazione","@id":"https:\/\/siti.italofonia.info\/unesco\/#\/schema\/person\/1b0f7e05e8632b4df2a94d3c12bd3681"},"headline":"Jane Goodall: &#8220;Abbiamo mandato un razzo su Marte, ma non siamo intelligenti&#8221;","datePublished":"2025-01-06T14:14:00+00:00","dateModified":"2025-07-05T10:50:04+00:00","mainEntityOfPage":{"@id":"https:\/\/siti.italofonia.info\/unesco\/2025-0103\/jane-goodall-abbiamo-mandato-un-razzo-su-marte-ma-non-siamo-intelligenti\/"},"wordCount":1315,"commentCount":0,"publisher":{"@id":"https:\/\/siti.italofonia.info\/unesco\/#organization"},"image":{"@id":"https:\/\/siti.italofonia.info\/unesco\/2025-0103\/jane-goodall-abbiamo-mandato-un-razzo-su-marte-ma-non-siamo-intelligenti\/#primaryimage"},"thumbnailUrl":"https:\/\/i1.wp.com\/courier.unesco.org\/sites\/default\/files\/styles\/paragraph_medium_desktop\/article\/2024-12\/COU_1_25_IDEE_GOODALL_WEBSITE.jpg.webp?itok=1isb2FNk&w=610&resize=610,436&ssl=1","keywords":["Idea"],"articleSection":["2025 n\u00b01 Gennaio-Marzo"],"inLanguage":"it-IT","potentialAction":[{"@type":"CommentAction","name":"Comment","target":["https:\/\/siti.italofonia.info\/unesco\/2025-0103\/jane-goodall-abbiamo-mandato-un-razzo-su-marte-ma-non-siamo-intelligenti\/#respond"]}]},{"@type":"WebPage","@id":"https:\/\/siti.italofonia.info\/unesco\/2025-0103\/jane-goodall-abbiamo-mandato-un-razzo-su-marte-ma-non-siamo-intelligenti\/","url":"https:\/\/siti.italofonia.info\/unesco\/2025-0103\/jane-goodall-abbiamo-mandato-un-razzo-su-marte-ma-non-siamo-intelligenti\/","name":"Jane Goodall: \"Abbiamo mandato un razzo su Marte, ma non siamo intelligenti\" - Il Corriere dell&#039;Unesco","isPartOf":{"@id":"https:\/\/siti.italofonia.info\/unesco\/#website"},"primaryImageOfPage":{"@id":"https:\/\/siti.italofonia.info\/unesco\/2025-0103\/jane-goodall-abbiamo-mandato-un-razzo-su-marte-ma-non-siamo-intelligenti\/#primaryimage"},"image":{"@id":"https:\/\/siti.italofonia.info\/unesco\/2025-0103\/jane-goodall-abbiamo-mandato-un-razzo-su-marte-ma-non-siamo-intelligenti\/#primaryimage"},"thumbnailUrl":"https:\/\/i1.wp.com\/courier.unesco.org\/sites\/default\/files\/styles\/paragraph_medium_desktop\/article\/2024-12\/COU_1_25_IDEE_GOODALL_WEBSITE.jpg.webp?itok=1isb2FNk&w=610&resize=610,436&ssl=1","datePublished":"2025-01-06T14:14:00+00:00","dateModified":"2025-07-05T10:50:04+00:00","breadcrumb":{"@id":"https:\/\/siti.italofonia.info\/unesco\/2025-0103\/jane-goodall-abbiamo-mandato-un-razzo-su-marte-ma-non-siamo-intelligenti\/#breadcrumb"},"inLanguage":"it-IT","potentialAction":[{"@type":"ReadAction","target":["https:\/\/siti.italofonia.info\/unesco\/2025-0103\/jane-goodall-abbiamo-mandato-un-razzo-su-marte-ma-non-siamo-intelligenti\/"]}]},{"@type":"ImageObject","inLanguage":"it-IT","@id":"https:\/\/siti.italofonia.info\/unesco\/2025-0103\/jane-goodall-abbiamo-mandato-un-razzo-su-marte-ma-non-siamo-intelligenti\/#primaryimage","url":"https:\/\/i1.wp.com\/courier.unesco.org\/sites\/default\/files\/styles\/paragraph_medium_desktop\/article\/2024-12\/COU_1_25_IDEE_GOODALL_WEBSITE.jpg.webp?itok=1isb2FNk&w=610&resize=610,436&ssl=1","contentUrl":"https:\/\/i1.wp.com\/courier.unesco.org\/sites\/default\/files\/styles\/paragraph_medium_desktop\/article\/2024-12\/COU_1_25_IDEE_GOODALL_WEBSITE.jpg.webp?itok=1isb2FNk&w=610&resize=610,436&ssl=1","width":"610","height":"436"},{"@type":"BreadcrumbList","@id":"https:\/\/siti.italofonia.info\/unesco\/2025-0103\/jane-goodall-abbiamo-mandato-un-razzo-su-marte-ma-non-siamo-intelligenti\/#breadcrumb","itemListElement":[{"@type":"ListItem","position":1,"name":"Home","item":"https:\/\/siti.italofonia.info\/unesco\/"},{"@type":"ListItem","position":2,"name":"Jane Goodall: &#8220;Abbiamo mandato un razzo su Marte, ma non siamo intelligenti&#8221;"}]},{"@type":"WebSite","@id":"https:\/\/siti.italofonia.info\/unesco\/#website","url":"https:\/\/siti.italofonia.info\/unesco\/","name":"Il Corriere dell&#039;Unesco","description":"","publisher":{"@id":"https:\/\/siti.italofonia.info\/unesco\/#organization"},"potentialAction":[{"@type":"SearchAction","target":{"@type":"EntryPoint","urlTemplate":"https:\/\/siti.italofonia.info\/unesco\/?s={search_term_string}"},"query-input":{"@type":"PropertyValueSpecification","valueRequired":true,"valueName":"search_term_string"}}],"inLanguage":"it-IT"},{"@type":"Organization","@id":"https:\/\/siti.italofonia.info\/unesco\/#organization","name":"Il Corriere dell&#039;Unesco","url":"https:\/\/siti.italofonia.info\/unesco\/","logo":{"@type":"ImageObject","inLanguage":"it-IT","@id":"https:\/\/siti.italofonia.info\/unesco\/#\/schema\/logo\/image\/","url":"https:\/\/siti.italofonia.info\/unesco\/wp-content\/uploads\/sites\/11\/2025\/06\/Logo_UNESCO_2021-corriere.svg_.png","contentUrl":"https:\/\/siti.italofonia.info\/unesco\/wp-content\/uploads\/sites\/11\/2025\/06\/Logo_UNESCO_2021-corriere.svg_.png","width":3264,"height":320,"caption":"Il Corriere dell&#039;Unesco"},"image":{"@id":"https:\/\/siti.italofonia.info\/unesco\/#\/schema\/logo\/image\/"}},{"@type":"Person","@id":"https:\/\/siti.italofonia.info\/unesco\/#\/schema\/person\/1b0f7e05e8632b4df2a94d3c12bd3681","name":"La Redazione","image":{"@type":"ImageObject","inLanguage":"it-IT","@id":"https:\/\/siti.italofonia.info\/unesco\/#\/schema\/person\/image\/","url":"https:\/\/secure.gravatar.com\/avatar\/cf626482658d313d57c73ed40ef0ffeea01b1fe0a73dadf1ff54718e048546d8?s=96&d=mm&r=g","contentUrl":"https:\/\/secure.gravatar.com\/avatar\/cf626482658d313d57c73ed40ef0ffeea01b1fe0a73dadf1ff54718e048546d8?s=96&d=mm&r=g","caption":"La Redazione"},"sameAs":["https:\/\/siti.italofonia.info"],"url":"https:\/\/siti.italofonia.info\/unesco\/author\/giorgio-cantoni\/"}]}},"jetpack_featured_media_url":"https:\/\/i1.wp.com\/courier.unesco.org\/sites\/default\/files\/styles\/paragraph_medium_desktop\/article\/2024-12\/COU_1_25_IDEE_GOODALL_WEBSITE.jpg.webp?itok=1isb2FNk&w=610&resize=610,436&ssl=1","amp_enabled":true,"_links":{"self":[{"href":"https:\/\/siti.italofonia.info\/unesco\/wp-json\/wp\/v2\/posts\/191","targetHints":{"allow":["GET"]}}],"collection":[{"href":"https:\/\/siti.italofonia.info\/unesco\/wp-json\/wp\/v2\/posts"}],"about":[{"href":"https:\/\/siti.italofonia.info\/unesco\/wp-json\/wp\/v2\/types\/post"}],"author":[{"embeddable":true,"href":"https:\/\/siti.italofonia.info\/unesco\/wp-json\/wp\/v2\/users\/1"}],"replies":[{"embeddable":true,"href":"https:\/\/siti.italofonia.info\/unesco\/wp-json\/wp\/v2\/comments?post=191"}],"version-history":[{"count":2,"href":"https:\/\/siti.italofonia.info\/unesco\/wp-json\/wp\/v2\/posts\/191\/revisions"}],"predecessor-version":[{"id":194,"href":"https:\/\/siti.italofonia.info\/unesco\/wp-json\/wp\/v2\/posts\/191\/revisions\/194"}],"wp:featuredmedia":[{"embeddable":true,"href":"https:\/\/siti.italofonia.info\/unesco\/wp-json\/wp\/v2\/media\/193"}],"wp:attachment":[{"href":"https:\/\/siti.italofonia.info\/unesco\/wp-json\/wp\/v2\/media?parent=191"}],"wp:term":[{"taxonomy":"category","embeddable":true,"href":"https:\/\/siti.italofonia.info\/unesco\/wp-json\/wp\/v2\/categories?post=191"},{"taxonomy":"post_tag","embeddable":true,"href":"https:\/\/siti.italofonia.info\/unesco\/wp-json\/wp\/v2\/tags?post=191"}],"curies":[{"name":"wp","href":"https:\/\/api.w.org\/{rel}","templated":true}]}}