{"id":214,"date":"2025-01-06T14:08:00","date_gmt":"2025-01-06T13:08:00","guid":{"rendered":"https:\/\/siti.italofonia.info\/unesco\/?p=214"},"modified":"2025-07-05T13:31:48","modified_gmt":"2025-07-05T11:31:48","slug":"selva-almada-la-mia-scrittura-e-influenzata-da-cio-che-sento-da-cio-che-vedo-per-strada-ma-anche-dai-ricordi-e-dalla-lettura","status":"publish","type":"post","link":"https:\/\/siti.italofonia.info\/unesco\/2025-0103\/selva-almada-la-mia-scrittura-e-influenzata-da-cio-che-sento-da-cio-che-vedo-per-strada-ma-anche-dai-ricordi-e-dalla-lettura\/","title":{"rendered":"Selva Almada: &#8220;La mia scrittura \u00e8 influenzata da ci\u00f2 che sento, da ci\u00f2 che vedo per strada, ma anche dai ricordi e dalla lettura&#8221;"},"content":{"rendered":"\n\n<p class=\"has-small-font-size\">\u00a9 Alejandra Lopez<\/p>\n\n\n\n\n\n<p class=\"has-white-color has-vivid-cyan-blue-background-color has-text-color has-background has-link-color wp-elements-8241fc675e09fe07e90feef707f26473\">In un Paese in cui la scena letteraria si concentra nella capitale, la scrittrice Selva Almada rivendica la sua appartenenza all'&#8221;interno&#8221; dell&#8217;Argentina, la provincia in cui \u00e8 cresciuta. Finalista al prestigioso Booker Prize nel 2024, \u00e8 una delle voci pi\u00f9 potenti della letteratura argentina, tradotta in molte lingue. \u00c8 anche una delle intellettuali femministe pi\u00f9 influenti della regione.<br><br>6 gennaio 2025 &#8211; Ultimo aggiornamento: 8 gennaio 2025<\/p>\n\n\n\n\n\n<p>Intervista di<strong> Luc\u00eda Iglesias Kuntz<\/strong><br>UNESCO<\/p>\n\n\n\n\n\n<p><strong>Lei si definisce spesso un&#8217;autrice di provincia. Perch\u00e9 \u00e8 importante per lei?<\/strong><\/p>\n\n\n\n\n\n<p>All&#8217;inizio degli anni 2000 avevo un blog intitolato &#8220;Una ragazza di provincia&#8221;. \u00c8 stato anche il titolo che ho dato a uno dei miei primi libri, una raccolta di racconti autobiografici. Avevo 30 anni, ero appena arrivata a Buenos Aires, e in esso raccontavo la vita di una ragazza di provincia trasferitasi nella capitale. Oggi, a distanza di molti anni, sento ancora un fortissimo senso di appartenenza a quello che qui in Argentina chiamiamo &#8220;interno&#8221;, e mi definisco una scrittrice di provincia, legata non solo alla provincia in cui sono cresciuta, Entre R\u00edos, al confine con l&#8217;Uruguay, ma a tutto il territorio. Nel mio lavoro, sia come scrittore che nei progetti in cui sono coinvolto, cerco di confutare l&#8217;idea che la letteratura in Argentina non esista al di fuori della capitale.<\/p>\n\n\n\n\n\n<p>Nel mio lavoro cerco di confutare l&#8217;idea che la letteratura argentina non esista al di fuori della capitale<\/p>\n\n\n\n\n\n<p><strong>Questo desiderio di presentare la letteratura prodotta in tutto il Paese si riflette anche nella scelta degli autori disponibili nella libreria che lei possiede a Buenos Aires.<\/strong><\/p>\n\n\n\n\n\n<p>S\u00ec, l&#8217;ho chiamata &#8220;Salvaje Federal&#8221;. \u00c8 una libreria online, ma abbiamo anche uno spazio fisico nel quartiere Almagro di Buenos Aires. L&#8217;abbiamo inaugurata alla fine del 2020, durante la pandemia COVID-19, e per questo \u00e8 esistita prima online. Presenta opere che di solito non circolano al di fuori delle province in cui sono state pubblicate. Il progetto ha preso gradualmente piede e due anni fa abbiamo organizzato il nostro primo festival nella citt\u00e0 di Rosario, a circa 300 chilometri a nord di Buenos Aires, e abbiamo in programma di lanciarne uno a Neuqu\u00e9n, in Patagonia. L&#8217;idea \u00e8 quella di un festival itinerante che si svolga ogni anno o due in una regione diversa dell&#8217;Argentina. Stiamo anche lavorando a una serie di progetti, tra cui una residenza per artisti, sempre nell&#8217;ottica di far conoscere la letteratura argentina di tutto il Paese.<\/p>\n\n\n\n\n\n<p><strong>Quali sono le sue fonti di ispirazione, i temi che le stanno pi\u00f9 a cuore?<\/strong><\/p>\n\n\n\n\n\n<p>Non mi piace parlare di &#8220;temi&#8221; in letteratura. Non scriviamo su temi, ma partendo da piccole scene, situazioni, atmosfere o personaggi che troviamo suggestivi, almeno per quanto mi riguarda. Questi fattori scatenanti possono emergere da ci\u00f2 che mi dice qualcuno, da ci\u00f2 che sento, da ci\u00f2 che vedo per strada e che attira la mia attenzione, ma anche da ricordi o da qualcosa che ho letto. Alcuni temi ricorrono nelle trame delle mie storie e dei miei romanzi: relazioni familiari interrotte o in decadenza, cultura sessista, violenza clandestina, mondo del lavoro fisico, alcolismo, religione e un insieme di credenze specifiche della regione argentina in cui sono cresciuto.<\/p>\n\n\n\n\n\n<p><strong>Nel 2024 \u00e8 stato finalista<\/strong> <strong>al prestigioso Booker Prize per il suo ultimo romanzo <\/strong><em><strong>No es un r\u00edo <\/strong><\/em><strong>[Non \u00e8 un fiume].<\/strong> <strong>Di cosa si tratta?<\/strong> <strong>I premi letterari sono importanti per lei?<\/strong><\/p>\n\n\n\n\n\n<p>La trama di<em> No es un r\u00edo<\/em> \u00e8 piuttosto semplice: due amici portano a pesca il figlio adolescente del loro amico defunto e catturano per sport una manta gigante, per poi rigettare in acqua la creatura morta. Questo porta a una serie di conflitti con la gente del posto, che ha un rapporto quasi sacro con il proprio ambiente. Questo \u00e8 un romanzo in cui il mondo dei vivi e quello dei morti si intrecciano e si fondono, e in cui riemergono conti in sospeso tra i vivi e i fantasmi. Essere nominata per il Booker Prize \u00e8 stato molto importante per me; \u00e8 un premio internazionale molto prestigioso che apre le porte ai libri nominati, in particolare alla traduzione.<\/p>\n\n\n\n\n\n<p><strong>Lei ha partecipato a laboratori letterari.<\/strong> <strong>Hanno avuto un ruolo nel suo processo di scrittura?<\/strong><\/p>\n\n\n\n\n\n<p>In realt\u00e0 ho iniziato a scrivere da solo, ma con un gruppo di amici che scrivevano anche loro, e ci riunivamo per leggerci, correggerci e criticarci a vicenda&#8230; Era una sorta di laboratorio spontaneo. Poi, nel 1999, quando mi sono trasferita a Buenos Aires, ho iniziato a frequentare i laboratori del romanziere e poeta Alberto Laiseca, a cui ho partecipato per diciassette anni, fino alla sua morte nel 2016. Mi hanno portato molto: Laiseca mi ha aiutato a trovare la mia voce, \u00e8 stato la mia guida nella scrittura. Oltre a ci\u00f2 che ho imparato nei suoi laboratori, \u00e8 stato per me un insegnante nel senso pieno del termine.<\/p>\n\n\n\n\n\n<p><strong>Lei stesso ha tenuto dei laboratori.<\/strong><\/p>\n\n\n\n\n\n<p>Per dieci anni i workshop hanno fatto parte delle mie attivit\u00e0 quotidiane. Ora non \u00e8 pi\u00f9 cos\u00ec, se non molto sporadicamente. Infatti, la figura di Alberto Laiseca \u00e8 stata cos\u00ec importante per me che non mi sono mai sentito un insegnante, ma piuttosto un coordinatore di laboratori. Ero l\u00ec per accompagnare, per condividere con gli altri i problemi che il processo di scrittura pu\u00f2 porre, le sue scoperte&#8230; Dal mio punto di vista, non \u00e8 ovviamente necessario frequentare i laboratori per essere uno scrittore, ma sono spazi utili per sollevare le domande che ci poniamo sempre sulla nostra scrittura.<\/p>\n\n\n\n\n\n<p><strong>Lei si dichiara femminista.<\/strong> <strong>Che cosa significa oggi in Argentina?<\/strong><\/p>\n\n\n\n\n\n<p>\u00c8 vero, mi sento femminista. Oggi, come in passato, essere femminista nei nostri Paesi latinoamericani, cos\u00ec impregnati di una cultura sessista, significa ancora dover lottare, scendere in piazza e chiedere costantemente i nostri diritti. Dobbiamo essere sempre all&#8217;erta, sempre pronte a scendere in piazza per chiedere qualcosa e rivendicare un diritto che non abbiamo ancora ottenuto.<\/p>\n\n\n\n\n\n<p><strong>La sua infanzia \u00e8 trascorsa sotto la dittatura militare.<\/strong> <strong>Che ruolo ha questo capitolo della storia argentina nella sua vita e nel suo lavoro?<\/strong><\/p>\n\n\n\n\n\n<p>S\u00ec, sono nato nel 1973, quindi avevo tre anni quando si \u00e8 instaurata la dittatura. Sono cresciuto in una piccola citt\u00e0 dove la gente non parlava molto e dove la scuola era sotto il controllo dei militari, come nel resto del Paese. Era qualcosa di nascosto: sapevamo che le cose stavano accadendo, che c&#8217;era un&#8217;oscurit\u00e0, ma io ero piccola e nella mia famiglia non se ne parlava. Quando \u00e8 tornata la democrazia, le notizie si sono improvvisamente riversate nella mia vita: la democrazia con il primo presidente, Ra\u00fal Alfons\u00edn, il processo ai membri della Giunta militare, il rapporto <em>Nunca m\u00e1s <\/em>[Mai pi\u00f9] che documenta la repressione che ha afflitto il Paese durante la dittatura&#8230; In realt\u00e0, tutto questo non \u00e8 molto rappresentato nei miei libri. Il mio lavoro esplora un periodo storico successivo, gli anni Novanta. Molti autori argentini hanno scelto di concentrarsi sugli anni bui della dittatura nella loro narrativa, ma io non l&#8217;ho fatto.<\/p>\n\n\n\n\n\n<p><strong>Quando e dove scrive?<\/strong><\/p>\n\n\n\n\n\n<p>Principalmente a casa. Ho un ufficio in una stanza con una grande finestra che d\u00e0 su un giardino. \u00c8 la parte della casa che riceve pi\u00f9 luce naturale, per questo l&#8217;ho scelta. A dire il vero, sono una creatura abitudinaria. Non sono uno di quegli scrittori che possono scrivere ovunque, con qualsiasi mezzo, in qualsiasi caff\u00e8&#8230; Ho bisogno di sentirmi tranquillo a casa.<\/p>\n\n\n\n\n\n<p>Non sono uno di quegli scrittori che possono scrivere ovunque. Ho bisogno di sentirmi in pace a casa<\/p>\n\n\n\n\n\n<p><strong>Lei dice spesso che non le piace viaggiare.<\/strong> <strong>Perch\u00e9?<\/strong><\/p>\n\n\n\n\n\n<p>Il mio lavoro comporta molti viaggi, ma non mi piace molto. Non mi abituer\u00f2 mai. Devo farlo, come parte del mio lavoro di scrittore, soprattutto per sostenere la distribuzione e la promozione dei miei libri, ma se potessi scegliere, sarei felice di non farlo.<\/p>\n\n\n\n\n\n<p><strong>\u00c8 preoccupato per l&#8217;invasione dell&#8217;intelligenza artificiale nella creazione letteraria?<\/strong><\/p>\n\n\n\n\n\n<p>\u00c8 un tema che non mi interessa molto. A dire il vero, non ho mai avuto voglia di approfondire l&#8217;argomento. Certo, l&#8217;intelligenza artificiale pu\u00f2 scrivere un romanzo, ma non credo che potr\u00e0 mai superare la scrittura di un essere umano, anche di un cattivo scrittore. Nessun programma per computer, nessuna macchina, potr\u00e0 mai competere con ci\u00f2 che \u00e8 unicamente nostro: l&#8217;umanit\u00e0.<\/p>\n\n\n\n\n\n<p><strong>Lei ha partecipato alla stesura di sceneggiature cinematografiche.<\/strong> <strong>Essendo abituato a lavorare da solo, come si \u00e8 adattato a questa impresa pi\u00f9 collettiva?<\/strong><\/p>\n\n\n\n\n\n<p>Ho lavorato con il regista argentino Maximiliano Schonfeld alla sceneggiatura del film <em>Jes\u00fas L\u00f3pez<\/em>, uscito nel 2021, ma non ho partecipato alle riprese. Abbiamo trovato un modo per lavorare insieme: Io scrivevo le parti pi\u00f9 narrative, che lui poi adattava al formato della sceneggiatura, e poi passavamo molto tempo a lavorare insieme sui dialoghi. Ho un bel ricordo di questa esperienza, ma mi sento soprattutto uno scrittore di racconti e romanzi.<\/p>\n\n\n\n\n\n<p><strong>\u00c8 in contatto con altri scrittori argentini o latinoamericani della sua generazione?<\/strong><\/p>\n\n\n\n\n\n<p>S\u00ec, per fortuna! Soprattutto con le scrittrici: ci leggiamo a vicenda, ci incontriamo ai festival e alle fiere e siamo molto amiche. Gabriela Cabez\u00f3n C\u00e1mara, qui in Argentina, ma sono molto affezionata anche a Fernanda Melchor del Messico, a Liliana Colanzi, che ho conosciuto a una fiera in Bolivia, ad Alejandra Costamagna e Nona Fern\u00e1ndez in Cile&#8230; Sono tutti amici scrittori di cui apprezzo il lavoro. <\/p>\n\n\n\n\n\n<p><\/p>\n\n","protected":false},"excerpt":{"rendered":"<p>\u00a9 Alejandra Lopez In un Paese in cui la scena letteraria si concentra nella capitale,&#8230;<\/p>\n","protected":false},"author":1,"featured_media":216,"comment_status":"open","ping_status":"open","sticky":false,"template":"","format":"standard","meta":{"fifu_image_url":"https:\/\/courier.unesco.org\/sites\/default\/files\/styles\/paragraph_medium_desktop\/article\/2024-12\/COU_1_25_NOTRE_INVITEE_WEBSITE.jpg.webp?itok=W00gAXGN","fifu_image_alt":"","footnotes":""},"categories":[6],"tags":[8],"class_list":["post-214","post","type-post","status-publish","format-standard","has-post-thumbnail","hentry","category-2025-0103","tag-idea"],"yoast_head":"<!-- This site is optimized with the Yoast SEO plugin v25.9 - https:\/\/yoast.com\/wordpress\/plugins\/seo\/ -->\n<title>Selva Almada: &quot;La mia scrittura \u00e8 influenzata da ci\u00f2 che sento, da ci\u00f2 che vedo per strada, ma anche dai ricordi e dalla lettura&quot; - Il Corriere dell&#039;Unesco<\/title>\n<meta name=\"robots\" content=\"index, follow, max-snippet:-1, max-image-preview:large, max-video-preview:-1\" \/>\n<link rel=\"canonical\" href=\"https:\/\/siti.italofonia.info\/unesco\/2025-0103\/selva-almada-la-mia-scrittura-e-influenzata-da-cio-che-sento-da-cio-che-vedo-per-strada-ma-anche-dai-ricordi-e-dalla-lettura\/\" \/>\n<meta property=\"og:locale\" content=\"it_IT\" \/>\n<meta property=\"og:type\" content=\"article\" \/>\n<meta property=\"og:title\" content=\"Selva Almada: &quot;La mia scrittura \u00e8 influenzata da ci\u00f2 che sento, da ci\u00f2 che vedo per strada, ma anche dai ricordi e dalla lettura&quot; - Il Corriere dell&#039;Unesco\" \/>\n<meta property=\"og:description\" content=\"\u00a9 Alejandra Lopez In un Paese in cui la scena letteraria si concentra nella capitale,...\" \/>\n<meta property=\"og:url\" content=\"https:\/\/siti.italofonia.info\/unesco\/2025-0103\/selva-almada-la-mia-scrittura-e-influenzata-da-cio-che-sento-da-cio-che-vedo-per-strada-ma-anche-dai-ricordi-e-dalla-lettura\/\" \/>\n<meta property=\"og:site_name\" content=\"Il Corriere dell&#039;Unesco\" \/>\n<meta property=\"article:published_time\" content=\"2025-01-06T13:08:00+00:00\" \/>\n<meta property=\"article:modified_time\" content=\"2025-07-05T11:31:48+00:00\" \/>\n<meta property=\"og:image\" content=\"https:\/\/courier.unesco.org\/sites\/default\/files\/styles\/paragraph_medium_desktop\/article\/2024-12\/COU_1_25_NOTRE_INVITEE_WEBSITE.jpg.webp?itok=W00gAXGN\" \/><meta property=\"og:image\" content=\"https:\/\/courier.unesco.org\/sites\/default\/files\/styles\/paragraph_medium_desktop\/article\/2024-12\/COU_1_25_NOTRE_INVITEE_WEBSITE.jpg.webp?itok=W00gAXGN\" \/>\n\t<meta property=\"og:image:width\" content=\"610\" \/>\n\t<meta property=\"og:image:height\" content=\"436\" \/>\n\t<meta property=\"og:image:type\" content=\"image\/jpeg\" \/>\n<meta name=\"author\" content=\"La Redazione\" \/>\n<meta name=\"twitter:card\" content=\"summary_large_image\" \/>\n<meta name=\"twitter:image\" content=\"https:\/\/courier.unesco.org\/sites\/default\/files\/styles\/paragraph_medium_desktop\/article\/2024-12\/COU_1_25_NOTRE_INVITEE_WEBSITE.jpg.webp?itok=W00gAXGN\" \/>\n<meta name=\"twitter:label1\" content=\"Scritto da\" \/>\n\t<meta name=\"twitter:data1\" content=\"La Redazione\" \/>\n\t<meta name=\"twitter:label2\" content=\"Tempo di lettura stimato\" \/>\n\t<meta name=\"twitter:data2\" content=\"9 minuti\" \/>\n<script type=\"application\/ld+json\" class=\"yoast-schema-graph\">{\"@context\":\"https:\/\/schema.org\",\"@graph\":[{\"@type\":\"Article\",\"@id\":\"https:\/\/siti.italofonia.info\/unesco\/2025-0103\/selva-almada-la-mia-scrittura-e-influenzata-da-cio-che-sento-da-cio-che-vedo-per-strada-ma-anche-dai-ricordi-e-dalla-lettura\/#article\",\"isPartOf\":{\"@id\":\"https:\/\/siti.italofonia.info\/unesco\/2025-0103\/selva-almada-la-mia-scrittura-e-influenzata-da-cio-che-sento-da-cio-che-vedo-per-strada-ma-anche-dai-ricordi-e-dalla-lettura\/\"},\"author\":{\"name\":\"La Redazione\",\"@id\":\"https:\/\/siti.italofonia.info\/unesco\/#\/schema\/person\/1b0f7e05e8632b4df2a94d3c12bd3681\"},\"headline\":\"Selva Almada: &#8220;La mia scrittura \u00e8 influenzata da ci\u00f2 che sento, da ci\u00f2 che vedo per strada, ma anche dai ricordi e dalla lettura&#8221;\",\"datePublished\":\"2025-01-06T13:08:00+00:00\",\"dateModified\":\"2025-07-05T11:31:48+00:00\",\"mainEntityOfPage\":{\"@id\":\"https:\/\/siti.italofonia.info\/unesco\/2025-0103\/selva-almada-la-mia-scrittura-e-influenzata-da-cio-che-sento-da-cio-che-vedo-per-strada-ma-anche-dai-ricordi-e-dalla-lettura\/\"},\"wordCount\":1547,\"commentCount\":0,\"publisher\":{\"@id\":\"https:\/\/siti.italofonia.info\/unesco\/#organization\"},\"image\":{\"@id\":\"https:\/\/siti.italofonia.info\/unesco\/2025-0103\/selva-almada-la-mia-scrittura-e-influenzata-da-cio-che-sento-da-cio-che-vedo-per-strada-ma-anche-dai-ricordi-e-dalla-lettura\/#primaryimage\"},\"thumbnailUrl\":\"https:\/\/i1.wp.com\/courier.unesco.org\/sites\/default\/files\/styles\/paragraph_medium_desktop\/article\/2024-12\/COU_1_25_NOTRE_INVITEE_WEBSITE.jpg.webp?itok=W00gAXGN&w=610&resize=610,436&ssl=1\",\"keywords\":[\"Idea\"],\"articleSection\":[\"2025 n\u00b01 Gennaio-Marzo\"],\"inLanguage\":\"it-IT\",\"potentialAction\":[{\"@type\":\"CommentAction\",\"name\":\"Comment\",\"target\":[\"https:\/\/siti.italofonia.info\/unesco\/2025-0103\/selva-almada-la-mia-scrittura-e-influenzata-da-cio-che-sento-da-cio-che-vedo-per-strada-ma-anche-dai-ricordi-e-dalla-lettura\/#respond\"]}]},{\"@type\":\"WebPage\",\"@id\":\"https:\/\/siti.italofonia.info\/unesco\/2025-0103\/selva-almada-la-mia-scrittura-e-influenzata-da-cio-che-sento-da-cio-che-vedo-per-strada-ma-anche-dai-ricordi-e-dalla-lettura\/\",\"url\":\"https:\/\/siti.italofonia.info\/unesco\/2025-0103\/selva-almada-la-mia-scrittura-e-influenzata-da-cio-che-sento-da-cio-che-vedo-per-strada-ma-anche-dai-ricordi-e-dalla-lettura\/\",\"name\":\"Selva Almada: \\\"La mia scrittura \u00e8 influenzata da ci\u00f2 che sento, da ci\u00f2 che vedo per strada, ma anche dai ricordi e dalla lettura\\\" - Il Corriere dell&#039;Unesco\",\"isPartOf\":{\"@id\":\"https:\/\/siti.italofonia.info\/unesco\/#website\"},\"primaryImageOfPage\":{\"@id\":\"https:\/\/siti.italofonia.info\/unesco\/2025-0103\/selva-almada-la-mia-scrittura-e-influenzata-da-cio-che-sento-da-cio-che-vedo-per-strada-ma-anche-dai-ricordi-e-dalla-lettura\/#primaryimage\"},\"image\":{\"@id\":\"https:\/\/siti.italofonia.info\/unesco\/2025-0103\/selva-almada-la-mia-scrittura-e-influenzata-da-cio-che-sento-da-cio-che-vedo-per-strada-ma-anche-dai-ricordi-e-dalla-lettura\/#primaryimage\"},\"thumbnailUrl\":\"https:\/\/i1.wp.com\/courier.unesco.org\/sites\/default\/files\/styles\/paragraph_medium_desktop\/article\/2024-12\/COU_1_25_NOTRE_INVITEE_WEBSITE.jpg.webp?itok=W00gAXGN&w=610&resize=610,436&ssl=1\",\"datePublished\":\"2025-01-06T13:08:00+00:00\",\"dateModified\":\"2025-07-05T11:31:48+00:00\",\"breadcrumb\":{\"@id\":\"https:\/\/siti.italofonia.info\/unesco\/2025-0103\/selva-almada-la-mia-scrittura-e-influenzata-da-cio-che-sento-da-cio-che-vedo-per-strada-ma-anche-dai-ricordi-e-dalla-lettura\/#breadcrumb\"},\"inLanguage\":\"it-IT\",\"potentialAction\":[{\"@type\":\"ReadAction\",\"target\":[\"https:\/\/siti.italofonia.info\/unesco\/2025-0103\/selva-almada-la-mia-scrittura-e-influenzata-da-cio-che-sento-da-cio-che-vedo-per-strada-ma-anche-dai-ricordi-e-dalla-lettura\/\"]}]},{\"@type\":\"ImageObject\",\"inLanguage\":\"it-IT\",\"@id\":\"https:\/\/siti.italofonia.info\/unesco\/2025-0103\/selva-almada-la-mia-scrittura-e-influenzata-da-cio-che-sento-da-cio-che-vedo-per-strada-ma-anche-dai-ricordi-e-dalla-lettura\/#primaryimage\",\"url\":\"https:\/\/i1.wp.com\/courier.unesco.org\/sites\/default\/files\/styles\/paragraph_medium_desktop\/article\/2024-12\/COU_1_25_NOTRE_INVITEE_WEBSITE.jpg.webp?itok=W00gAXGN&w=610&resize=610,436&ssl=1\",\"contentUrl\":\"https:\/\/i1.wp.com\/courier.unesco.org\/sites\/default\/files\/styles\/paragraph_medium_desktop\/article\/2024-12\/COU_1_25_NOTRE_INVITEE_WEBSITE.jpg.webp?itok=W00gAXGN&w=610&resize=610,436&ssl=1\",\"width\":\"610\",\"height\":\"436\"},{\"@type\":\"BreadcrumbList\",\"@id\":\"https:\/\/siti.italofonia.info\/unesco\/2025-0103\/selva-almada-la-mia-scrittura-e-influenzata-da-cio-che-sento-da-cio-che-vedo-per-strada-ma-anche-dai-ricordi-e-dalla-lettura\/#breadcrumb\",\"itemListElement\":[{\"@type\":\"ListItem\",\"position\":1,\"name\":\"Home\",\"item\":\"https:\/\/siti.italofonia.info\/unesco\/\"},{\"@type\":\"ListItem\",\"position\":2,\"name\":\"Selva Almada: &#8220;La mia scrittura \u00e8 influenzata da ci\u00f2 che sento, da ci\u00f2 che vedo per strada, ma anche dai ricordi e dalla lettura&#8221;\"}]},{\"@type\":\"WebSite\",\"@id\":\"https:\/\/siti.italofonia.info\/unesco\/#website\",\"url\":\"https:\/\/siti.italofonia.info\/unesco\/\",\"name\":\"Il Corriere dell&#039;Unesco\",\"description\":\"\",\"publisher\":{\"@id\":\"https:\/\/siti.italofonia.info\/unesco\/#organization\"},\"potentialAction\":[{\"@type\":\"SearchAction\",\"target\":{\"@type\":\"EntryPoint\",\"urlTemplate\":\"https:\/\/siti.italofonia.info\/unesco\/?s={search_term_string}\"},\"query-input\":{\"@type\":\"PropertyValueSpecification\",\"valueRequired\":true,\"valueName\":\"search_term_string\"}}],\"inLanguage\":\"it-IT\"},{\"@type\":\"Organization\",\"@id\":\"https:\/\/siti.italofonia.info\/unesco\/#organization\",\"name\":\"Il Corriere dell&#039;Unesco\",\"url\":\"https:\/\/siti.italofonia.info\/unesco\/\",\"logo\":{\"@type\":\"ImageObject\",\"inLanguage\":\"it-IT\",\"@id\":\"https:\/\/siti.italofonia.info\/unesco\/#\/schema\/logo\/image\/\",\"url\":\"https:\/\/siti.italofonia.info\/unesco\/wp-content\/uploads\/sites\/11\/2025\/06\/Logo_UNESCO_2021-corriere.svg_.png\",\"contentUrl\":\"https:\/\/siti.italofonia.info\/unesco\/wp-content\/uploads\/sites\/11\/2025\/06\/Logo_UNESCO_2021-corriere.svg_.png\",\"width\":3264,\"height\":320,\"caption\":\"Il Corriere dell&#039;Unesco\"},\"image\":{\"@id\":\"https:\/\/siti.italofonia.info\/unesco\/#\/schema\/logo\/image\/\"}},{\"@type\":\"Person\",\"@id\":\"https:\/\/siti.italofonia.info\/unesco\/#\/schema\/person\/1b0f7e05e8632b4df2a94d3c12bd3681\",\"name\":\"La Redazione\",\"image\":{\"@type\":\"ImageObject\",\"inLanguage\":\"it-IT\",\"@id\":\"https:\/\/siti.italofonia.info\/unesco\/#\/schema\/person\/image\/\",\"url\":\"https:\/\/secure.gravatar.com\/avatar\/cf626482658d313d57c73ed40ef0ffeea01b1fe0a73dadf1ff54718e048546d8?s=96&d=mm&r=g\",\"contentUrl\":\"https:\/\/secure.gravatar.com\/avatar\/cf626482658d313d57c73ed40ef0ffeea01b1fe0a73dadf1ff54718e048546d8?s=96&d=mm&r=g\",\"caption\":\"La Redazione\"},\"sameAs\":[\"https:\/\/siti.italofonia.info\"],\"url\":\"https:\/\/siti.italofonia.info\/unesco\/author\/giorgio-cantoni\/\"}]}<\/script>\n<!-- \/ Yoast SEO plugin. -->","yoast_head_json":{"title":"Selva Almada: \"La mia scrittura \u00e8 influenzata da ci\u00f2 che sento, da ci\u00f2 che vedo per strada, ma anche dai ricordi e dalla lettura\" - Il Corriere dell&#039;Unesco","robots":{"index":"index","follow":"follow","max-snippet":"max-snippet:-1","max-image-preview":"max-image-preview:large","max-video-preview":"max-video-preview:-1"},"canonical":"https:\/\/siti.italofonia.info\/unesco\/2025-0103\/selva-almada-la-mia-scrittura-e-influenzata-da-cio-che-sento-da-cio-che-vedo-per-strada-ma-anche-dai-ricordi-e-dalla-lettura\/","og_locale":"it_IT","og_type":"article","og_title":"Selva Almada: \"La mia scrittura \u00e8 influenzata da ci\u00f2 che sento, da ci\u00f2 che vedo per strada, ma anche dai ricordi e dalla lettura\" - Il Corriere dell&#039;Unesco","og_description":"\u00a9 Alejandra Lopez In un Paese in cui la scena letteraria si concentra nella capitale,...","og_url":"https:\/\/siti.italofonia.info\/unesco\/2025-0103\/selva-almada-la-mia-scrittura-e-influenzata-da-cio-che-sento-da-cio-che-vedo-per-strada-ma-anche-dai-ricordi-e-dalla-lettura\/","og_site_name":"Il Corriere dell&#039;Unesco","article_published_time":"2025-01-06T13:08:00+00:00","article_modified_time":"2025-07-05T11:31:48+00:00","og_image":[{"url":"https:\/\/courier.unesco.org\/sites\/default\/files\/styles\/paragraph_medium_desktop\/article\/2024-12\/COU_1_25_NOTRE_INVITEE_WEBSITE.jpg.webp?itok=W00gAXGN","type":"","width":"","height":""},{"width":610,"height":436,"url":"https:\/\/courier.unesco.org\/sites\/default\/files\/styles\/paragraph_medium_desktop\/article\/2024-12\/COU_1_25_NOTRE_INVITEE_WEBSITE.jpg.webp?itok=W00gAXGN","type":"image\/jpeg"}],"author":"La Redazione","twitter_card":"summary_large_image","twitter_image":"https:\/\/courier.unesco.org\/sites\/default\/files\/styles\/paragraph_medium_desktop\/article\/2024-12\/COU_1_25_NOTRE_INVITEE_WEBSITE.jpg.webp?itok=W00gAXGN","twitter_misc":{"Scritto da":"La Redazione","Tempo di lettura stimato":"9 minuti"},"schema":{"@context":"https:\/\/schema.org","@graph":[{"@type":"Article","@id":"https:\/\/siti.italofonia.info\/unesco\/2025-0103\/selva-almada-la-mia-scrittura-e-influenzata-da-cio-che-sento-da-cio-che-vedo-per-strada-ma-anche-dai-ricordi-e-dalla-lettura\/#article","isPartOf":{"@id":"https:\/\/siti.italofonia.info\/unesco\/2025-0103\/selva-almada-la-mia-scrittura-e-influenzata-da-cio-che-sento-da-cio-che-vedo-per-strada-ma-anche-dai-ricordi-e-dalla-lettura\/"},"author":{"name":"La Redazione","@id":"https:\/\/siti.italofonia.info\/unesco\/#\/schema\/person\/1b0f7e05e8632b4df2a94d3c12bd3681"},"headline":"Selva Almada: &#8220;La mia scrittura \u00e8 influenzata da ci\u00f2 che sento, da ci\u00f2 che vedo per strada, ma anche dai ricordi e dalla lettura&#8221;","datePublished":"2025-01-06T13:08:00+00:00","dateModified":"2025-07-05T11:31:48+00:00","mainEntityOfPage":{"@id":"https:\/\/siti.italofonia.info\/unesco\/2025-0103\/selva-almada-la-mia-scrittura-e-influenzata-da-cio-che-sento-da-cio-che-vedo-per-strada-ma-anche-dai-ricordi-e-dalla-lettura\/"},"wordCount":1547,"commentCount":0,"publisher":{"@id":"https:\/\/siti.italofonia.info\/unesco\/#organization"},"image":{"@id":"https:\/\/siti.italofonia.info\/unesco\/2025-0103\/selva-almada-la-mia-scrittura-e-influenzata-da-cio-che-sento-da-cio-che-vedo-per-strada-ma-anche-dai-ricordi-e-dalla-lettura\/#primaryimage"},"thumbnailUrl":"https:\/\/i1.wp.com\/courier.unesco.org\/sites\/default\/files\/styles\/paragraph_medium_desktop\/article\/2024-12\/COU_1_25_NOTRE_INVITEE_WEBSITE.jpg.webp?itok=W00gAXGN&w=610&resize=610,436&ssl=1","keywords":["Idea"],"articleSection":["2025 n\u00b01 Gennaio-Marzo"],"inLanguage":"it-IT","potentialAction":[{"@type":"CommentAction","name":"Comment","target":["https:\/\/siti.italofonia.info\/unesco\/2025-0103\/selva-almada-la-mia-scrittura-e-influenzata-da-cio-che-sento-da-cio-che-vedo-per-strada-ma-anche-dai-ricordi-e-dalla-lettura\/#respond"]}]},{"@type":"WebPage","@id":"https:\/\/siti.italofonia.info\/unesco\/2025-0103\/selva-almada-la-mia-scrittura-e-influenzata-da-cio-che-sento-da-cio-che-vedo-per-strada-ma-anche-dai-ricordi-e-dalla-lettura\/","url":"https:\/\/siti.italofonia.info\/unesco\/2025-0103\/selva-almada-la-mia-scrittura-e-influenzata-da-cio-che-sento-da-cio-che-vedo-per-strada-ma-anche-dai-ricordi-e-dalla-lettura\/","name":"Selva Almada: \"La mia scrittura \u00e8 influenzata da ci\u00f2 che sento, da ci\u00f2 che vedo per strada, ma anche dai ricordi e dalla lettura\" - Il Corriere dell&#039;Unesco","isPartOf":{"@id":"https:\/\/siti.italofonia.info\/unesco\/#website"},"primaryImageOfPage":{"@id":"https:\/\/siti.italofonia.info\/unesco\/2025-0103\/selva-almada-la-mia-scrittura-e-influenzata-da-cio-che-sento-da-cio-che-vedo-per-strada-ma-anche-dai-ricordi-e-dalla-lettura\/#primaryimage"},"image":{"@id":"https:\/\/siti.italofonia.info\/unesco\/2025-0103\/selva-almada-la-mia-scrittura-e-influenzata-da-cio-che-sento-da-cio-che-vedo-per-strada-ma-anche-dai-ricordi-e-dalla-lettura\/#primaryimage"},"thumbnailUrl":"https:\/\/i1.wp.com\/courier.unesco.org\/sites\/default\/files\/styles\/paragraph_medium_desktop\/article\/2024-12\/COU_1_25_NOTRE_INVITEE_WEBSITE.jpg.webp?itok=W00gAXGN&w=610&resize=610,436&ssl=1","datePublished":"2025-01-06T13:08:00+00:00","dateModified":"2025-07-05T11:31:48+00:00","breadcrumb":{"@id":"https:\/\/siti.italofonia.info\/unesco\/2025-0103\/selva-almada-la-mia-scrittura-e-influenzata-da-cio-che-sento-da-cio-che-vedo-per-strada-ma-anche-dai-ricordi-e-dalla-lettura\/#breadcrumb"},"inLanguage":"it-IT","potentialAction":[{"@type":"ReadAction","target":["https:\/\/siti.italofonia.info\/unesco\/2025-0103\/selva-almada-la-mia-scrittura-e-influenzata-da-cio-che-sento-da-cio-che-vedo-per-strada-ma-anche-dai-ricordi-e-dalla-lettura\/"]}]},{"@type":"ImageObject","inLanguage":"it-IT","@id":"https:\/\/siti.italofonia.info\/unesco\/2025-0103\/selva-almada-la-mia-scrittura-e-influenzata-da-cio-che-sento-da-cio-che-vedo-per-strada-ma-anche-dai-ricordi-e-dalla-lettura\/#primaryimage","url":"https:\/\/i1.wp.com\/courier.unesco.org\/sites\/default\/files\/styles\/paragraph_medium_desktop\/article\/2024-12\/COU_1_25_NOTRE_INVITEE_WEBSITE.jpg.webp?itok=W00gAXGN&w=610&resize=610,436&ssl=1","contentUrl":"https:\/\/i1.wp.com\/courier.unesco.org\/sites\/default\/files\/styles\/paragraph_medium_desktop\/article\/2024-12\/COU_1_25_NOTRE_INVITEE_WEBSITE.jpg.webp?itok=W00gAXGN&w=610&resize=610,436&ssl=1","width":"610","height":"436"},{"@type":"BreadcrumbList","@id":"https:\/\/siti.italofonia.info\/unesco\/2025-0103\/selva-almada-la-mia-scrittura-e-influenzata-da-cio-che-sento-da-cio-che-vedo-per-strada-ma-anche-dai-ricordi-e-dalla-lettura\/#breadcrumb","itemListElement":[{"@type":"ListItem","position":1,"name":"Home","item":"https:\/\/siti.italofonia.info\/unesco\/"},{"@type":"ListItem","position":2,"name":"Selva Almada: &#8220;La mia scrittura \u00e8 influenzata da ci\u00f2 che sento, da ci\u00f2 che vedo per strada, ma anche dai ricordi e dalla lettura&#8221;"}]},{"@type":"WebSite","@id":"https:\/\/siti.italofonia.info\/unesco\/#website","url":"https:\/\/siti.italofonia.info\/unesco\/","name":"Il Corriere dell&#039;Unesco","description":"","publisher":{"@id":"https:\/\/siti.italofonia.info\/unesco\/#organization"},"potentialAction":[{"@type":"SearchAction","target":{"@type":"EntryPoint","urlTemplate":"https:\/\/siti.italofonia.info\/unesco\/?s={search_term_string}"},"query-input":{"@type":"PropertyValueSpecification","valueRequired":true,"valueName":"search_term_string"}}],"inLanguage":"it-IT"},{"@type":"Organization","@id":"https:\/\/siti.italofonia.info\/unesco\/#organization","name":"Il Corriere dell&#039;Unesco","url":"https:\/\/siti.italofonia.info\/unesco\/","logo":{"@type":"ImageObject","inLanguage":"it-IT","@id":"https:\/\/siti.italofonia.info\/unesco\/#\/schema\/logo\/image\/","url":"https:\/\/siti.italofonia.info\/unesco\/wp-content\/uploads\/sites\/11\/2025\/06\/Logo_UNESCO_2021-corriere.svg_.png","contentUrl":"https:\/\/siti.italofonia.info\/unesco\/wp-content\/uploads\/sites\/11\/2025\/06\/Logo_UNESCO_2021-corriere.svg_.png","width":3264,"height":320,"caption":"Il Corriere dell&#039;Unesco"},"image":{"@id":"https:\/\/siti.italofonia.info\/unesco\/#\/schema\/logo\/image\/"}},{"@type":"Person","@id":"https:\/\/siti.italofonia.info\/unesco\/#\/schema\/person\/1b0f7e05e8632b4df2a94d3c12bd3681","name":"La Redazione","image":{"@type":"ImageObject","inLanguage":"it-IT","@id":"https:\/\/siti.italofonia.info\/unesco\/#\/schema\/person\/image\/","url":"https:\/\/secure.gravatar.com\/avatar\/cf626482658d313d57c73ed40ef0ffeea01b1fe0a73dadf1ff54718e048546d8?s=96&d=mm&r=g","contentUrl":"https:\/\/secure.gravatar.com\/avatar\/cf626482658d313d57c73ed40ef0ffeea01b1fe0a73dadf1ff54718e048546d8?s=96&d=mm&r=g","caption":"La Redazione"},"sameAs":["https:\/\/siti.italofonia.info"],"url":"https:\/\/siti.italofonia.info\/unesco\/author\/giorgio-cantoni\/"}]}},"jetpack_featured_media_url":"https:\/\/i1.wp.com\/courier.unesco.org\/sites\/default\/files\/styles\/paragraph_medium_desktop\/article\/2024-12\/COU_1_25_NOTRE_INVITEE_WEBSITE.jpg.webp?itok=W00gAXGN&w=610&resize=610,436&ssl=1","amp_enabled":true,"_links":{"self":[{"href":"https:\/\/siti.italofonia.info\/unesco\/wp-json\/wp\/v2\/posts\/214","targetHints":{"allow":["GET"]}}],"collection":[{"href":"https:\/\/siti.italofonia.info\/unesco\/wp-json\/wp\/v2\/posts"}],"about":[{"href":"https:\/\/siti.italofonia.info\/unesco\/wp-json\/wp\/v2\/types\/post"}],"author":[{"embeddable":true,"href":"https:\/\/siti.italofonia.info\/unesco\/wp-json\/wp\/v2\/users\/1"}],"replies":[{"embeddable":true,"href":"https:\/\/siti.italofonia.info\/unesco\/wp-json\/wp\/v2\/comments?post=214"}],"version-history":[{"count":2,"href":"https:\/\/siti.italofonia.info\/unesco\/wp-json\/wp\/v2\/posts\/214\/revisions"}],"predecessor-version":[{"id":217,"href":"https:\/\/siti.italofonia.info\/unesco\/wp-json\/wp\/v2\/posts\/214\/revisions\/217"}],"wp:featuredmedia":[{"embeddable":true,"href":"https:\/\/siti.italofonia.info\/unesco\/wp-json\/wp\/v2\/media\/216"}],"wp:attachment":[{"href":"https:\/\/siti.italofonia.info\/unesco\/wp-json\/wp\/v2\/media?parent=214"}],"wp:term":[{"taxonomy":"category","embeddable":true,"href":"https:\/\/siti.italofonia.info\/unesco\/wp-json\/wp\/v2\/categories?post=214"},{"taxonomy":"post_tag","embeddable":true,"href":"https:\/\/siti.italofonia.info\/unesco\/wp-json\/wp\/v2\/tags?post=214"}],"curies":[{"name":"wp","href":"https:\/\/api.w.org\/{rel}","templated":true}]}}