{"id":223,"date":"2025-01-06T12:55:00","date_gmt":"2025-01-06T11:55:00","guid":{"rendered":"https:\/\/siti.italofonia.info\/unesco\/?p=223"},"modified":"2025-07-11T00:58:57","modified_gmt":"2025-07-10T22:58:57","slug":"islanda-vedi-il-vatnajokull-e-poi-muori","status":"publish","type":"post","link":"https:\/\/siti.italofonia.info\/unesco\/2025-0103\/islanda-vedi-il-vatnajokull-e-poi-muori\/","title":{"rendered":"Islanda: vedi il Vatnaj\u00f6kull e poi muori?"},"content":{"rendered":"\n\n<p class=\"has-small-font-size\">Imbarcazioni turistiche nella laguna glaciale di J\u00f6kuls\u00e1rl\u00f3n, nel sud-est dell&#8217;Islanda.<br>\u00a9 Giacomo G \/ Shutterstock<\/p>\n\n\n\n\n\n<p class=\"has-white-color has-vivid-cyan-blue-background-color has-text-color has-background has-link-color wp-elements-5b4db963208b00f86179b8f8de456a65\">Il turismo in Islanda si trova ad affrontare un futuro incerto a causa dello scioglimento dei ghiacciai simbolo del Paese. L&#8217;isola nordica sta cercando di trovare il giusto equilibrio tra conservazione e profitto in un&#8217;epoca di &#8220;turismo dell&#8217;ultima occasione&#8221;.<br><br>6 gennaio 2025 &#8211; Ultimo aggiornamento: 8 gennaio 2025<\/p>\n\n\n\n\n\n<p class=\"has-light-green-cyan-background-color has-background\"><strong>\u00c1sgeir H. Ing\u00f3lfsson<\/strong><br>Giornalista con sede ad Akureyri (Islanda) e a Praga (Repubblica Ceca)<\/p>\n\n\n\n\n\n<p>Durante le sue visite guidate sui ghiacciai, la guida turistica islandese \u00cdris Ragnarsd\u00f3ttir Pedersen a volte prova un senso di tristezza. &#8220;Sto perdendo a poco a poco il mio posto di lavoro e non so se le generazioni dopo di me potranno continuare a fare questo&#8221;, dice. <\/p>\n\n\n\n\n\n<p>\u00c8 cresciuta circondata dai ghiacciai e li ha visti ritirarsi in pochi decenni, storie che condivide con i suoi ospiti. &#8220;Faccio questo lavoro da dieci anni e quando ho iniziato era pi\u00f9 comune che le persone fossero scettiche sul cambiamento climatico. Ora sono sorpresi di vedere quanto velocemente stia accadendo&#8221;<\/p>\n\n\n\n\n\n<p>Se la tendenza attuale continua, tutti i ghiacciai islandesi scompariranno nei prossimi 200 anni. E alcuni di essi sono molto pi\u00f9 vicini alla data di scadenza, come lo Sn\u00e6fellsj\u00f6kull, che ha fatto da scenario al <em>Viaggio al centro della Terra<\/em> di Jules Verne. Probabilmente gli restano solo 25 anni.<\/p>\n\n\n\n\n\n<p> il 97% dei turisti ha dichiarato che la natura islandese era il motivo principale della loro visita<\/p>\n\n\n\n\n\n<p>Si tratta di una prospettiva cupa per l&#8217;ecologia, ma anche per l&#8217;economia dell&#8217;isola. I ghiacciai islandesi si stanno sciogliendo, ma il turismo prospera in questo Paese costellato di ghiacciai e vulcani. il 97% dei turisti ha citato la natura come motivo principale del viaggio in un sondaggio condotto nel 2022 dall&#8217;Ente del turismo islandese. <\/p>\n\n\n\n\n\n<p>Negli ultimi 15 anni, il Paese ha registrato un enorme boom turistico, in parte dovuto al successo della campagna di pubbliche relazioni Inspired by Iceland lanciata nel 2011, che ha contribuito ad aumentare il numero di visitatori da mezzo milione a oltre due milioni all&#8217;anno. <\/p>\n\n\n\n\n\n<h2 class=\"wp-block-heading\">Turismo dell&#8217;ultima occasione<\/h2>\n\n\n\n\n\n<p>Per quanto possa sembrare controverso, lo scioglimento dei ghiacciai potrebbe anche motivare il &#8220;turismo dell&#8217;ultima occasione&#8221;, una tendenza che vede i viaggiatori affrettarsi a visitare i luoghi prima che scompaiano, cosa che in alcuni casi potrebbe farli scomparire pi\u00f9 velocemente.<\/p>\n\n\n\n\n\n<p>Tuttavia, Edward H. Huijbens, geografo specializzato in turismo, ritiene che la minaccia rappresentata dal turismo dell&#8217;ultima occasione sia trascurabile in Islanda perch\u00e9 lo scioglimento dei ghiacciai \u00e8 causato principalmente dall&#8217;aumento delle temperature. &#8220;Tuttavia, si tratta generalmente di turismo a lungo raggio&#8221;, afferma. Le lunghe distanze necessarie per raggiungere l&#8217;isola comportano una maggiore impronta di carbonio. Dopodich\u00e9 non ha molta importanza se si vede un ghiacciaio o si compra un hot dog.<\/p>\n\n\n\n\n\n<p>L&#8217;impronta di carbonio dei turisti che visitano l&#8217;Islanda \u00e8 elevata<\/p>\n\n\n\n\n\n<p>Ma come trovare un equilibrio tra economia ed ecologia? dobbiamo imparare ad apprezzare le cose in modo diverso&#8221;, dice, predicando la bellezza del viaggio lento, &#8220;ma nell&#8217;attuale etica consumistica \u00e8 necessario spuntare la casella, scattare il selfie e passare alla prossima cosa &#8220;wow&#8221; da &#8220;fare&#8221;. Ma abbiamo davvero tutti bisogno di vedere un ghiacciaio prima di morire?&#8221; <\/p>\n\n\n\n\n\n<h2 class=\"wp-block-heading\">Corsa all&#8217;oro bianco<\/h2>\n\n\n\n\n\n<p>Le normative e le infrastrutture hanno faticato a tenere il passo con la nuova &#8220;corsa all&#8217;oro bianco&#8221; islandese. Una tragica dimostrazione di ci\u00f2 si \u00e8 verificata nell&#8217;agosto del 2024, quando un uomo americano \u00e8 morto e il suo partner \u00e8 rimasto gravemente ferito a causa del crollo del ghiaccio mentre stava partecipando a un tour di gruppo in una grotta di ghiaccio del ghiacciaio di Brei\u00f0amerkurj\u00f6kull. <\/p>\n\n\n\n\n\n<p>Brei\u00f0amerkurj\u00f6ll fa parte del Parco nazionale di Vatnaj\u00f6kull, che prende il nome dal secondo ghiacciaio pi\u00f9 grande d&#8217;Europa e copre il 10% del Paese. Quando le escursioni alla grotta di ghiaccio sono riprese, la direttrice del parco Steinunn H\u00f6dd Har\u00f0ard\u00f3ttir ha messo in dubbio la responsabilit\u00e0 di alcuni operatori turistici in un post su Facebook. Ha anche affermato che le aziende sono state sorprese a scavare nuove grotte di ghiaccio e tunnel nel parco con la scusa di migliorare l&#8217;accessibilit\u00e0.<\/p>\n\n\n\n\n\n<p>Tuttavia, questo incidente \u00e8 servito da lezione. &#8220;Il governo ha capito che bisognava fare qualcosa&#8221;, afferma \u00cdris Ragnarsd\u00f3ttir Pedersen e aggiunge: &#8220;Ora la sicurezza di tutte le grotte viene valutata settimanalmente. Se le aziende violano le regole, semplicemente non otterranno pi\u00f9 la licenza per lavorare all&#8217;interno del parco nazionale&#8221;<\/p>\n\n\n\n\n\n<p>Edward H. Huijbens \u00e8 pi\u00f9 scettico. &#8220;No, anche in questo caso non vedo grandi cambiamenti. Credo che, alla fine, valga la pena di morire per un ghiacciaio&#8221;<\/p>\n\n\n\n\n\n<h2 class=\"wp-block-heading\">Il cimitero dei ghiacciai<\/h2>\n\n\n\n\n\n<p>Cinque anni fa, lo scrittore e attivista ambientale Andri Sn\u00e6r Magnason ha fatto da becchino durante una cerimonia funebre &#8211; per un ghiacciaio. L&#8217;idea era di sensibilizzare l&#8217;opinione pubblica creando un senso di lutto per il primo ghiacciaio islandese dichiarato morto. \u00c8 stata posta una lapide commemorativa. Il titolo \u00e8 &#8220;Una lettera al futuro&#8221; e il resto recita: &#8220;Nei prossimi 200 anni si prevede che tutti i nostri ghiacciai seguiranno lo stesso percorso. Questo monumento \u00e8 il riconoscimento del fatto che sappiamo cosa sta accadendo e cosa deve essere fatto. Solo voi saprete se lo abbiamo fatto&#8221;<\/p>\n\n\n\n\n\n<p>Per garantire che in futuro i ghiacciai continuino a esistere altrove rispetto alle lapidi, la pedagogia pu\u00f2 essere uno strumento utile. La consapevolezza ecologica sta gradualmente aumentando tra gli operatori turistici. &#8220;La maggior parte delle compagnie turistiche ha una politica ambientale&#8221;, afferma \u00cdris Ragnarsd\u00f3ttir Pedersen e aggiunge che &#8220;gran parte del mio lavoro consiste nell&#8217;educare i turisti sui ghiacciai e sull&#8217;impatto del cambiamento climatico su di essi. Questa \u00e8 un&#8217;occasione privilegiata per vederlo da vicino&#8221;<\/p>\n\n","protected":false},"excerpt":{"rendered":"<p>Imbarcazioni turistiche nella laguna glaciale di J\u00f6kuls\u00e1rl\u00f3n, nel sud-est dell&#8217;Islanda.\u00a9 Giacomo G \/ Shutterstock Il&#8230;<\/p>\n","protected":false},"author":1,"featured_media":225,"comment_status":"open","ping_status":"open","sticky":false,"template":"","format":"standard","meta":{"fifu_image_url":"https:\/\/courier.unesco.org\/sites\/default\/files\/styles\/paragraph_medium_desktop\/article\/2024-12\/COU_1_25_GA_ICELAND_WEBSITE.jpg.webp?itok=wjdhbGm4","fifu_image_alt":"","footnotes":""},"categories":[6],"tags":[8],"class_list":["post-223","post","type-post","status-publish","format-standard","has-post-thumbnail","hentry","category-2025-0103","tag-idea"],"yoast_head":"<!-- This site is optimized with the Yoast SEO plugin v25.9 - https:\/\/yoast.com\/wordpress\/plugins\/seo\/ -->\n<title>Islanda: vedi il Vatnaj\u00f6kull e poi muori? - Il Corriere dell&#039;Unesco<\/title>\n<meta name=\"robots\" content=\"index, follow, max-snippet:-1, max-image-preview:large, max-video-preview:-1\" \/>\n<link rel=\"canonical\" href=\"https:\/\/siti.italofonia.info\/unesco\/2025-0103\/islanda-vedi-il-vatnajokull-e-poi-muori\/\" \/>\n<meta property=\"og:locale\" content=\"it_IT\" \/>\n<meta property=\"og:type\" content=\"article\" \/>\n<meta property=\"og:title\" content=\"Islanda: vedi il Vatnaj\u00f6kull e poi muori? - Il Corriere dell&#039;Unesco\" \/>\n<meta property=\"og:description\" content=\"Imbarcazioni turistiche nella laguna glaciale di J\u00f6kuls\u00e1rl\u00f3n, nel sud-est dell&#8217;Islanda.\u00a9 Giacomo G \/ Shutterstock Il...\" \/>\n<meta property=\"og:url\" content=\"https:\/\/siti.italofonia.info\/unesco\/2025-0103\/islanda-vedi-il-vatnajokull-e-poi-muori\/\" \/>\n<meta property=\"og:site_name\" content=\"Il Corriere dell&#039;Unesco\" \/>\n<meta property=\"article:published_time\" content=\"2025-01-06T11:55:00+00:00\" \/>\n<meta property=\"article:modified_time\" content=\"2025-07-10T22:58:57+00:00\" \/>\n<meta property=\"og:image\" content=\"https:\/\/courier.unesco.org\/sites\/default\/files\/styles\/paragraph_medium_desktop\/article\/2024-12\/COU_1_25_GA_ICELAND_WEBSITE.jpg.webp?itok=wjdhbGm4\" \/><meta property=\"og:image\" content=\"https:\/\/courier.unesco.org\/sites\/default\/files\/styles\/paragraph_medium_desktop\/article\/2024-12\/COU_1_25_GA_ICELAND_WEBSITE.jpg.webp?itok=wjdhbGm4\" \/>\n\t<meta property=\"og:image:width\" content=\"610\" \/>\n\t<meta property=\"og:image:height\" content=\"436\" \/>\n\t<meta property=\"og:image:type\" content=\"image\/jpeg\" \/>\n<meta name=\"author\" content=\"La Redazione\" \/>\n<meta name=\"twitter:card\" content=\"summary_large_image\" \/>\n<meta name=\"twitter:image\" content=\"https:\/\/courier.unesco.org\/sites\/default\/files\/styles\/paragraph_medium_desktop\/article\/2024-12\/COU_1_25_GA_ICELAND_WEBSITE.jpg.webp?itok=wjdhbGm4\" \/>\n<meta name=\"twitter:label1\" content=\"Scritto da\" \/>\n\t<meta name=\"twitter:data1\" content=\"La Redazione\" \/>\n\t<meta name=\"twitter:label2\" content=\"Tempo di lettura stimato\" \/>\n\t<meta name=\"twitter:data2\" content=\"6 minuti\" \/>\n<script type=\"application\/ld+json\" class=\"yoast-schema-graph\">{\"@context\":\"https:\/\/schema.org\",\"@graph\":[{\"@type\":\"Article\",\"@id\":\"https:\/\/siti.italofonia.info\/unesco\/2025-0103\/islanda-vedi-il-vatnajokull-e-poi-muori\/#article\",\"isPartOf\":{\"@id\":\"https:\/\/siti.italofonia.info\/unesco\/2025-0103\/islanda-vedi-il-vatnajokull-e-poi-muori\/\"},\"author\":{\"name\":\"La Redazione\",\"@id\":\"https:\/\/siti.italofonia.info\/unesco\/#\/schema\/person\/1b0f7e05e8632b4df2a94d3c12bd3681\"},\"headline\":\"Islanda: vedi il Vatnaj\u00f6kull e poi muori?\",\"datePublished\":\"2025-01-06T11:55:00+00:00\",\"dateModified\":\"2025-07-10T22:58:57+00:00\",\"mainEntityOfPage\":{\"@id\":\"https:\/\/siti.italofonia.info\/unesco\/2025-0103\/islanda-vedi-il-vatnajokull-e-poi-muori\/\"},\"wordCount\":946,\"commentCount\":0,\"publisher\":{\"@id\":\"https:\/\/siti.italofonia.info\/unesco\/#organization\"},\"image\":{\"@id\":\"https:\/\/siti.italofonia.info\/unesco\/2025-0103\/islanda-vedi-il-vatnajokull-e-poi-muori\/#primaryimage\"},\"thumbnailUrl\":\"https:\/\/i2.wp.com\/courier.unesco.org\/sites\/default\/files\/styles\/paragraph_medium_desktop\/article\/2024-12\/COU_1_25_GA_ICELAND_WEBSITE.jpg.webp?itok=wjdhbGm4&w=610&resize=610,436&ssl=1\",\"keywords\":[\"Idea\"],\"articleSection\":[\"2025 n\u00b01 Gennaio-Marzo\"],\"inLanguage\":\"it-IT\",\"potentialAction\":[{\"@type\":\"CommentAction\",\"name\":\"Comment\",\"target\":[\"https:\/\/siti.italofonia.info\/unesco\/2025-0103\/islanda-vedi-il-vatnajokull-e-poi-muori\/#respond\"]}]},{\"@type\":\"WebPage\",\"@id\":\"https:\/\/siti.italofonia.info\/unesco\/2025-0103\/islanda-vedi-il-vatnajokull-e-poi-muori\/\",\"url\":\"https:\/\/siti.italofonia.info\/unesco\/2025-0103\/islanda-vedi-il-vatnajokull-e-poi-muori\/\",\"name\":\"Islanda: vedi il Vatnaj\u00f6kull e poi muori? - Il Corriere dell&#039;Unesco\",\"isPartOf\":{\"@id\":\"https:\/\/siti.italofonia.info\/unesco\/#website\"},\"primaryImageOfPage\":{\"@id\":\"https:\/\/siti.italofonia.info\/unesco\/2025-0103\/islanda-vedi-il-vatnajokull-e-poi-muori\/#primaryimage\"},\"image\":{\"@id\":\"https:\/\/siti.italofonia.info\/unesco\/2025-0103\/islanda-vedi-il-vatnajokull-e-poi-muori\/#primaryimage\"},\"thumbnailUrl\":\"https:\/\/i2.wp.com\/courier.unesco.org\/sites\/default\/files\/styles\/paragraph_medium_desktop\/article\/2024-12\/COU_1_25_GA_ICELAND_WEBSITE.jpg.webp?itok=wjdhbGm4&w=610&resize=610,436&ssl=1\",\"datePublished\":\"2025-01-06T11:55:00+00:00\",\"dateModified\":\"2025-07-10T22:58:57+00:00\",\"breadcrumb\":{\"@id\":\"https:\/\/siti.italofonia.info\/unesco\/2025-0103\/islanda-vedi-il-vatnajokull-e-poi-muori\/#breadcrumb\"},\"inLanguage\":\"it-IT\",\"potentialAction\":[{\"@type\":\"ReadAction\",\"target\":[\"https:\/\/siti.italofonia.info\/unesco\/2025-0103\/islanda-vedi-il-vatnajokull-e-poi-muori\/\"]}]},{\"@type\":\"ImageObject\",\"inLanguage\":\"it-IT\",\"@id\":\"https:\/\/siti.italofonia.info\/unesco\/2025-0103\/islanda-vedi-il-vatnajokull-e-poi-muori\/#primaryimage\",\"url\":\"https:\/\/i2.wp.com\/courier.unesco.org\/sites\/default\/files\/styles\/paragraph_medium_desktop\/article\/2024-12\/COU_1_25_GA_ICELAND_WEBSITE.jpg.webp?itok=wjdhbGm4&w=610&resize=610,436&ssl=1\",\"contentUrl\":\"https:\/\/i2.wp.com\/courier.unesco.org\/sites\/default\/files\/styles\/paragraph_medium_desktop\/article\/2024-12\/COU_1_25_GA_ICELAND_WEBSITE.jpg.webp?itok=wjdhbGm4&w=610&resize=610,436&ssl=1\",\"width\":\"610\",\"height\":\"436\"},{\"@type\":\"BreadcrumbList\",\"@id\":\"https:\/\/siti.italofonia.info\/unesco\/2025-0103\/islanda-vedi-il-vatnajokull-e-poi-muori\/#breadcrumb\",\"itemListElement\":[{\"@type\":\"ListItem\",\"position\":1,\"name\":\"Home\",\"item\":\"https:\/\/siti.italofonia.info\/unesco\/\"},{\"@type\":\"ListItem\",\"position\":2,\"name\":\"Islanda: vedi il Vatnaj\u00f6kull e poi muori?\"}]},{\"@type\":\"WebSite\",\"@id\":\"https:\/\/siti.italofonia.info\/unesco\/#website\",\"url\":\"https:\/\/siti.italofonia.info\/unesco\/\",\"name\":\"Il Corriere dell&#039;Unesco\",\"description\":\"\",\"publisher\":{\"@id\":\"https:\/\/siti.italofonia.info\/unesco\/#organization\"},\"potentialAction\":[{\"@type\":\"SearchAction\",\"target\":{\"@type\":\"EntryPoint\",\"urlTemplate\":\"https:\/\/siti.italofonia.info\/unesco\/?s={search_term_string}\"},\"query-input\":{\"@type\":\"PropertyValueSpecification\",\"valueRequired\":true,\"valueName\":\"search_term_string\"}}],\"inLanguage\":\"it-IT\"},{\"@type\":\"Organization\",\"@id\":\"https:\/\/siti.italofonia.info\/unesco\/#organization\",\"name\":\"Il Corriere dell&#039;Unesco\",\"url\":\"https:\/\/siti.italofonia.info\/unesco\/\",\"logo\":{\"@type\":\"ImageObject\",\"inLanguage\":\"it-IT\",\"@id\":\"https:\/\/siti.italofonia.info\/unesco\/#\/schema\/logo\/image\/\",\"url\":\"https:\/\/siti.italofonia.info\/unesco\/wp-content\/uploads\/sites\/11\/2025\/06\/Logo_UNESCO_2021-corriere.svg_.png\",\"contentUrl\":\"https:\/\/siti.italofonia.info\/unesco\/wp-content\/uploads\/sites\/11\/2025\/06\/Logo_UNESCO_2021-corriere.svg_.png\",\"width\":3264,\"height\":320,\"caption\":\"Il Corriere dell&#039;Unesco\"},\"image\":{\"@id\":\"https:\/\/siti.italofonia.info\/unesco\/#\/schema\/logo\/image\/\"}},{\"@type\":\"Person\",\"@id\":\"https:\/\/siti.italofonia.info\/unesco\/#\/schema\/person\/1b0f7e05e8632b4df2a94d3c12bd3681\",\"name\":\"La Redazione\",\"image\":{\"@type\":\"ImageObject\",\"inLanguage\":\"it-IT\",\"@id\":\"https:\/\/siti.italofonia.info\/unesco\/#\/schema\/person\/image\/\",\"url\":\"https:\/\/secure.gravatar.com\/avatar\/cf626482658d313d57c73ed40ef0ffeea01b1fe0a73dadf1ff54718e048546d8?s=96&d=mm&r=g\",\"contentUrl\":\"https:\/\/secure.gravatar.com\/avatar\/cf626482658d313d57c73ed40ef0ffeea01b1fe0a73dadf1ff54718e048546d8?s=96&d=mm&r=g\",\"caption\":\"La Redazione\"},\"sameAs\":[\"https:\/\/siti.italofonia.info\"],\"url\":\"https:\/\/siti.italofonia.info\/unesco\/author\/giorgio-cantoni\/\"}]}<\/script>\n<!-- \/ Yoast SEO plugin. -->","yoast_head_json":{"title":"Islanda: vedi il Vatnaj\u00f6kull e poi muori? - Il Corriere dell&#039;Unesco","robots":{"index":"index","follow":"follow","max-snippet":"max-snippet:-1","max-image-preview":"max-image-preview:large","max-video-preview":"max-video-preview:-1"},"canonical":"https:\/\/siti.italofonia.info\/unesco\/2025-0103\/islanda-vedi-il-vatnajokull-e-poi-muori\/","og_locale":"it_IT","og_type":"article","og_title":"Islanda: vedi il Vatnaj\u00f6kull e poi muori? - Il Corriere dell&#039;Unesco","og_description":"Imbarcazioni turistiche nella laguna glaciale di J\u00f6kuls\u00e1rl\u00f3n, nel sud-est dell&#8217;Islanda.\u00a9 Giacomo G \/ Shutterstock Il...","og_url":"https:\/\/siti.italofonia.info\/unesco\/2025-0103\/islanda-vedi-il-vatnajokull-e-poi-muori\/","og_site_name":"Il Corriere dell&#039;Unesco","article_published_time":"2025-01-06T11:55:00+00:00","article_modified_time":"2025-07-10T22:58:57+00:00","og_image":[{"url":"https:\/\/courier.unesco.org\/sites\/default\/files\/styles\/paragraph_medium_desktop\/article\/2024-12\/COU_1_25_GA_ICELAND_WEBSITE.jpg.webp?itok=wjdhbGm4","type":"","width":"","height":""},{"width":610,"height":436,"url":"https:\/\/courier.unesco.org\/sites\/default\/files\/styles\/paragraph_medium_desktop\/article\/2024-12\/COU_1_25_GA_ICELAND_WEBSITE.jpg.webp?itok=wjdhbGm4","type":"image\/jpeg"}],"author":"La Redazione","twitter_card":"summary_large_image","twitter_image":"https:\/\/courier.unesco.org\/sites\/default\/files\/styles\/paragraph_medium_desktop\/article\/2024-12\/COU_1_25_GA_ICELAND_WEBSITE.jpg.webp?itok=wjdhbGm4","twitter_misc":{"Scritto da":"La Redazione","Tempo di lettura stimato":"6 minuti"},"schema":{"@context":"https:\/\/schema.org","@graph":[{"@type":"Article","@id":"https:\/\/siti.italofonia.info\/unesco\/2025-0103\/islanda-vedi-il-vatnajokull-e-poi-muori\/#article","isPartOf":{"@id":"https:\/\/siti.italofonia.info\/unesco\/2025-0103\/islanda-vedi-il-vatnajokull-e-poi-muori\/"},"author":{"name":"La Redazione","@id":"https:\/\/siti.italofonia.info\/unesco\/#\/schema\/person\/1b0f7e05e8632b4df2a94d3c12bd3681"},"headline":"Islanda: vedi il Vatnaj\u00f6kull e poi muori?","datePublished":"2025-01-06T11:55:00+00:00","dateModified":"2025-07-10T22:58:57+00:00","mainEntityOfPage":{"@id":"https:\/\/siti.italofonia.info\/unesco\/2025-0103\/islanda-vedi-il-vatnajokull-e-poi-muori\/"},"wordCount":946,"commentCount":0,"publisher":{"@id":"https:\/\/siti.italofonia.info\/unesco\/#organization"},"image":{"@id":"https:\/\/siti.italofonia.info\/unesco\/2025-0103\/islanda-vedi-il-vatnajokull-e-poi-muori\/#primaryimage"},"thumbnailUrl":"https:\/\/i2.wp.com\/courier.unesco.org\/sites\/default\/files\/styles\/paragraph_medium_desktop\/article\/2024-12\/COU_1_25_GA_ICELAND_WEBSITE.jpg.webp?itok=wjdhbGm4&w=610&resize=610,436&ssl=1","keywords":["Idea"],"articleSection":["2025 n\u00b01 Gennaio-Marzo"],"inLanguage":"it-IT","potentialAction":[{"@type":"CommentAction","name":"Comment","target":["https:\/\/siti.italofonia.info\/unesco\/2025-0103\/islanda-vedi-il-vatnajokull-e-poi-muori\/#respond"]}]},{"@type":"WebPage","@id":"https:\/\/siti.italofonia.info\/unesco\/2025-0103\/islanda-vedi-il-vatnajokull-e-poi-muori\/","url":"https:\/\/siti.italofonia.info\/unesco\/2025-0103\/islanda-vedi-il-vatnajokull-e-poi-muori\/","name":"Islanda: vedi il Vatnaj\u00f6kull e poi muori? - Il Corriere dell&#039;Unesco","isPartOf":{"@id":"https:\/\/siti.italofonia.info\/unesco\/#website"},"primaryImageOfPage":{"@id":"https:\/\/siti.italofonia.info\/unesco\/2025-0103\/islanda-vedi-il-vatnajokull-e-poi-muori\/#primaryimage"},"image":{"@id":"https:\/\/siti.italofonia.info\/unesco\/2025-0103\/islanda-vedi-il-vatnajokull-e-poi-muori\/#primaryimage"},"thumbnailUrl":"https:\/\/i2.wp.com\/courier.unesco.org\/sites\/default\/files\/styles\/paragraph_medium_desktop\/article\/2024-12\/COU_1_25_GA_ICELAND_WEBSITE.jpg.webp?itok=wjdhbGm4&w=610&resize=610,436&ssl=1","datePublished":"2025-01-06T11:55:00+00:00","dateModified":"2025-07-10T22:58:57+00:00","breadcrumb":{"@id":"https:\/\/siti.italofonia.info\/unesco\/2025-0103\/islanda-vedi-il-vatnajokull-e-poi-muori\/#breadcrumb"},"inLanguage":"it-IT","potentialAction":[{"@type":"ReadAction","target":["https:\/\/siti.italofonia.info\/unesco\/2025-0103\/islanda-vedi-il-vatnajokull-e-poi-muori\/"]}]},{"@type":"ImageObject","inLanguage":"it-IT","@id":"https:\/\/siti.italofonia.info\/unesco\/2025-0103\/islanda-vedi-il-vatnajokull-e-poi-muori\/#primaryimage","url":"https:\/\/i2.wp.com\/courier.unesco.org\/sites\/default\/files\/styles\/paragraph_medium_desktop\/article\/2024-12\/COU_1_25_GA_ICELAND_WEBSITE.jpg.webp?itok=wjdhbGm4&w=610&resize=610,436&ssl=1","contentUrl":"https:\/\/i2.wp.com\/courier.unesco.org\/sites\/default\/files\/styles\/paragraph_medium_desktop\/article\/2024-12\/COU_1_25_GA_ICELAND_WEBSITE.jpg.webp?itok=wjdhbGm4&w=610&resize=610,436&ssl=1","width":"610","height":"436"},{"@type":"BreadcrumbList","@id":"https:\/\/siti.italofonia.info\/unesco\/2025-0103\/islanda-vedi-il-vatnajokull-e-poi-muori\/#breadcrumb","itemListElement":[{"@type":"ListItem","position":1,"name":"Home","item":"https:\/\/siti.italofonia.info\/unesco\/"},{"@type":"ListItem","position":2,"name":"Islanda: vedi il Vatnaj\u00f6kull e poi muori?"}]},{"@type":"WebSite","@id":"https:\/\/siti.italofonia.info\/unesco\/#website","url":"https:\/\/siti.italofonia.info\/unesco\/","name":"Il Corriere dell&#039;Unesco","description":"","publisher":{"@id":"https:\/\/siti.italofonia.info\/unesco\/#organization"},"potentialAction":[{"@type":"SearchAction","target":{"@type":"EntryPoint","urlTemplate":"https:\/\/siti.italofonia.info\/unesco\/?s={search_term_string}"},"query-input":{"@type":"PropertyValueSpecification","valueRequired":true,"valueName":"search_term_string"}}],"inLanguage":"it-IT"},{"@type":"Organization","@id":"https:\/\/siti.italofonia.info\/unesco\/#organization","name":"Il Corriere dell&#039;Unesco","url":"https:\/\/siti.italofonia.info\/unesco\/","logo":{"@type":"ImageObject","inLanguage":"it-IT","@id":"https:\/\/siti.italofonia.info\/unesco\/#\/schema\/logo\/image\/","url":"https:\/\/siti.italofonia.info\/unesco\/wp-content\/uploads\/sites\/11\/2025\/06\/Logo_UNESCO_2021-corriere.svg_.png","contentUrl":"https:\/\/siti.italofonia.info\/unesco\/wp-content\/uploads\/sites\/11\/2025\/06\/Logo_UNESCO_2021-corriere.svg_.png","width":3264,"height":320,"caption":"Il Corriere dell&#039;Unesco"},"image":{"@id":"https:\/\/siti.italofonia.info\/unesco\/#\/schema\/logo\/image\/"}},{"@type":"Person","@id":"https:\/\/siti.italofonia.info\/unesco\/#\/schema\/person\/1b0f7e05e8632b4df2a94d3c12bd3681","name":"La Redazione","image":{"@type":"ImageObject","inLanguage":"it-IT","@id":"https:\/\/siti.italofonia.info\/unesco\/#\/schema\/person\/image\/","url":"https:\/\/secure.gravatar.com\/avatar\/cf626482658d313d57c73ed40ef0ffeea01b1fe0a73dadf1ff54718e048546d8?s=96&d=mm&r=g","contentUrl":"https:\/\/secure.gravatar.com\/avatar\/cf626482658d313d57c73ed40ef0ffeea01b1fe0a73dadf1ff54718e048546d8?s=96&d=mm&r=g","caption":"La Redazione"},"sameAs":["https:\/\/siti.italofonia.info"],"url":"https:\/\/siti.italofonia.info\/unesco\/author\/giorgio-cantoni\/"}]}},"jetpack_featured_media_url":"https:\/\/i2.wp.com\/courier.unesco.org\/sites\/default\/files\/styles\/paragraph_medium_desktop\/article\/2024-12\/COU_1_25_GA_ICELAND_WEBSITE.jpg.webp?itok=wjdhbGm4&w=610&resize=610,436&ssl=1","amp_enabled":true,"_links":{"self":[{"href":"https:\/\/siti.italofonia.info\/unesco\/wp-json\/wp\/v2\/posts\/223","targetHints":{"allow":["GET"]}}],"collection":[{"href":"https:\/\/siti.italofonia.info\/unesco\/wp-json\/wp\/v2\/posts"}],"about":[{"href":"https:\/\/siti.italofonia.info\/unesco\/wp-json\/wp\/v2\/types\/post"}],"author":[{"embeddable":true,"href":"https:\/\/siti.italofonia.info\/unesco\/wp-json\/wp\/v2\/users\/1"}],"replies":[{"embeddable":true,"href":"https:\/\/siti.italofonia.info\/unesco\/wp-json\/wp\/v2\/comments?post=223"}],"version-history":[{"count":3,"href":"https:\/\/siti.italofonia.info\/unesco\/wp-json\/wp\/v2\/posts\/223\/revisions"}],"predecessor-version":[{"id":227,"href":"https:\/\/siti.italofonia.info\/unesco\/wp-json\/wp\/v2\/posts\/223\/revisions\/227"}],"wp:featuredmedia":[{"embeddable":true,"href":"https:\/\/siti.italofonia.info\/unesco\/wp-json\/wp\/v2\/media\/225"}],"wp:attachment":[{"href":"https:\/\/siti.italofonia.info\/unesco\/wp-json\/wp\/v2\/media?parent=223"}],"wp:term":[{"taxonomy":"category","embeddable":true,"href":"https:\/\/siti.italofonia.info\/unesco\/wp-json\/wp\/v2\/categories?post=223"},{"taxonomy":"post_tag","embeddable":true,"href":"https:\/\/siti.italofonia.info\/unesco\/wp-json\/wp\/v2\/tags?post=223"}],"curies":[{"name":"wp","href":"https:\/\/api.w.org\/{rel}","templated":true}]}}