{"id":245,"date":"2025-07-01T21:41:00","date_gmt":"2025-07-01T19:41:00","guid":{"rendered":"https:\/\/siti.italofonia.info\/unesco\/?p=245"},"modified":"2025-07-11T16:45:41","modified_gmt":"2025-07-11T14:45:41","slug":"david-wengrow-dobbiamo-smontare-i-miti-che-circondano-le-origini-del-nostro-ordine-sociale","status":"publish","type":"post","link":"https:\/\/siti.italofonia.info\/unesco\/2025-0709\/david-wengrow-dobbiamo-smontare-i-miti-che-circondano-le-origini-del-nostro-ordine-sociale\/","title":{"rendered":"David Wengrow: &#8220;Dobbiamo smontare i miti che circondano le origini del nostro ordine sociale&#8221;"},"content":{"rendered":"\n\n<p class=\"has-small-font-size\">Restauro delle pitture rupestri nella grotta di El Pendo (Spagna) nel 2011. Si tratta di una delle 17 grotte decorate che sono state iscritte nella Lista del Patrimonio Mondiale dell&#8217;UNESCO nel 1985 e nel 2008.<br>\u00a9 Navia\/Agence VU<\/p>\n\n\n\n\n\n<p class=\"has-white-color has-vivid-cyan-blue-background-color has-text-color has-background has-link-color wp-elements-f2536d50effad73d05fe00b452afc3a2\">Secondo l&#8217;opinione a lungo prevalente, le societ\u00e0 umane erano inizialmente organizzate come gruppi di cacciatori-raccoglitori egualitari che vivevano in armonia con la natura. L&#8217;addomesticamento del bestiame e lo sviluppo dell&#8217;agricoltura &#8211; e la conseguente accumulazione di ricchezza &#8211; hanno poi portato all&#8217;emergere di societ\u00e0 complesse e gerarchiche. David Wengrow, professore di archeologia comparata all&#8217;University College di Londra, contesta questa idea di evoluzione naturale delle societ\u00e0. Il suo libro L&#8217;alba di tutto, scritto insieme all&#8217;antropologo David Graeber, \u00e8 diventato un best-seller.<br><br>1 luglio 2025<\/p>\n\n\n\n\n\n<p>Intervista di<strong> Laetitia Kaci<\/strong><br>UNESCO<\/p>\n\n\n\n\n\n<p><strong>Nel suo libro <\/strong><em><strong>L&#8217;alba del tutto<\/strong><\/em><strong>, lei e l&#8217;antropologo David Graeber contestate l&#8217;idea che agricoltura e gerarchia siano legate. Su quali basi?<\/strong><\/p>\n\n\n\n\n\n<p>Il concetto che l&#8217;agricoltura dia origine alla propriet\u00e0 privata e al governo organizzato \u00e8 un pilastro centrale del pensiero illuminista europeo. Allo stesso tempo, \u00e8 stato uno strumento giuridico utilizzato per giustificare l&#8217;appropriazione da parte dell&#8217;Europa di terre e risorse da parte di popoli di tutto il mondo, i cui sistemi di propriet\u00e0 erano basati su altre forme di propriet\u00e0 fisica e intellettuale. Nel cominciare finalmente a mettere in discussione questo approccio, gli archeologi sono arrivati in realt\u00e0 piuttosto tardi.<\/p>\n\n\n\n\n\n<p><strong>Perch\u00e9 questa narrazione \u00e8 stata cos\u00ec persistente?<\/strong><\/p>\n\n\n\n\n\n<p>La narrazione secondo cui i sistemi di propriet\u00e0 e la complessit\u00e0 sociale hanno origine nelle pratiche agricole \u00e8 persistente perch\u00e9 \u00e8 alla base delle nostre mitologie moderne sul carattere della civilt\u00e0 umana e del progresso. Tali miti sono intessuti nei sistemi europei di pensiero politico e nei codici legali. Sono comuni a pensatori illuministi come John Locke, Jean-Jacques Rousseau e Adam Smith, i cui scritti costituiscono la base delle moderne scienze sociali, compresi campi come l&#8217;economia e la filosofia politica. Annullare queste nozioni profondamente radicate significa quindi confrontarsi con l&#8217;ampiezza di queste violazioni e con la sfida della compensazione. <\/p>\n\n\n\n\n\n<p><strong>Recenti scoperte archeologiche suggeriscono che le societ\u00e0 del passato erano molto pi\u00f9 diverse di quanto si pensasse. Come cambiano la nostra comprensione della storia umana?<\/strong><\/p>\n\n\n\n\n\n<p>Da alcuni decenni l&#8217;archeologia fornisce una base per una comprensione del passato umano pi\u00f9 fondata sull&#8217;empirismo e &#8211; non sorprende &#8211; non assomiglia affatto alle speculazioni dei filosofi illuministi di centinaia di anni fa. Vediamo, ad esempio, abbondanti prove di sistemi di disuguaglianza sociale e di rango politico nelle societ\u00e0 di cacciatori-raccoglitori, molto prima delle origini dell&#8217;agricoltura. <\/p>\n\n\n\n\n\n<p>Da qualche decennio l&#8217;archeologia ha fornito una base per una comprensione pi\u00f9 empirica del passato umano<\/p>\n\n\n\n\n\n<p>Alcune di queste sono radicate in una preistoria molto profonda, come la cultura Jomon del Giappone; altre in documenti etno-storici di societ\u00e0 non agricole &#8211; come i Calusa della Florida o le societ\u00e0 della costa nord-occidentale del Pacifico &#8211; che non praticavano l&#8217;agricoltura ma vivevano in societ\u00e0 basate su classi, divise in strati di nobili, popolani e schiavi. <\/p>\n\n\n\n\n\n<p>Troviamo anche societ\u00e0 foraggiere che rifiutavano consapevolmente queste forme estreme di disuguaglianza, e altre che sono sorprendentemente egualitarie, o che si muovevano tra sistemi egualitari e gerarchici su base stagionale. <\/p>\n\n\n\n\n\n<p>Troviamo societ\u00e0 foraggiere che si muovevano tra sistemi egualitari e gerarchici su base stagionale<\/p>\n\n\n\n\n\n<p>Le recenti scoperte archeologiche dimostrano anche che gli inizi dell&#8217;agricoltura non sono stati &#8220;rivoluzionari&#8221;, ma un processo molto lento, durato migliaia di anni in tutti i continenti del mondo, con risultati decisamente contrastanti. In alcuni casi, come in Medio Oriente e in Europa centrale, i primi villaggi e citt\u00e0 agricole sembrano chiaramente pi\u00f9 egualitari dei loro vicini cacciatori-raccoglitori. <\/p>\n\n\n\n\n\n<p><strong>Che ruolo ha oggi l&#8217;archeologia nel plasmare i dibattiti pubblici e il modo in cui pensiamo al nostro futuro?<\/strong><br><br>L&#8217;archeologia \u00e8 coinvolta nel futuro del mondo a diversi livelli: \u00e8 coinvolta in modo complesso nella storia e nella politica dei conflitti territoriali, nel traffico illecito di manufatti culturali e nel turismo commerciale, ma anche in progetti di conservazione ambientale, di rivitalizzazione del patrimonio e di giustizia sociale. <\/p>\n\n\n\n\n\n<p>Spesso queste forze sono in profonda tensione tra loro, a livello locale e globale. Dopo la pubblicazione di <em>The Dawn of Everything<\/em> e la sua traduzione in pi\u00f9 lingue, mi sono reso conto dell&#8217;enorme interesse del pubblico per le scoperte dell&#8217;archeologia in tutto il mondo. L&#8217;indagine critica e scientifica sul passato umano pu\u00f2 fornire un linguaggio condiviso al di l\u00e0 delle frontiere e aiuta a svelare i miti persistenti sulle origini del nostro attuale ordine mondiale.<\/p>\n\n\n\n\n\n<p><a href=\"https:\/\/courier.unesco.org\/en\/articles\/origins-violence\"><\/a><\/p>\n\n","protected":false},"excerpt":{"rendered":"<p>Restauro delle pitture rupestri nella grotta di El Pendo (Spagna) nel 2011. Si tratta di&#8230;<\/p>\n","protected":false},"author":1,"featured_media":247,"comment_status":"open","ping_status":"open","sticky":false,"template":"","format":"standard","meta":{"fifu_image_url":"https:\/\/courier.unesco.org\/sites\/default\/files\/styles\/paragraph_medium_desktop\/article\/2025-06\/COU_3_25_GA_WENGROW_WEB.jpg.webp?itok=Z2sXNcpT","fifu_image_alt":"","footnotes":""},"categories":[7,4],"tags":[8],"class_list":["post-245","post","type-post","status-publish","format-standard","has-post-thumbnail","hentry","category-2025-0709","category-piu-recente","tag-idea"],"yoast_head":"<!-- This site is optimized with the Yoast SEO plugin v25.9 - https:\/\/yoast.com\/wordpress\/plugins\/seo\/ -->\n<title>David Wengrow: &quot;Dobbiamo smontare i miti che circondano le origini del nostro ordine sociale&quot; - Il Corriere dell&#039;Unesco<\/title>\n<meta name=\"robots\" content=\"index, follow, max-snippet:-1, max-image-preview:large, max-video-preview:-1\" \/>\n<link rel=\"canonical\" href=\"https:\/\/siti.italofonia.info\/unesco\/piu-recente\/david-wengrow-dobbiamo-smontare-i-miti-che-circondano-le-origini-del-nostro-ordine-sociale\/\" \/>\n<meta property=\"og:locale\" content=\"it_IT\" \/>\n<meta property=\"og:type\" content=\"article\" \/>\n<meta property=\"og:title\" content=\"David Wengrow: &quot;Dobbiamo smontare i miti che circondano le origini del nostro ordine sociale&quot; - Il Corriere dell&#039;Unesco\" \/>\n<meta property=\"og:description\" content=\"Restauro delle pitture rupestri nella grotta di El Pendo (Spagna) nel 2011. Si tratta di...\" \/>\n<meta property=\"og:url\" content=\"https:\/\/siti.italofonia.info\/unesco\/piu-recente\/david-wengrow-dobbiamo-smontare-i-miti-che-circondano-le-origini-del-nostro-ordine-sociale\/\" \/>\n<meta property=\"og:site_name\" content=\"Il Corriere dell&#039;Unesco\" \/>\n<meta property=\"article:published_time\" content=\"2025-07-01T19:41:00+00:00\" \/>\n<meta property=\"article:modified_time\" content=\"2025-07-11T14:45:41+00:00\" \/>\n<meta property=\"og:image\" content=\"https:\/\/courier.unesco.org\/sites\/default\/files\/styles\/paragraph_medium_desktop\/article\/2025-06\/COU_3_25_GA_WENGROW_WEB.jpg.webp?itok=Z2sXNcpT\" \/><meta property=\"og:image\" content=\"https:\/\/courier.unesco.org\/sites\/default\/files\/styles\/paragraph_medium_desktop\/article\/2025-06\/COU_3_25_GA_WENGROW_WEB.jpg.webp?itok=Z2sXNcpT\" \/>\n\t<meta property=\"og:image:width\" content=\"610\" \/>\n\t<meta property=\"og:image:height\" content=\"436\" \/>\n\t<meta property=\"og:image:type\" content=\"image\/jpeg\" \/>\n<meta name=\"author\" content=\"La Redazione\" \/>\n<meta name=\"twitter:card\" content=\"summary_large_image\" \/>\n<meta name=\"twitter:image\" content=\"https:\/\/courier.unesco.org\/sites\/default\/files\/styles\/paragraph_medium_desktop\/article\/2025-06\/COU_3_25_GA_WENGROW_WEB.jpg.webp?itok=Z2sXNcpT\" \/>\n<meta name=\"twitter:label1\" content=\"Scritto da\" \/>\n\t<meta name=\"twitter:data1\" content=\"La Redazione\" \/>\n\t<meta name=\"twitter:label2\" content=\"Tempo di lettura stimato\" \/>\n\t<meta name=\"twitter:data2\" content=\"1 minuto\" \/>\n<script type=\"application\/ld+json\" class=\"yoast-schema-graph\">{\"@context\":\"https:\/\/schema.org\",\"@graph\":[{\"@type\":\"Article\",\"@id\":\"https:\/\/siti.italofonia.info\/unesco\/piu-recente\/david-wengrow-dobbiamo-smontare-i-miti-che-circondano-le-origini-del-nostro-ordine-sociale\/#article\",\"isPartOf\":{\"@id\":\"https:\/\/siti.italofonia.info\/unesco\/piu-recente\/david-wengrow-dobbiamo-smontare-i-miti-che-circondano-le-origini-del-nostro-ordine-sociale\/\"},\"author\":{\"name\":\"La Redazione\",\"@id\":\"https:\/\/siti.italofonia.info\/unesco\/#\/schema\/person\/1b0f7e05e8632b4df2a94d3c12bd3681\"},\"headline\":\"David Wengrow: &#8220;Dobbiamo smontare i miti che circondano le origini del nostro ordine sociale&#8221;\",\"datePublished\":\"2025-07-01T19:41:00+00:00\",\"dateModified\":\"2025-07-11T14:45:41+00:00\",\"mainEntityOfPage\":{\"@id\":\"https:\/\/siti.italofonia.info\/unesco\/piu-recente\/david-wengrow-dobbiamo-smontare-i-miti-che-circondano-le-origini-del-nostro-ordine-sociale\/\"},\"wordCount\":762,\"commentCount\":0,\"publisher\":{\"@id\":\"https:\/\/siti.italofonia.info\/unesco\/#organization\"},\"image\":{\"@id\":\"https:\/\/siti.italofonia.info\/unesco\/piu-recente\/david-wengrow-dobbiamo-smontare-i-miti-che-circondano-le-origini-del-nostro-ordine-sociale\/#primaryimage\"},\"thumbnailUrl\":\"https:\/\/i0.wp.com\/courier.unesco.org\/sites\/default\/files\/styles\/paragraph_medium_desktop\/article\/2025-06\/COU_3_25_GA_WENGROW_WEB.jpg.webp?itok=Z2sXNcpT&w=610&resize=610,436&ssl=1\",\"keywords\":[\"Idea\"],\"articleSection\":[\"2025 n\u00b03 Luglio-Settembre\",\"Numero pi\u00f9 recente\"],\"inLanguage\":\"it-IT\",\"potentialAction\":[{\"@type\":\"CommentAction\",\"name\":\"Comment\",\"target\":[\"https:\/\/siti.italofonia.info\/unesco\/piu-recente\/david-wengrow-dobbiamo-smontare-i-miti-che-circondano-le-origini-del-nostro-ordine-sociale\/#respond\"]}]},{\"@type\":\"WebPage\",\"@id\":\"https:\/\/siti.italofonia.info\/unesco\/piu-recente\/david-wengrow-dobbiamo-smontare-i-miti-che-circondano-le-origini-del-nostro-ordine-sociale\/\",\"url\":\"https:\/\/siti.italofonia.info\/unesco\/piu-recente\/david-wengrow-dobbiamo-smontare-i-miti-che-circondano-le-origini-del-nostro-ordine-sociale\/\",\"name\":\"David Wengrow: \\\"Dobbiamo smontare i miti che circondano le origini del nostro ordine sociale\\\" - Il Corriere dell&#039;Unesco\",\"isPartOf\":{\"@id\":\"https:\/\/siti.italofonia.info\/unesco\/#website\"},\"primaryImageOfPage\":{\"@id\":\"https:\/\/siti.italofonia.info\/unesco\/piu-recente\/david-wengrow-dobbiamo-smontare-i-miti-che-circondano-le-origini-del-nostro-ordine-sociale\/#primaryimage\"},\"image\":{\"@id\":\"https:\/\/siti.italofonia.info\/unesco\/piu-recente\/david-wengrow-dobbiamo-smontare-i-miti-che-circondano-le-origini-del-nostro-ordine-sociale\/#primaryimage\"},\"thumbnailUrl\":\"https:\/\/i0.wp.com\/courier.unesco.org\/sites\/default\/files\/styles\/paragraph_medium_desktop\/article\/2025-06\/COU_3_25_GA_WENGROW_WEB.jpg.webp?itok=Z2sXNcpT&w=610&resize=610,436&ssl=1\",\"datePublished\":\"2025-07-01T19:41:00+00:00\",\"dateModified\":\"2025-07-11T14:45:41+00:00\",\"breadcrumb\":{\"@id\":\"https:\/\/siti.italofonia.info\/unesco\/piu-recente\/david-wengrow-dobbiamo-smontare-i-miti-che-circondano-le-origini-del-nostro-ordine-sociale\/#breadcrumb\"},\"inLanguage\":\"it-IT\",\"potentialAction\":[{\"@type\":\"ReadAction\",\"target\":[\"https:\/\/siti.italofonia.info\/unesco\/piu-recente\/david-wengrow-dobbiamo-smontare-i-miti-che-circondano-le-origini-del-nostro-ordine-sociale\/\"]}]},{\"@type\":\"ImageObject\",\"inLanguage\":\"it-IT\",\"@id\":\"https:\/\/siti.italofonia.info\/unesco\/piu-recente\/david-wengrow-dobbiamo-smontare-i-miti-che-circondano-le-origini-del-nostro-ordine-sociale\/#primaryimage\",\"url\":\"https:\/\/i0.wp.com\/courier.unesco.org\/sites\/default\/files\/styles\/paragraph_medium_desktop\/article\/2025-06\/COU_3_25_GA_WENGROW_WEB.jpg.webp?itok=Z2sXNcpT&w=610&resize=610,436&ssl=1\",\"contentUrl\":\"https:\/\/i0.wp.com\/courier.unesco.org\/sites\/default\/files\/styles\/paragraph_medium_desktop\/article\/2025-06\/COU_3_25_GA_WENGROW_WEB.jpg.webp?itok=Z2sXNcpT&w=610&resize=610,436&ssl=1\",\"width\":\"610\",\"height\":\"436\"},{\"@type\":\"BreadcrumbList\",\"@id\":\"https:\/\/siti.italofonia.info\/unesco\/piu-recente\/david-wengrow-dobbiamo-smontare-i-miti-che-circondano-le-origini-del-nostro-ordine-sociale\/#breadcrumb\",\"itemListElement\":[{\"@type\":\"ListItem\",\"position\":1,\"name\":\"Home\",\"item\":\"https:\/\/siti.italofonia.info\/unesco\/\"},{\"@type\":\"ListItem\",\"position\":2,\"name\":\"David Wengrow: &#8220;Dobbiamo smontare i miti che circondano le origini del nostro ordine sociale&#8221;\"}]},{\"@type\":\"WebSite\",\"@id\":\"https:\/\/siti.italofonia.info\/unesco\/#website\",\"url\":\"https:\/\/siti.italofonia.info\/unesco\/\",\"name\":\"Il Corriere dell&#039;Unesco\",\"description\":\"\",\"publisher\":{\"@id\":\"https:\/\/siti.italofonia.info\/unesco\/#organization\"},\"potentialAction\":[{\"@type\":\"SearchAction\",\"target\":{\"@type\":\"EntryPoint\",\"urlTemplate\":\"https:\/\/siti.italofonia.info\/unesco\/?s={search_term_string}\"},\"query-input\":{\"@type\":\"PropertyValueSpecification\",\"valueRequired\":true,\"valueName\":\"search_term_string\"}}],\"inLanguage\":\"it-IT\"},{\"@type\":\"Organization\",\"@id\":\"https:\/\/siti.italofonia.info\/unesco\/#organization\",\"name\":\"Il Corriere dell&#039;Unesco\",\"url\":\"https:\/\/siti.italofonia.info\/unesco\/\",\"logo\":{\"@type\":\"ImageObject\",\"inLanguage\":\"it-IT\",\"@id\":\"https:\/\/siti.italofonia.info\/unesco\/#\/schema\/logo\/image\/\",\"url\":\"https:\/\/siti.italofonia.info\/unesco\/wp-content\/uploads\/sites\/11\/2025\/06\/Logo_UNESCO_2021-corriere.svg_.png\",\"contentUrl\":\"https:\/\/siti.italofonia.info\/unesco\/wp-content\/uploads\/sites\/11\/2025\/06\/Logo_UNESCO_2021-corriere.svg_.png\",\"width\":3264,\"height\":320,\"caption\":\"Il Corriere dell&#039;Unesco\"},\"image\":{\"@id\":\"https:\/\/siti.italofonia.info\/unesco\/#\/schema\/logo\/image\/\"}},{\"@type\":\"Person\",\"@id\":\"https:\/\/siti.italofonia.info\/unesco\/#\/schema\/person\/1b0f7e05e8632b4df2a94d3c12bd3681\",\"name\":\"La Redazione\",\"image\":{\"@type\":\"ImageObject\",\"inLanguage\":\"it-IT\",\"@id\":\"https:\/\/siti.italofonia.info\/unesco\/#\/schema\/person\/image\/\",\"url\":\"https:\/\/secure.gravatar.com\/avatar\/cf626482658d313d57c73ed40ef0ffeea01b1fe0a73dadf1ff54718e048546d8?s=96&d=mm&r=g\",\"contentUrl\":\"https:\/\/secure.gravatar.com\/avatar\/cf626482658d313d57c73ed40ef0ffeea01b1fe0a73dadf1ff54718e048546d8?s=96&d=mm&r=g\",\"caption\":\"La Redazione\"},\"sameAs\":[\"https:\/\/siti.italofonia.info\"],\"url\":\"https:\/\/siti.italofonia.info\/unesco\/author\/giorgio-cantoni\/\"}]}<\/script>\n<!-- \/ Yoast SEO plugin. -->","yoast_head_json":{"title":"David Wengrow: \"Dobbiamo smontare i miti che circondano le origini del nostro ordine sociale\" - Il Corriere dell&#039;Unesco","robots":{"index":"index","follow":"follow","max-snippet":"max-snippet:-1","max-image-preview":"max-image-preview:large","max-video-preview":"max-video-preview:-1"},"canonical":"https:\/\/siti.italofonia.info\/unesco\/piu-recente\/david-wengrow-dobbiamo-smontare-i-miti-che-circondano-le-origini-del-nostro-ordine-sociale\/","og_locale":"it_IT","og_type":"article","og_title":"David Wengrow: \"Dobbiamo smontare i miti che circondano le origini del nostro ordine sociale\" - Il Corriere dell&#039;Unesco","og_description":"Restauro delle pitture rupestri nella grotta di El Pendo (Spagna) nel 2011. Si tratta di...","og_url":"https:\/\/siti.italofonia.info\/unesco\/piu-recente\/david-wengrow-dobbiamo-smontare-i-miti-che-circondano-le-origini-del-nostro-ordine-sociale\/","og_site_name":"Il Corriere dell&#039;Unesco","article_published_time":"2025-07-01T19:41:00+00:00","article_modified_time":"2025-07-11T14:45:41+00:00","og_image":[{"url":"https:\/\/courier.unesco.org\/sites\/default\/files\/styles\/paragraph_medium_desktop\/article\/2025-06\/COU_3_25_GA_WENGROW_WEB.jpg.webp?itok=Z2sXNcpT","type":"","width":"","height":""},{"width":610,"height":436,"url":"https:\/\/courier.unesco.org\/sites\/default\/files\/styles\/paragraph_medium_desktop\/article\/2025-06\/COU_3_25_GA_WENGROW_WEB.jpg.webp?itok=Z2sXNcpT","type":"image\/jpeg"}],"author":"La Redazione","twitter_card":"summary_large_image","twitter_image":"https:\/\/courier.unesco.org\/sites\/default\/files\/styles\/paragraph_medium_desktop\/article\/2025-06\/COU_3_25_GA_WENGROW_WEB.jpg.webp?itok=Z2sXNcpT","twitter_misc":{"Scritto da":"La Redazione","Tempo di lettura stimato":"1 minuto"},"schema":{"@context":"https:\/\/schema.org","@graph":[{"@type":"Article","@id":"https:\/\/siti.italofonia.info\/unesco\/piu-recente\/david-wengrow-dobbiamo-smontare-i-miti-che-circondano-le-origini-del-nostro-ordine-sociale\/#article","isPartOf":{"@id":"https:\/\/siti.italofonia.info\/unesco\/piu-recente\/david-wengrow-dobbiamo-smontare-i-miti-che-circondano-le-origini-del-nostro-ordine-sociale\/"},"author":{"name":"La Redazione","@id":"https:\/\/siti.italofonia.info\/unesco\/#\/schema\/person\/1b0f7e05e8632b4df2a94d3c12bd3681"},"headline":"David Wengrow: &#8220;Dobbiamo smontare i miti che circondano le origini del nostro ordine sociale&#8221;","datePublished":"2025-07-01T19:41:00+00:00","dateModified":"2025-07-11T14:45:41+00:00","mainEntityOfPage":{"@id":"https:\/\/siti.italofonia.info\/unesco\/piu-recente\/david-wengrow-dobbiamo-smontare-i-miti-che-circondano-le-origini-del-nostro-ordine-sociale\/"},"wordCount":762,"commentCount":0,"publisher":{"@id":"https:\/\/siti.italofonia.info\/unesco\/#organization"},"image":{"@id":"https:\/\/siti.italofonia.info\/unesco\/piu-recente\/david-wengrow-dobbiamo-smontare-i-miti-che-circondano-le-origini-del-nostro-ordine-sociale\/#primaryimage"},"thumbnailUrl":"https:\/\/i0.wp.com\/courier.unesco.org\/sites\/default\/files\/styles\/paragraph_medium_desktop\/article\/2025-06\/COU_3_25_GA_WENGROW_WEB.jpg.webp?itok=Z2sXNcpT&w=610&resize=610,436&ssl=1","keywords":["Idea"],"articleSection":["2025 n\u00b03 Luglio-Settembre","Numero pi\u00f9 recente"],"inLanguage":"it-IT","potentialAction":[{"@type":"CommentAction","name":"Comment","target":["https:\/\/siti.italofonia.info\/unesco\/piu-recente\/david-wengrow-dobbiamo-smontare-i-miti-che-circondano-le-origini-del-nostro-ordine-sociale\/#respond"]}]},{"@type":"WebPage","@id":"https:\/\/siti.italofonia.info\/unesco\/piu-recente\/david-wengrow-dobbiamo-smontare-i-miti-che-circondano-le-origini-del-nostro-ordine-sociale\/","url":"https:\/\/siti.italofonia.info\/unesco\/piu-recente\/david-wengrow-dobbiamo-smontare-i-miti-che-circondano-le-origini-del-nostro-ordine-sociale\/","name":"David Wengrow: \"Dobbiamo smontare i miti che circondano le origini del nostro ordine sociale\" - Il Corriere dell&#039;Unesco","isPartOf":{"@id":"https:\/\/siti.italofonia.info\/unesco\/#website"},"primaryImageOfPage":{"@id":"https:\/\/siti.italofonia.info\/unesco\/piu-recente\/david-wengrow-dobbiamo-smontare-i-miti-che-circondano-le-origini-del-nostro-ordine-sociale\/#primaryimage"},"image":{"@id":"https:\/\/siti.italofonia.info\/unesco\/piu-recente\/david-wengrow-dobbiamo-smontare-i-miti-che-circondano-le-origini-del-nostro-ordine-sociale\/#primaryimage"},"thumbnailUrl":"https:\/\/i0.wp.com\/courier.unesco.org\/sites\/default\/files\/styles\/paragraph_medium_desktop\/article\/2025-06\/COU_3_25_GA_WENGROW_WEB.jpg.webp?itok=Z2sXNcpT&w=610&resize=610,436&ssl=1","datePublished":"2025-07-01T19:41:00+00:00","dateModified":"2025-07-11T14:45:41+00:00","breadcrumb":{"@id":"https:\/\/siti.italofonia.info\/unesco\/piu-recente\/david-wengrow-dobbiamo-smontare-i-miti-che-circondano-le-origini-del-nostro-ordine-sociale\/#breadcrumb"},"inLanguage":"it-IT","potentialAction":[{"@type":"ReadAction","target":["https:\/\/siti.italofonia.info\/unesco\/piu-recente\/david-wengrow-dobbiamo-smontare-i-miti-che-circondano-le-origini-del-nostro-ordine-sociale\/"]}]},{"@type":"ImageObject","inLanguage":"it-IT","@id":"https:\/\/siti.italofonia.info\/unesco\/piu-recente\/david-wengrow-dobbiamo-smontare-i-miti-che-circondano-le-origini-del-nostro-ordine-sociale\/#primaryimage","url":"https:\/\/i0.wp.com\/courier.unesco.org\/sites\/default\/files\/styles\/paragraph_medium_desktop\/article\/2025-06\/COU_3_25_GA_WENGROW_WEB.jpg.webp?itok=Z2sXNcpT&w=610&resize=610,436&ssl=1","contentUrl":"https:\/\/i0.wp.com\/courier.unesco.org\/sites\/default\/files\/styles\/paragraph_medium_desktop\/article\/2025-06\/COU_3_25_GA_WENGROW_WEB.jpg.webp?itok=Z2sXNcpT&w=610&resize=610,436&ssl=1","width":"610","height":"436"},{"@type":"BreadcrumbList","@id":"https:\/\/siti.italofonia.info\/unesco\/piu-recente\/david-wengrow-dobbiamo-smontare-i-miti-che-circondano-le-origini-del-nostro-ordine-sociale\/#breadcrumb","itemListElement":[{"@type":"ListItem","position":1,"name":"Home","item":"https:\/\/siti.italofonia.info\/unesco\/"},{"@type":"ListItem","position":2,"name":"David Wengrow: &#8220;Dobbiamo smontare i miti che circondano le origini del nostro ordine sociale&#8221;"}]},{"@type":"WebSite","@id":"https:\/\/siti.italofonia.info\/unesco\/#website","url":"https:\/\/siti.italofonia.info\/unesco\/","name":"Il Corriere dell&#039;Unesco","description":"","publisher":{"@id":"https:\/\/siti.italofonia.info\/unesco\/#organization"},"potentialAction":[{"@type":"SearchAction","target":{"@type":"EntryPoint","urlTemplate":"https:\/\/siti.italofonia.info\/unesco\/?s={search_term_string}"},"query-input":{"@type":"PropertyValueSpecification","valueRequired":true,"valueName":"search_term_string"}}],"inLanguage":"it-IT"},{"@type":"Organization","@id":"https:\/\/siti.italofonia.info\/unesco\/#organization","name":"Il Corriere dell&#039;Unesco","url":"https:\/\/siti.italofonia.info\/unesco\/","logo":{"@type":"ImageObject","inLanguage":"it-IT","@id":"https:\/\/siti.italofonia.info\/unesco\/#\/schema\/logo\/image\/","url":"https:\/\/siti.italofonia.info\/unesco\/wp-content\/uploads\/sites\/11\/2025\/06\/Logo_UNESCO_2021-corriere.svg_.png","contentUrl":"https:\/\/siti.italofonia.info\/unesco\/wp-content\/uploads\/sites\/11\/2025\/06\/Logo_UNESCO_2021-corriere.svg_.png","width":3264,"height":320,"caption":"Il Corriere dell&#039;Unesco"},"image":{"@id":"https:\/\/siti.italofonia.info\/unesco\/#\/schema\/logo\/image\/"}},{"@type":"Person","@id":"https:\/\/siti.italofonia.info\/unesco\/#\/schema\/person\/1b0f7e05e8632b4df2a94d3c12bd3681","name":"La Redazione","image":{"@type":"ImageObject","inLanguage":"it-IT","@id":"https:\/\/siti.italofonia.info\/unesco\/#\/schema\/person\/image\/","url":"https:\/\/secure.gravatar.com\/avatar\/cf626482658d313d57c73ed40ef0ffeea01b1fe0a73dadf1ff54718e048546d8?s=96&d=mm&r=g","contentUrl":"https:\/\/secure.gravatar.com\/avatar\/cf626482658d313d57c73ed40ef0ffeea01b1fe0a73dadf1ff54718e048546d8?s=96&d=mm&r=g","caption":"La Redazione"},"sameAs":["https:\/\/siti.italofonia.info"],"url":"https:\/\/siti.italofonia.info\/unesco\/author\/giorgio-cantoni\/"}]}},"jetpack_featured_media_url":"https:\/\/i0.wp.com\/courier.unesco.org\/sites\/default\/files\/styles\/paragraph_medium_desktop\/article\/2025-06\/COU_3_25_GA_WENGROW_WEB.jpg.webp?itok=Z2sXNcpT&w=610&resize=610,436&ssl=1","amp_enabled":true,"_links":{"self":[{"href":"https:\/\/siti.italofonia.info\/unesco\/wp-json\/wp\/v2\/posts\/245","targetHints":{"allow":["GET"]}}],"collection":[{"href":"https:\/\/siti.italofonia.info\/unesco\/wp-json\/wp\/v2\/posts"}],"about":[{"href":"https:\/\/siti.italofonia.info\/unesco\/wp-json\/wp\/v2\/types\/post"}],"author":[{"embeddable":true,"href":"https:\/\/siti.italofonia.info\/unesco\/wp-json\/wp\/v2\/users\/1"}],"replies":[{"embeddable":true,"href":"https:\/\/siti.italofonia.info\/unesco\/wp-json\/wp\/v2\/comments?post=245"}],"version-history":[{"count":2,"href":"https:\/\/siti.italofonia.info\/unesco\/wp-json\/wp\/v2\/posts\/245\/revisions"}],"predecessor-version":[{"id":248,"href":"https:\/\/siti.italofonia.info\/unesco\/wp-json\/wp\/v2\/posts\/245\/revisions\/248"}],"wp:featuredmedia":[{"embeddable":true,"href":"https:\/\/siti.italofonia.info\/unesco\/wp-json\/wp\/v2\/media\/247"}],"wp:attachment":[{"href":"https:\/\/siti.italofonia.info\/unesco\/wp-json\/wp\/v2\/media?parent=245"}],"wp:term":[{"taxonomy":"category","embeddable":true,"href":"https:\/\/siti.italofonia.info\/unesco\/wp-json\/wp\/v2\/categories?post=245"},{"taxonomy":"post_tag","embeddable":true,"href":"https:\/\/siti.italofonia.info\/unesco\/wp-json\/wp\/v2\/tags?post=245"}],"curies":[{"name":"wp","href":"https:\/\/api.w.org\/{rel}","templated":true}]}}