{"id":253,"date":"2025-07-01T19:58:00","date_gmt":"2025-07-01T17:58:00","guid":{"rendered":"https:\/\/siti.italofonia.info\/unesco\/?p=253"},"modified":"2025-07-11T17:01:37","modified_gmt":"2025-07-11T15:01:37","slug":"moustapha-sall-una-vita-passata-a-esplorare-il-passato","status":"publish","type":"post","link":"https:\/\/siti.italofonia.info\/unesco\/2025-0709\/moustapha-sall-una-vita-passata-a-esplorare-il-passato\/","title":{"rendered":"Moustapha Sall, una vita passata a esplorare il passato"},"content":{"rendered":"\n\n<p class=\"has-small-font-size\">L&#8217;etno-archeologo senegalese Moustapha Sall in un laboratorio dell&#8217;Universit\u00e0 Cheikh Anta Diop di Dakar.<br>\u00a9 Nicolas R\u00e9m\u00e9n\u00e9<\/p>\n\n\n\n\n\n<p class=\"has-white-color has-vivid-cyan-blue-background-color has-text-color has-background has-link-color wp-elements-352d851808e0013ef64d795626379c4c\">In Senegal sono pochi gli archeologi che esplorano i numerosi siti del Paese. Uno di loro \u00e8 Moustapha Sall. Da decenni si aggira per la regione alla ricerca delle tracce lasciate dalle popolazioni che un tempo vi abitavano.<br><br>1 luglio 2025<\/p>\n\n\n\n\n\n<p class=\"has-light-green-cyan-background-color has-background\"><strong>Sophie Douce<\/strong><br>Giornalista con sede a Dakar (Senegal)<\/p>\n\n\n\n\n\n<p>Moustapha Sall ha sviluppato il gusto per la storia fin dalla pi\u00f9 tenera et\u00e0. Gi\u00e0 da studente liceale divorava i libri di storia, in particolare quelli di Cheikh Anta Diop, uno storico senegalese politicamente impegnato che si proponeva di evidenziare il contributo dell&#8217;Africa alla cultura mondiale. &#8220;Insieme ad altri studenti, abbiamo fondato un club di dibattito che porta il suo nome. Quello che volevo veramente era capire la nostra storia&#8221;, ricorda il professore 61enne, che oggi dirige il dipartimento di storia della Facolt\u00e0 di Lettere e Filosofia dell&#8217;Universit\u00e0 Cheikh Anta Diop di Dakar. Per lui la storia \u00e8 pi\u00f9 di una disciplina: \u00e8 una vera e propria ricerca di senso. Decenni di letture, ricerche e lavoro sul campo lo hanno portato a concludere che &#8220;siamo tutti ibridi culturali&#8221;.<\/p>\n\n\n\n\n\n<p>Dal Senegal alla Guinea-Bissau, passando per il Gambia, ha trascorso la sua lunga carriera percorrendo le strade dissestate della regione a bordo di pick-up, di una vecchia Peugeot 404 e di bush taxi, alla ricerca delle tracce lasciate dalle civilt\u00e0 precedenti. La sua ambizione era quella di tornare alle origini, al di l\u00e0 della storiografia ufficiale. &#8220;La storia africana&#8221;, spiega l&#8217;etnoarcheologo, disciplina che studia gli antichi modi di vita, &#8220;\u00e8 stata quasi sempre scritta dall&#8217;esterno o raccontata dal punto di vista di chi detiene il potere. Ma possiamo cercare di ricostruirla sulla base di ci\u00f2 che le popolazioni hanno lasciato&#8221; <\/p>\n\n\n\n\n\n<p>Da questo punto di vista, ha partecipato alla scoperta di siti metallurgici risalenti al primo millennio a.C. nel Delta del Saloum e ha identificato ceramiche appartenenti ai Ba\u00efnouk, considerati i primi abitanti della Bassa Casamance, una regione confinante con l&#8217;attuale Gambia a nord e con la Guinea-Bissau a sud. <\/p>\n\n\n\n\n\n<p> In Senegal ci sono pi\u00f9 di 20.000 siti archeologici<\/p>\n\n\n\n\n\n<p>Anche se finora poco studiati, questi resti testimoniano la ricchezza degli antichi regni e del commercio trans-sahariano in Africa occidentale. Siti paleolitici, utensili neolitici, megaliti, tumuli di conchiglie, antiche fornaci risalenti all&#8217;et\u00e0 del ferro&#8230; In Senegal, pi\u00f9 di 20.000 siti sono stati catalogati dal laboratorio dell&#8217;Institut fondamental d&#8217;Afrique noire (IFAN), responsabile della conservazione delle collezioni archeologiche.<\/p>\n\n\n\n\n\n<h2 class=\"wp-block-heading\">Ceramiche e scheletri<\/h2>\n\n\n\n\n\n<p>Appassionato di storia, Moustapha Sall si \u00e8 appassionato all&#8217;archeologia durante gli studi. Nel 1990, \u00e8 stato selezionato per partecipare a un progetto di ricerca su larga scala nella media valle del fiume Senegal con Susan e Roderick McIntosh, una coppia di antropologi americani famosi per il loro lavoro sulla citt\u00e0 di Djenn\u00e9-Djeno in Mali, una delle pi\u00f9 antiche dell&#8217;Africa subsahariana. All&#8217;et\u00e0 di 25 anni, ha portato alla luce le sue prime ossa in questa regione, che fu la culla dell&#8217;antico regno di Tekrour nell&#8217;<sup>VIII<\/sup> secolo e un crocevia per il commercio dell&#8217;oro. &#8220;Abbiamo trovato molte ceramiche, oggetti di ferro e scheletri&#8221;, ricorda.<\/p>\n\n\n\n\n\n<p>Ma non essendo disponibili corsi di specializzazione a Dakar, \u00e8 partito per studiare a Parigi e poi a Bruxelles, dove ha impressionato la giuria con la sua tesi sulle tradizioni ceramiche della regione senegalese. Ma non ha mai preso in considerazione una carriera in Europa. &#8220;Volevo tornare e formare gli altri. Il Senegal ha bisogno di noi&#8221;, insiste Sall. All&#8217;epoca, nel Paese c&#8217;erano solo otto archeologi, contro i dodici di oggi. <\/p>\n\n\n\n\n\n<p>Se la professione attira ancora pochi giovani senegalesi, \u00e8 soprattutto perch\u00e9 \u00e8 poco conosciuta. &#8220;Quando ho iniziato a lavorare, mio zio pensava che fossi un muratore&#8230; Nei villaggi, la gente pensava che fossimo pazzi quando ci vedevano grattare la terra. Pensavano che scavassimo nella spazzatura&#8221;, ricorda ridendo. <\/p>\n\n\n\n\n\n<p>Poco conosciuta, la professione di archeologo attrae pochi giovani senegalesi<\/p>\n\n\n\n\n\n<p>Lo scarso appeal della professione \u00e8 dovuto anche alla mancanza di fondi: i ricercatori dipendono spesso da progetti internazionali per portare avanti il loro lavoro. &#8220;Molti studenti abbandonano perch\u00e9 non possono permettersi di fare il lavoro sul campo. Rischiamo di avere un problema con la prossima generazione&#8221;, si preoccupa il professore, prossimo alla pensione. Dei circa venti studenti iscritti al primo anno del programma di master dell&#8217;universit\u00e0, solo pochi in media proseguono gli studi.<\/p>\n\n\n\n\n\n<h2 class=\"wp-block-heading\">Tesori nascosti<\/h2>\n\n\n\n\n\n<p>Nel laboratorio di archeologia dell&#8217;universit\u00e0, un piccolo gruppo di dottorandi lavora in mezzo a scatole di cartone polverose. Uno scaffale \u00e8 pieno di calchi di teschi. Le terre rosse e ocra del Senegal nascondono molti tesori nascosti, ma devono essere preservati in un Paese in cui l&#8217;archeologia preventiva, che studia e conserva i resti minacciati dallo sviluppo, non ha un quadro giuridico. &#8220;Purtroppo, molti resti stanno scomparendo a causa di progetti edilizi e compagnie minerarie. La legge protegge solo i siti gi\u00e0 scavati&#8221;, afferma Moustapha Sall, che si sta battendo per un cambiamento della normativa. <\/p>\n\n\n\n\n\n<p>Qualche anno fa, \u00e8 riuscito a far sospendere all&#8217;ultimo momento un progetto di costruzione di un&#8217;autostrada, in modo da poter effettuare scavi preventivi: una vittoria in un Paese in cui gli archeologi non riescono facilmente a far sentire la propria voce di fronte alla pressione demografica e alla rapida urbanizzazione.<\/p>\n\n\n\n\n\n<p>Eppure il Paese ha molto da guadagnare, secondo lui, dalla promozione del suo patrimonio archeologico. &#8220;Non abbiamo ereditato castelli dai nostri re, ma essi ci hanno lasciato un vasto patrimonio immateriale e vestigia di grande valore scientifico. Non dimentichiamo che nel<sup>XIII<\/sup> secolo l&#8217;impero pi\u00f9 ricco del pianeta si trovava al confine tra Senegal e Mali!&#8221;, afferma entusiasta. La ricchezza di questo patrimonio potrebbe anche diventare una leva economica a lungo termine. &#8220;Oltre a documentare il passato, questi beni possono essere un mezzo per sviluppare il turismo e creare posti di lavoro&#8221;, sostiene l&#8217;uomo, che \u00e8 anche vicepresidente dell&#8217;Associazione archeologica dell&#8217;Africa occidentale. E forse possono anche ispirare nuove vocazioni. <\/p>\n\n","protected":false},"excerpt":{"rendered":"<p>L&#8217;etno-archeologo senegalese Moustapha Sall in un laboratorio dell&#8217;Universit\u00e0 Cheikh Anta Diop di Dakar.\u00a9 Nicolas R\u00e9m\u00e9n\u00e9&#8230;<\/p>\n","protected":false},"author":1,"featured_media":255,"comment_status":"open","ping_status":"open","sticky":false,"template":"","format":"standard","meta":{"fifu_image_url":"https:\/\/courier.unesco.org\/sites\/default\/files\/styles\/paragraph_medium_desktop\/article\/2025-06\/COU_3_25_GA_SENEGAL_WEB.jpg.webp?itok=nStRJ7ML","fifu_image_alt":"","footnotes":""},"categories":[7,4],"tags":[8],"class_list":["post-253","post","type-post","status-publish","format-standard","has-post-thumbnail","hentry","category-2025-0709","category-piu-recente","tag-idea"],"yoast_head":"<!-- This site is optimized with the Yoast SEO plugin v25.9 - https:\/\/yoast.com\/wordpress\/plugins\/seo\/ -->\n<title>Moustapha Sall, una vita passata a esplorare il passato - Il Corriere dell&#039;Unesco<\/title>\n<meta name=\"robots\" content=\"index, follow, max-snippet:-1, max-image-preview:large, max-video-preview:-1\" \/>\n<link rel=\"canonical\" href=\"https:\/\/siti.italofonia.info\/unesco\/piu-recente\/moustapha-sall-una-vita-passata-a-esplorare-il-passato\/\" \/>\n<meta property=\"og:locale\" content=\"it_IT\" \/>\n<meta property=\"og:type\" content=\"article\" \/>\n<meta property=\"og:title\" content=\"Moustapha Sall, una vita passata a esplorare il passato - Il Corriere dell&#039;Unesco\" \/>\n<meta property=\"og:description\" content=\"L&#8217;etno-archeologo senegalese Moustapha Sall in un laboratorio dell&#8217;Universit\u00e0 Cheikh Anta Diop di Dakar.\u00a9 Nicolas R\u00e9m\u00e9n\u00e9...\" \/>\n<meta property=\"og:url\" content=\"https:\/\/siti.italofonia.info\/unesco\/piu-recente\/moustapha-sall-una-vita-passata-a-esplorare-il-passato\/\" \/>\n<meta property=\"og:site_name\" content=\"Il Corriere dell&#039;Unesco\" \/>\n<meta property=\"article:published_time\" content=\"2025-07-01T17:58:00+00:00\" \/>\n<meta property=\"article:modified_time\" content=\"2025-07-11T15:01:37+00:00\" \/>\n<meta property=\"og:image\" content=\"https:\/\/courier.unesco.org\/sites\/default\/files\/styles\/paragraph_medium_desktop\/article\/2025-06\/COU_3_25_GA_SENEGAL_WEB.jpg.webp?itok=nStRJ7ML\" \/><meta property=\"og:image\" content=\"https:\/\/courier.unesco.org\/sites\/default\/files\/styles\/paragraph_medium_desktop\/article\/2025-06\/COU_3_25_GA_SENEGAL_WEB.jpg.webp?itok=nStRJ7ML\" \/>\n\t<meta property=\"og:image:width\" content=\"610\" \/>\n\t<meta property=\"og:image:height\" content=\"436\" \/>\n\t<meta property=\"og:image:type\" content=\"image\/jpeg\" \/>\n<meta name=\"author\" content=\"La Redazione\" \/>\n<meta name=\"twitter:card\" content=\"summary_large_image\" \/>\n<meta name=\"twitter:image\" content=\"https:\/\/courier.unesco.org\/sites\/default\/files\/styles\/paragraph_medium_desktop\/article\/2025-06\/COU_3_25_GA_SENEGAL_WEB.jpg.webp?itok=nStRJ7ML\" \/>\n<meta name=\"twitter:label1\" content=\"Scritto da\" \/>\n\t<meta name=\"twitter:data1\" content=\"La Redazione\" \/>\n\t<meta name=\"twitter:label2\" content=\"Tempo di lettura stimato\" \/>\n\t<meta name=\"twitter:data2\" content=\"1 minuto\" \/>\n<script type=\"application\/ld+json\" class=\"yoast-schema-graph\">{\"@context\":\"https:\/\/schema.org\",\"@graph\":[{\"@type\":\"Article\",\"@id\":\"https:\/\/siti.italofonia.info\/unesco\/piu-recente\/moustapha-sall-una-vita-passata-a-esplorare-il-passato\/#article\",\"isPartOf\":{\"@id\":\"https:\/\/siti.italofonia.info\/unesco\/piu-recente\/moustapha-sall-una-vita-passata-a-esplorare-il-passato\/\"},\"author\":{\"name\":\"La Redazione\",\"@id\":\"https:\/\/siti.italofonia.info\/unesco\/#\/schema\/person\/1b0f7e05e8632b4df2a94d3c12bd3681\"},\"headline\":\"Moustapha Sall, una vita passata a esplorare il passato\",\"datePublished\":\"2025-07-01T17:58:00+00:00\",\"dateModified\":\"2025-07-11T15:01:37+00:00\",\"mainEntityOfPage\":{\"@id\":\"https:\/\/siti.italofonia.info\/unesco\/piu-recente\/moustapha-sall-una-vita-passata-a-esplorare-il-passato\/\"},\"wordCount\":989,\"commentCount\":0,\"publisher\":{\"@id\":\"https:\/\/siti.italofonia.info\/unesco\/#organization\"},\"image\":{\"@id\":\"https:\/\/siti.italofonia.info\/unesco\/piu-recente\/moustapha-sall-una-vita-passata-a-esplorare-il-passato\/#primaryimage\"},\"thumbnailUrl\":\"https:\/\/i2.wp.com\/courier.unesco.org\/sites\/default\/files\/styles\/paragraph_medium_desktop\/article\/2025-06\/COU_3_25_GA_SENEGAL_WEB.jpg.webp?itok=nStRJ7ML&w=610&resize=610,436&ssl=1\",\"keywords\":[\"Idea\"],\"articleSection\":[\"2025 n\u00b03 Luglio-Settembre\",\"Numero pi\u00f9 recente\"],\"inLanguage\":\"it-IT\",\"potentialAction\":[{\"@type\":\"CommentAction\",\"name\":\"Comment\",\"target\":[\"https:\/\/siti.italofonia.info\/unesco\/piu-recente\/moustapha-sall-una-vita-passata-a-esplorare-il-passato\/#respond\"]}]},{\"@type\":\"WebPage\",\"@id\":\"https:\/\/siti.italofonia.info\/unesco\/piu-recente\/moustapha-sall-una-vita-passata-a-esplorare-il-passato\/\",\"url\":\"https:\/\/siti.italofonia.info\/unesco\/piu-recente\/moustapha-sall-una-vita-passata-a-esplorare-il-passato\/\",\"name\":\"Moustapha Sall, una vita passata a esplorare il passato - Il Corriere dell&#039;Unesco\",\"isPartOf\":{\"@id\":\"https:\/\/siti.italofonia.info\/unesco\/#website\"},\"primaryImageOfPage\":{\"@id\":\"https:\/\/siti.italofonia.info\/unesco\/piu-recente\/moustapha-sall-una-vita-passata-a-esplorare-il-passato\/#primaryimage\"},\"image\":{\"@id\":\"https:\/\/siti.italofonia.info\/unesco\/piu-recente\/moustapha-sall-una-vita-passata-a-esplorare-il-passato\/#primaryimage\"},\"thumbnailUrl\":\"https:\/\/i2.wp.com\/courier.unesco.org\/sites\/default\/files\/styles\/paragraph_medium_desktop\/article\/2025-06\/COU_3_25_GA_SENEGAL_WEB.jpg.webp?itok=nStRJ7ML&w=610&resize=610,436&ssl=1\",\"datePublished\":\"2025-07-01T17:58:00+00:00\",\"dateModified\":\"2025-07-11T15:01:37+00:00\",\"breadcrumb\":{\"@id\":\"https:\/\/siti.italofonia.info\/unesco\/piu-recente\/moustapha-sall-una-vita-passata-a-esplorare-il-passato\/#breadcrumb\"},\"inLanguage\":\"it-IT\",\"potentialAction\":[{\"@type\":\"ReadAction\",\"target\":[\"https:\/\/siti.italofonia.info\/unesco\/piu-recente\/moustapha-sall-una-vita-passata-a-esplorare-il-passato\/\"]}]},{\"@type\":\"ImageObject\",\"inLanguage\":\"it-IT\",\"@id\":\"https:\/\/siti.italofonia.info\/unesco\/piu-recente\/moustapha-sall-una-vita-passata-a-esplorare-il-passato\/#primaryimage\",\"url\":\"https:\/\/i2.wp.com\/courier.unesco.org\/sites\/default\/files\/styles\/paragraph_medium_desktop\/article\/2025-06\/COU_3_25_GA_SENEGAL_WEB.jpg.webp?itok=nStRJ7ML&w=610&resize=610,436&ssl=1\",\"contentUrl\":\"https:\/\/i2.wp.com\/courier.unesco.org\/sites\/default\/files\/styles\/paragraph_medium_desktop\/article\/2025-06\/COU_3_25_GA_SENEGAL_WEB.jpg.webp?itok=nStRJ7ML&w=610&resize=610,436&ssl=1\",\"width\":\"610\",\"height\":\"436\"},{\"@type\":\"BreadcrumbList\",\"@id\":\"https:\/\/siti.italofonia.info\/unesco\/piu-recente\/moustapha-sall-una-vita-passata-a-esplorare-il-passato\/#breadcrumb\",\"itemListElement\":[{\"@type\":\"ListItem\",\"position\":1,\"name\":\"Home\",\"item\":\"https:\/\/siti.italofonia.info\/unesco\/\"},{\"@type\":\"ListItem\",\"position\":2,\"name\":\"Moustapha Sall, una vita passata a esplorare il passato\"}]},{\"@type\":\"WebSite\",\"@id\":\"https:\/\/siti.italofonia.info\/unesco\/#website\",\"url\":\"https:\/\/siti.italofonia.info\/unesco\/\",\"name\":\"Il Corriere dell&#039;Unesco\",\"description\":\"\",\"publisher\":{\"@id\":\"https:\/\/siti.italofonia.info\/unesco\/#organization\"},\"potentialAction\":[{\"@type\":\"SearchAction\",\"target\":{\"@type\":\"EntryPoint\",\"urlTemplate\":\"https:\/\/siti.italofonia.info\/unesco\/?s={search_term_string}\"},\"query-input\":{\"@type\":\"PropertyValueSpecification\",\"valueRequired\":true,\"valueName\":\"search_term_string\"}}],\"inLanguage\":\"it-IT\"},{\"@type\":\"Organization\",\"@id\":\"https:\/\/siti.italofonia.info\/unesco\/#organization\",\"name\":\"Il Corriere dell&#039;Unesco\",\"url\":\"https:\/\/siti.italofonia.info\/unesco\/\",\"logo\":{\"@type\":\"ImageObject\",\"inLanguage\":\"it-IT\",\"@id\":\"https:\/\/siti.italofonia.info\/unesco\/#\/schema\/logo\/image\/\",\"url\":\"https:\/\/siti.italofonia.info\/unesco\/wp-content\/uploads\/sites\/11\/2025\/06\/Logo_UNESCO_2021-corriere.svg_.png\",\"contentUrl\":\"https:\/\/siti.italofonia.info\/unesco\/wp-content\/uploads\/sites\/11\/2025\/06\/Logo_UNESCO_2021-corriere.svg_.png\",\"width\":3264,\"height\":320,\"caption\":\"Il Corriere dell&#039;Unesco\"},\"image\":{\"@id\":\"https:\/\/siti.italofonia.info\/unesco\/#\/schema\/logo\/image\/\"}},{\"@type\":\"Person\",\"@id\":\"https:\/\/siti.italofonia.info\/unesco\/#\/schema\/person\/1b0f7e05e8632b4df2a94d3c12bd3681\",\"name\":\"La Redazione\",\"image\":{\"@type\":\"ImageObject\",\"inLanguage\":\"it-IT\",\"@id\":\"https:\/\/siti.italofonia.info\/unesco\/#\/schema\/person\/image\/\",\"url\":\"https:\/\/secure.gravatar.com\/avatar\/cf626482658d313d57c73ed40ef0ffeea01b1fe0a73dadf1ff54718e048546d8?s=96&d=mm&r=g\",\"contentUrl\":\"https:\/\/secure.gravatar.com\/avatar\/cf626482658d313d57c73ed40ef0ffeea01b1fe0a73dadf1ff54718e048546d8?s=96&d=mm&r=g\",\"caption\":\"La Redazione\"},\"sameAs\":[\"https:\/\/siti.italofonia.info\"],\"url\":\"https:\/\/siti.italofonia.info\/unesco\/author\/giorgio-cantoni\/\"}]}<\/script>\n<!-- \/ Yoast SEO plugin. -->","yoast_head_json":{"title":"Moustapha Sall, una vita passata a esplorare il passato - Il Corriere dell&#039;Unesco","robots":{"index":"index","follow":"follow","max-snippet":"max-snippet:-1","max-image-preview":"max-image-preview:large","max-video-preview":"max-video-preview:-1"},"canonical":"https:\/\/siti.italofonia.info\/unesco\/piu-recente\/moustapha-sall-una-vita-passata-a-esplorare-il-passato\/","og_locale":"it_IT","og_type":"article","og_title":"Moustapha Sall, una vita passata a esplorare il passato - Il Corriere dell&#039;Unesco","og_description":"L&#8217;etno-archeologo senegalese Moustapha Sall in un laboratorio dell&#8217;Universit\u00e0 Cheikh Anta Diop di Dakar.\u00a9 Nicolas R\u00e9m\u00e9n\u00e9...","og_url":"https:\/\/siti.italofonia.info\/unesco\/piu-recente\/moustapha-sall-una-vita-passata-a-esplorare-il-passato\/","og_site_name":"Il Corriere dell&#039;Unesco","article_published_time":"2025-07-01T17:58:00+00:00","article_modified_time":"2025-07-11T15:01:37+00:00","og_image":[{"url":"https:\/\/courier.unesco.org\/sites\/default\/files\/styles\/paragraph_medium_desktop\/article\/2025-06\/COU_3_25_GA_SENEGAL_WEB.jpg.webp?itok=nStRJ7ML","type":"","width":"","height":""},{"width":610,"height":436,"url":"https:\/\/courier.unesco.org\/sites\/default\/files\/styles\/paragraph_medium_desktop\/article\/2025-06\/COU_3_25_GA_SENEGAL_WEB.jpg.webp?itok=nStRJ7ML","type":"image\/jpeg"}],"author":"La Redazione","twitter_card":"summary_large_image","twitter_image":"https:\/\/courier.unesco.org\/sites\/default\/files\/styles\/paragraph_medium_desktop\/article\/2025-06\/COU_3_25_GA_SENEGAL_WEB.jpg.webp?itok=nStRJ7ML","twitter_misc":{"Scritto da":"La Redazione","Tempo di lettura stimato":"1 minuto"},"schema":{"@context":"https:\/\/schema.org","@graph":[{"@type":"Article","@id":"https:\/\/siti.italofonia.info\/unesco\/piu-recente\/moustapha-sall-una-vita-passata-a-esplorare-il-passato\/#article","isPartOf":{"@id":"https:\/\/siti.italofonia.info\/unesco\/piu-recente\/moustapha-sall-una-vita-passata-a-esplorare-il-passato\/"},"author":{"name":"La Redazione","@id":"https:\/\/siti.italofonia.info\/unesco\/#\/schema\/person\/1b0f7e05e8632b4df2a94d3c12bd3681"},"headline":"Moustapha Sall, una vita passata a esplorare il passato","datePublished":"2025-07-01T17:58:00+00:00","dateModified":"2025-07-11T15:01:37+00:00","mainEntityOfPage":{"@id":"https:\/\/siti.italofonia.info\/unesco\/piu-recente\/moustapha-sall-una-vita-passata-a-esplorare-il-passato\/"},"wordCount":989,"commentCount":0,"publisher":{"@id":"https:\/\/siti.italofonia.info\/unesco\/#organization"},"image":{"@id":"https:\/\/siti.italofonia.info\/unesco\/piu-recente\/moustapha-sall-una-vita-passata-a-esplorare-il-passato\/#primaryimage"},"thumbnailUrl":"https:\/\/i2.wp.com\/courier.unesco.org\/sites\/default\/files\/styles\/paragraph_medium_desktop\/article\/2025-06\/COU_3_25_GA_SENEGAL_WEB.jpg.webp?itok=nStRJ7ML&w=610&resize=610,436&ssl=1","keywords":["Idea"],"articleSection":["2025 n\u00b03 Luglio-Settembre","Numero pi\u00f9 recente"],"inLanguage":"it-IT","potentialAction":[{"@type":"CommentAction","name":"Comment","target":["https:\/\/siti.italofonia.info\/unesco\/piu-recente\/moustapha-sall-una-vita-passata-a-esplorare-il-passato\/#respond"]}]},{"@type":"WebPage","@id":"https:\/\/siti.italofonia.info\/unesco\/piu-recente\/moustapha-sall-una-vita-passata-a-esplorare-il-passato\/","url":"https:\/\/siti.italofonia.info\/unesco\/piu-recente\/moustapha-sall-una-vita-passata-a-esplorare-il-passato\/","name":"Moustapha Sall, una vita passata a esplorare il passato - Il Corriere dell&#039;Unesco","isPartOf":{"@id":"https:\/\/siti.italofonia.info\/unesco\/#website"},"primaryImageOfPage":{"@id":"https:\/\/siti.italofonia.info\/unesco\/piu-recente\/moustapha-sall-una-vita-passata-a-esplorare-il-passato\/#primaryimage"},"image":{"@id":"https:\/\/siti.italofonia.info\/unesco\/piu-recente\/moustapha-sall-una-vita-passata-a-esplorare-il-passato\/#primaryimage"},"thumbnailUrl":"https:\/\/i2.wp.com\/courier.unesco.org\/sites\/default\/files\/styles\/paragraph_medium_desktop\/article\/2025-06\/COU_3_25_GA_SENEGAL_WEB.jpg.webp?itok=nStRJ7ML&w=610&resize=610,436&ssl=1","datePublished":"2025-07-01T17:58:00+00:00","dateModified":"2025-07-11T15:01:37+00:00","breadcrumb":{"@id":"https:\/\/siti.italofonia.info\/unesco\/piu-recente\/moustapha-sall-una-vita-passata-a-esplorare-il-passato\/#breadcrumb"},"inLanguage":"it-IT","potentialAction":[{"@type":"ReadAction","target":["https:\/\/siti.italofonia.info\/unesco\/piu-recente\/moustapha-sall-una-vita-passata-a-esplorare-il-passato\/"]}]},{"@type":"ImageObject","inLanguage":"it-IT","@id":"https:\/\/siti.italofonia.info\/unesco\/piu-recente\/moustapha-sall-una-vita-passata-a-esplorare-il-passato\/#primaryimage","url":"https:\/\/i2.wp.com\/courier.unesco.org\/sites\/default\/files\/styles\/paragraph_medium_desktop\/article\/2025-06\/COU_3_25_GA_SENEGAL_WEB.jpg.webp?itok=nStRJ7ML&w=610&resize=610,436&ssl=1","contentUrl":"https:\/\/i2.wp.com\/courier.unesco.org\/sites\/default\/files\/styles\/paragraph_medium_desktop\/article\/2025-06\/COU_3_25_GA_SENEGAL_WEB.jpg.webp?itok=nStRJ7ML&w=610&resize=610,436&ssl=1","width":"610","height":"436"},{"@type":"BreadcrumbList","@id":"https:\/\/siti.italofonia.info\/unesco\/piu-recente\/moustapha-sall-una-vita-passata-a-esplorare-il-passato\/#breadcrumb","itemListElement":[{"@type":"ListItem","position":1,"name":"Home","item":"https:\/\/siti.italofonia.info\/unesco\/"},{"@type":"ListItem","position":2,"name":"Moustapha Sall, una vita passata a esplorare il passato"}]},{"@type":"WebSite","@id":"https:\/\/siti.italofonia.info\/unesco\/#website","url":"https:\/\/siti.italofonia.info\/unesco\/","name":"Il Corriere dell&#039;Unesco","description":"","publisher":{"@id":"https:\/\/siti.italofonia.info\/unesco\/#organization"},"potentialAction":[{"@type":"SearchAction","target":{"@type":"EntryPoint","urlTemplate":"https:\/\/siti.italofonia.info\/unesco\/?s={search_term_string}"},"query-input":{"@type":"PropertyValueSpecification","valueRequired":true,"valueName":"search_term_string"}}],"inLanguage":"it-IT"},{"@type":"Organization","@id":"https:\/\/siti.italofonia.info\/unesco\/#organization","name":"Il Corriere dell&#039;Unesco","url":"https:\/\/siti.italofonia.info\/unesco\/","logo":{"@type":"ImageObject","inLanguage":"it-IT","@id":"https:\/\/siti.italofonia.info\/unesco\/#\/schema\/logo\/image\/","url":"https:\/\/siti.italofonia.info\/unesco\/wp-content\/uploads\/sites\/11\/2025\/06\/Logo_UNESCO_2021-corriere.svg_.png","contentUrl":"https:\/\/siti.italofonia.info\/unesco\/wp-content\/uploads\/sites\/11\/2025\/06\/Logo_UNESCO_2021-corriere.svg_.png","width":3264,"height":320,"caption":"Il Corriere dell&#039;Unesco"},"image":{"@id":"https:\/\/siti.italofonia.info\/unesco\/#\/schema\/logo\/image\/"}},{"@type":"Person","@id":"https:\/\/siti.italofonia.info\/unesco\/#\/schema\/person\/1b0f7e05e8632b4df2a94d3c12bd3681","name":"La Redazione","image":{"@type":"ImageObject","inLanguage":"it-IT","@id":"https:\/\/siti.italofonia.info\/unesco\/#\/schema\/person\/image\/","url":"https:\/\/secure.gravatar.com\/avatar\/cf626482658d313d57c73ed40ef0ffeea01b1fe0a73dadf1ff54718e048546d8?s=96&d=mm&r=g","contentUrl":"https:\/\/secure.gravatar.com\/avatar\/cf626482658d313d57c73ed40ef0ffeea01b1fe0a73dadf1ff54718e048546d8?s=96&d=mm&r=g","caption":"La Redazione"},"sameAs":["https:\/\/siti.italofonia.info"],"url":"https:\/\/siti.italofonia.info\/unesco\/author\/giorgio-cantoni\/"}]}},"jetpack_featured_media_url":"https:\/\/i2.wp.com\/courier.unesco.org\/sites\/default\/files\/styles\/paragraph_medium_desktop\/article\/2025-06\/COU_3_25_GA_SENEGAL_WEB.jpg.webp?itok=nStRJ7ML&w=610&resize=610,436&ssl=1","amp_enabled":true,"_links":{"self":[{"href":"https:\/\/siti.italofonia.info\/unesco\/wp-json\/wp\/v2\/posts\/253","targetHints":{"allow":["GET"]}}],"collection":[{"href":"https:\/\/siti.italofonia.info\/unesco\/wp-json\/wp\/v2\/posts"}],"about":[{"href":"https:\/\/siti.italofonia.info\/unesco\/wp-json\/wp\/v2\/types\/post"}],"author":[{"embeddable":true,"href":"https:\/\/siti.italofonia.info\/unesco\/wp-json\/wp\/v2\/users\/1"}],"replies":[{"embeddable":true,"href":"https:\/\/siti.italofonia.info\/unesco\/wp-json\/wp\/v2\/comments?post=253"}],"version-history":[{"count":2,"href":"https:\/\/siti.italofonia.info\/unesco\/wp-json\/wp\/v2\/posts\/253\/revisions"}],"predecessor-version":[{"id":256,"href":"https:\/\/siti.italofonia.info\/unesco\/wp-json\/wp\/v2\/posts\/253\/revisions\/256"}],"wp:featuredmedia":[{"embeddable":true,"href":"https:\/\/siti.italofonia.info\/unesco\/wp-json\/wp\/v2\/media\/255"}],"wp:attachment":[{"href":"https:\/\/siti.italofonia.info\/unesco\/wp-json\/wp\/v2\/media?parent=253"}],"wp:term":[{"taxonomy":"category","embeddable":true,"href":"https:\/\/siti.italofonia.info\/unesco\/wp-json\/wp\/v2\/categories?post=253"},{"taxonomy":"post_tag","embeddable":true,"href":"https:\/\/siti.italofonia.info\/unesco\/wp-json\/wp\/v2\/tags?post=253"}],"curies":[{"name":"wp","href":"https:\/\/api.w.org\/{rel}","templated":true}]}}