{"id":26,"date":"2025-05-07T02:00:00","date_gmt":"2025-05-07T00:00:00","guid":{"rendered":"https:\/\/siti.italofonia.info\/unesco\/2025\/05\/07\/reconnecting-with-food\/"},"modified":"2025-07-11T14:16:49","modified_gmt":"2025-07-11T12:16:49","slug":"riconnettersi-con-il-cibo","status":"publish","type":"post","link":"https:\/\/siti.italofonia.info\/unesco\/2025-0406\/riconnettersi-con-il-cibo\/","title":{"rendered":"Riconnettersi con il cibo"},"content":{"rendered":"\n\n<p>Negli ultimi decenni, il nostro sistema alimentare ha subito profondi cambiamenti. Il cibo non \u00e8 mai stato disponibile in cos\u00ec grandi quantit\u00e0 o con una cos\u00ec grande diversit\u00e0, anche se non \u00e8 distribuito in modo uniforme su tutto il pianeta. Cibi globalizzati e ultra-lavorati si sono imposti sulle nostre tavole, con conseguenze importanti per la nostra salute e per l&#8217;ambiente. Ma mentre i modi di produzione e di consumo sono cambiati, il cibo continua a dare forma alle nostre esperienze emotive e culturali. Rimane ci\u00f2 che ci connette a noi stessi, agli altri e, pi\u00f9 in generale, a tutti gli esseri viventi.<\/p>\n\n\n\n\n\n<p><strong>Damien Conar\u00e9<\/strong><br>Segretario generale della Cattedra UNESCO sui sistemi alimentari mondiali, Institut Agro Montpellier (Francia).<\/p>\n\n\n\n\n\n<p>Mai prima d&#8217;ora \u00e8 stato disponibile cos\u00ec tanto cibo in tutto il mondo, sia in termini di quantit\u00e0 che di qualit\u00e0. Questa &#8220;impresa&#8221; \u00e8 stata resa possibile dall&#8217;industrializzazione dei nostri sistemi agricoli e alimentari, iniziata in alcune regioni del mondo alla fine del<sup>XIX<\/sup> secolo.<\/p>\n\n\n\n\n\n<p>Siamo passati da un sistema di produzione che si affidava principalmente al sole per l&#8217;energia, a sistemi basati sull&#8217;uso massiccio di risorse minerali non rinnovabili (prima il carbone, poi il petrolio e il gas), utilizzati per la meccanizzazione e l&#8217;impiego di prodotti di sintesi &#8211; fertilizzanti, erbicidi e insetticidi.<\/p>\n\n\n\n\n\n<p>L&#8217;offerta di prodotti alimentari ha tenuto il passo con gli sviluppi tecnologici, dalle macchine frigorifere (1858) e dall&#8217;irradiazione degli alimenti (1905) al congelamento rapido (1929), alle microonde (1947) e all&#8217;ultrafiltrazione del latte (1969). L&#8217;automazione della manodopera nelle fabbriche agroalimentari ha anche permesso di aumentare i ritmi di produzione di alimenti standardizzati. <\/p>\n\n\n\n\n\n<p>I limiti dei sistemi alimentari industrializzati sono evidenti quando si tratta di affrontare le sfide della sostenibilit\u00e0<\/p>\n\n\n\n\n\n<p>Alla fine del<sup>XX<\/sup> secolo, un nuovo attore ha acquisito sempre pi\u00f9 potere: la grande distribuzione, che si sta affermando quasi ovunque nel mondo con l&#8217;emergere delle classi medie, favorendo l&#8217;accesso a cibi generalmente a buon mercato. Oggi, per\u00f2, i limiti dei sistemi alimentari industrializzati sono evidenti di fronte alle sfide della sostenibilit\u00e0, con implicazioni per la salute, l&#8217;ambiente e le disuguaglianze sociali ed economiche.<\/p>\n\n\n\n\n\n<h2 class=\"wp-block-heading\">Grassi e carboidrati<\/h2>\n\n\n\n\n\n<p>Sebbene il cibo sia pi\u00f9 abbondante che mai in tutto il mondo, la sua distribuzione \u00e8 tutt&#8217;altro che uniforme. Secondo l&#8217;ultimo <a href=\"https:\/\/www.fao.org\/publications\/fao-flagship-publications\/the-state-of-food-security-and-nutrition-in-the-world\/en\" target=\"_blank\" rel=\"noreferrer noopener\"><u>rapporto<\/u><\/a> sullo stato della sicurezza alimentare e della nutrizione nel mondo, pubblicato da cinque agenzie delle Nazioni Unite, nel 2023 quasi 730 milioni di persone soffriranno ancora la fame, ovvero una persona su undici nel mondo (una su cinque in Africa). Questa situazione \u00e8 legata in particolare al perdurare della povert\u00e0, all&#8217;incessante inflazione dei prezzi alimentari e, soprattutto, al moltiplicarsi dei conflitti e delle crisi climatiche. Allo stesso tempo, il crescente consumo di prodotti ad alto contenuto di grassi e carboidrati, unito alla riduzione dell&#8217;attivit\u00e0 fisica, sta portando a un aumento del numero di persone in sovrappeso o obese, aumentando il rischio di patologie come il diabete di tipo 2, le malattie cardiovascolari e alcuni tipi di cancro. Le proiezioni indicano che, entro il 2030, pi\u00f9 di 1,2 miliardi della popolazione adulta mondiale sar\u00e0 obesa.<\/p>\n\n\n\n\n\n<p>Anche in termini ambientali, il costo di questo sistema di produzione alimentare \u00e8 elevato. Si stima che, su scala globale, l&#8217;agricoltura e l&#8217;industria alimentare siano responsabili di un terzo delle emissioni di gas serra legate alle attivit\u00e0 umane. A ci\u00f2 si aggiungono l&#8217;inquinamento delle acque, la scomparsa degli impollinatori e il declino della fertilit\u00e0 del suolo a causa dell&#8217;uso massiccio di prodotti chimici, oltre a una forte erosione della biodiversit\u00e0 nelle coltivazioni. <\/p>\n\n\n\n\n\n<p>Infine, a livello socio-economico, l&#8217;elevata concentrazione di aziende lungo tutta la catena alimentare ha contribuito alla creazione di gruppi in posizione dominante, minando l&#8217;indipendenza e il reddito degli agricoltori. <\/p>\n\n\n\n\n\n<h2 class=\"wp-block-heading\">Nuove pratiche di consumo<\/h2>\n\n\n\n\n\n<p>Allo stesso tempo, importanti cambiamenti sociali hanno rimodellato il nostro rapporto con il cibo. Nelle citt\u00e0, il potere d&#8217;acquisto sta diventando il fattore principale che determina l&#8217;accesso al cibo. Inoltre, con le persone che spesso lavorano lontano da casa e gli stili di vita frenetici, il risparmio di tempo e la convenienza stanno diventando criteri importanti: l&#8217;acquisto di pasti &#8220;pronti&#8221; e da asporto, l&#8217;esternalizzazione di alcuni compiti legati al cibo e cos\u00ec via.<\/p>\n\n\n\n\n\n<p>Le migrazioni internazionali e, pi\u00f9 recentemente, l&#8217;influenza dei social media hanno arricchito gli stili alimentari con nuovi prodotti e pratiche di consumo. Le cucine del Messico, del Sud-Est asiatico, del Giappone e del Libano, ad esempio, si sono diffuse in molti Paesi. piatti &#8220;tradizionali&#8221; come tacos, tabbouleh e pizza sono stati adattati o reinterpretati. <\/p>\n\n\n\n\n\n<p>I social media hanno arricchito gli stili alimentari con nuovi prodotti e pratiche di consumo<\/p>\n\n\n\n\n\n<p>Infine, l&#8217;individualizzazione degli stili di vita sta portando a nuove abitudini alimentari: diete speciali, pasti condivisi (ma non pi\u00f9 necessariamente con lo stesso cibo), auto-miglioramento attraverso un&#8217;alimentazione personalizzata legata a specifiche esigenze biologiche, ecc.<\/p>\n\n\n\n\n\n<p>Questi sviluppi, uniti all&#8217;industrializzazione dei nostri sistemi agricoli e alimentari, hanno portato a varie forme di distanziamento: economico, con l&#8217;aumento del numero di intermediari tra agricoltori e consumatori; geografico, con aree di produzione pi\u00f9 remote; cognitivo, con la perdita di contatto tra abitanti delle citt\u00e0 e agricoltori, che genera una mancanza di comprensione della catena alimentare. Questo allontanamento \u00e8 anche sensoriale: mentre prima valutavamo la qualit\u00e0 del cibo assaggiandolo, annusandolo o sentendolo, sempre pi\u00f9 spesso lo facciamo leggendo le informazioni sulla confezione. <\/p>\n\n\n\n\n\n<h2 class=\"wp-block-heading\">Un modo di stare al mondo<\/h2>\n\n\n\n\n\n<p>Oggi abbiamo bisogno di ridurre queste diverse distanze per ristabilire le connessioni che abbiamo perso con il nostro cibo. Tanto pi\u00f9 che, in quanto &#8220;fatto sociale totale&#8221;, il cibo \u00e8 un mezzo essenziale per costruire le nostre diverse relazioni nel mondo.<\/p>\n\n\n\n\n\n<p>Svolge un ruolo fondamentale nel rapporto con noi stessi, poich\u00e9 il corpo nutrito solleva questioni di salute, ma anche di emozioni, di piaceri e di costruzione delle nostre identit\u00e0 individuali e collettive. L&#8217;atto del mangiare \u00e8 sia oggettivo che simbolico: influenza la salute di chi mangia e il modo in cui afferma la propria identit\u00e0 nel mondo.<\/p>\n\n\n\n\n\n<p>Il cibo gioca anche un ruolo decisivo nelle relazioni con gli altri, attraverso la convivialit\u00e0 dei pasti condivisi, la trasmissione delle buone maniere a tavola e delle abilit\u00e0 culinarie, l&#8217;incrocio delle culture alimentari e cos\u00ec via. Condividere un pasto \u00e8 un modo per connettersi con gli altri: mangiare lo stesso cibo crea relazioni comuni, poich\u00e9 incorporare il cibo della collettivit\u00e0 significa, simbolicamente, incorporare se stessi nella collettivit\u00e0. Ha anche un ruolo nelle nostre relazioni spirituali con i mondi invisibili, dove il cibo gioca un ruolo fondamentale, ad esempio attraverso le offerte. <\/p>\n\n\n\n\n\n<p>E, infine, modella il nostro rapporto con la biosfera, con gli altri esseri viventi non umani, con il mondo animale e vegetale, con i paesaggi modellati dall&#8217;agricoltura, ma anche con l&#8217;intero universo microbico, che non solo fa parte della nostra composizione (il microbiota intestinale), ma svolge anche un ruolo fondamentale nella lavorazione e conservazione del nostro cibo (nella fermentazione, per esempio).<\/p>\n\n\n\n\n\n<p>Tutte queste relazioni legate al cibo ci invitano a immaginare forme di impegno per il cambiamento verso sistemi alimentari pi\u00f9 sostenibili, che contribuiscano alla salute degli individui e degli ecosistemi, nonch\u00e9 alla giustizia e alla coesione sociale. Il cibo \u00e8 effettivamente politico: il modo in cui mangiamo e il modo in cui ci organizziamo per mangiare determinano il mondo in cui vogliamo vivere.<\/p>\n\n\n\n\n\n<p>Leggi tutto<\/p>\n\n\n\n\n\n<p><a href=\"https:\/\/courier.unesco.org\/en\/articles\/tell-me-what-you-eat-and-ill-tell-you-who-you-are\"><\/a><\/p>\n\n\n\n\n\n<p><a href=\"https:\/\/courier.unesco.org\/en\/articles\/tell-me-what-you-eat-and-ill-tell-you-who-you-are\">Dimmi cosa mangi e ti dir\u00f2 chi sei, 2022<\/a><\/p>\n\n\n\n\n\n<h2 class=\"wp-block-heading\">Mangiare bene per imparare bene<\/h2>\n\n\n\n\n\n<p>Il documento politico &#8221; <em>Imparare a mangiare bene&#8221;<\/em> del marzo 2025, redatto dal team del Global Education Monitoring Report dell&#8217;UNESCO e dalla London School of Hygiene and Tropical Medicine, sottolinea il legame critico tra alimentazione e apprendimento. Basandosi sui dati della School Meals Coalition, che comprende circa 100 Paesi, il rapporto sottolinea l&#8217;importanza di integrare l&#8217;educazione alimentare e l&#8217;accesso a pasti scolastici sani nelle agende politiche globali. Secondo l&#8217;UNICEF, 148 milioni di bambini sotto i cinque anni soffrono di crescita stentata e 45 milioni di bambini pesano troppo poco per la loro altezza a causa della malnutrizione. <\/p>\n\n\n\n\n\n<p>Le ricerche dimostrano che un&#8217;alimentazione adeguata nella prima infanzia ha un impatto profondo sullo sviluppo cognitivo, sull&#8217;istruzione e persino sul reddito futuro. Ad esempio, il <em>Barbados Nutrition Study, <\/em>condotto nelle Barbados dai ricercatori della Harvard Medical School per diversi decenni, ha rilevato che un episodio di malnutrizione moderata o grave durante l&#8217;infanzia \u00e8 associato a un&#8217;incidenza significativamente elevata di sviluppo cognitivo compromesso in et\u00e0 adulta. <\/p>\n\n\n\n\n\n<p>Per affrontare queste sfide, il documento raccomanda di garantire pasti nutrienti universalmente accessibili, di promuovere l&#8217;educazione alimentare e di regolamentare la commercializzazione di alimenti non salutari per i bambini. Il documento chiede anche sistemi alimentari sostenibili che rispettino la biodiversit\u00e0, come le iniziative &#8220;farm-to-school&#8221;. <\/p>\n\n","protected":false},"excerpt":{"rendered":"<p>Negli ultimi decenni il nostro sistema alimentare ha subito profondi cambiamenti.<\/p>\n","protected":false},"author":1,"featured_media":41,"comment_status":"open","ping_status":"open","sticky":false,"template":"","format":"standard","meta":{"fifu_image_url":"https:\/\/courier.unesco.org\/sites\/default\/files\/styles\/paragraph_medium_desktop\/article\/2025-03\/COU_2_25_GA_INTRO_WEB.jpg.webp?itok=0ZOPUhFK","fifu_image_alt":"","footnotes":""},"categories":[3],"tags":[],"class_list":["post-26","post","type-post","status-publish","format-standard","has-post-thumbnail","hentry","category-2025-0406"],"yoast_head":"<!-- This site is optimized with the Yoast SEO plugin v25.9 - https:\/\/yoast.com\/wordpress\/plugins\/seo\/ -->\n<title>Riconnettersi con il cibo - Il Corriere dell&#039;Unesco<\/title>\n<meta name=\"robots\" content=\"index, follow, max-snippet:-1, max-image-preview:large, max-video-preview:-1\" \/>\n<link rel=\"canonical\" href=\"https:\/\/siti.italofonia.info\/unesco\/2025-0406\/riconnettersi-con-il-cibo\/\" \/>\n<meta property=\"og:locale\" content=\"it_IT\" \/>\n<meta property=\"og:type\" content=\"article\" \/>\n<meta property=\"og:title\" content=\"Riconnettersi con il cibo - Il Corriere dell&#039;Unesco\" \/>\n<meta property=\"og:description\" content=\"Negli ultimi decenni il nostro sistema alimentare ha subito profondi cambiamenti.\" \/>\n<meta property=\"og:url\" content=\"https:\/\/siti.italofonia.info\/unesco\/2025-0406\/riconnettersi-con-il-cibo\/\" \/>\n<meta property=\"og:site_name\" content=\"Il Corriere dell&#039;Unesco\" \/>\n<meta property=\"article:published_time\" content=\"2025-05-07T00:00:00+00:00\" \/>\n<meta property=\"article:modified_time\" content=\"2025-07-11T12:16:49+00:00\" \/>\n<meta property=\"og:image\" content=\"https:\/\/courier.unesco.org\/sites\/default\/files\/styles\/paragraph_medium_desktop\/article\/2025-03\/COU_2_25_GA_INTRO_WEB.jpg.webp?itok=0ZOPUhFK\" \/><meta property=\"og:image\" content=\"https:\/\/courier.unesco.org\/sites\/default\/files\/styles\/paragraph_medium_desktop\/article\/2025-03\/COU_2_25_GA_INTRO_WEB.jpg.webp?itok=0ZOPUhFK\" \/>\n\t<meta property=\"og:image:width\" content=\"610\" \/>\n\t<meta property=\"og:image:height\" content=\"436\" \/>\n\t<meta property=\"og:image:type\" content=\"image\/jpeg\" \/>\n<meta name=\"author\" content=\"La Redazione\" \/>\n<meta name=\"twitter:card\" content=\"summary_large_image\" \/>\n<meta name=\"twitter:image\" content=\"https:\/\/courier.unesco.org\/sites\/default\/files\/styles\/paragraph_medium_desktop\/article\/2025-03\/COU_2_25_GA_INTRO_WEB.jpg.webp?itok=0ZOPUhFK\" \/>\n<meta name=\"twitter:label1\" content=\"Scritto da\" \/>\n\t<meta name=\"twitter:data1\" content=\"La Redazione\" \/>\n\t<meta name=\"twitter:label2\" content=\"Tempo di lettura stimato\" \/>\n\t<meta name=\"twitter:data2\" content=\"8 minuti\" \/>\n<script type=\"application\/ld+json\" class=\"yoast-schema-graph\">{\"@context\":\"https:\/\/schema.org\",\"@graph\":[{\"@type\":\"Article\",\"@id\":\"https:\/\/siti.italofonia.info\/unesco\/2025-0406\/riconnettersi-con-il-cibo\/#article\",\"isPartOf\":{\"@id\":\"https:\/\/siti.italofonia.info\/unesco\/2025-0406\/riconnettersi-con-il-cibo\/\"},\"author\":{\"name\":\"La Redazione\",\"@id\":\"https:\/\/siti.italofonia.info\/unesco\/#\/schema\/person\/1b0f7e05e8632b4df2a94d3c12bd3681\"},\"headline\":\"Riconnettersi con il cibo\",\"datePublished\":\"2025-05-07T00:00:00+00:00\",\"dateModified\":\"2025-07-11T12:16:49+00:00\",\"mainEntityOfPage\":{\"@id\":\"https:\/\/siti.italofonia.info\/unesco\/2025-0406\/riconnettersi-con-il-cibo\/\"},\"wordCount\":1426,\"commentCount\":0,\"publisher\":{\"@id\":\"https:\/\/siti.italofonia.info\/unesco\/#organization\"},\"image\":{\"@id\":\"https:\/\/siti.italofonia.info\/unesco\/2025-0406\/riconnettersi-con-il-cibo\/#primaryimage\"},\"thumbnailUrl\":\"https:\/\/i2.wp.com\/courier.unesco.org\/sites\/default\/files\/styles\/paragraph_medium_desktop\/article\/2025-03\/COU_2_25_GA_INTRO_WEB.jpg.webp?itok=0ZOPUhFK&w=610&resize=610,436&ssl=1\",\"articleSection\":[\"2025 n\u00b02 Aprile-Giugno\"],\"inLanguage\":\"it-IT\",\"potentialAction\":[{\"@type\":\"CommentAction\",\"name\":\"Comment\",\"target\":[\"https:\/\/siti.italofonia.info\/unesco\/2025-0406\/riconnettersi-con-il-cibo\/#respond\"]}]},{\"@type\":\"WebPage\",\"@id\":\"https:\/\/siti.italofonia.info\/unesco\/2025-0406\/riconnettersi-con-il-cibo\/\",\"url\":\"https:\/\/siti.italofonia.info\/unesco\/2025-0406\/riconnettersi-con-il-cibo\/\",\"name\":\"Riconnettersi con il cibo - Il Corriere dell&#039;Unesco\",\"isPartOf\":{\"@id\":\"https:\/\/siti.italofonia.info\/unesco\/#website\"},\"primaryImageOfPage\":{\"@id\":\"https:\/\/siti.italofonia.info\/unesco\/2025-0406\/riconnettersi-con-il-cibo\/#primaryimage\"},\"image\":{\"@id\":\"https:\/\/siti.italofonia.info\/unesco\/2025-0406\/riconnettersi-con-il-cibo\/#primaryimage\"},\"thumbnailUrl\":\"https:\/\/i2.wp.com\/courier.unesco.org\/sites\/default\/files\/styles\/paragraph_medium_desktop\/article\/2025-03\/COU_2_25_GA_INTRO_WEB.jpg.webp?itok=0ZOPUhFK&w=610&resize=610,436&ssl=1\",\"datePublished\":\"2025-05-07T00:00:00+00:00\",\"dateModified\":\"2025-07-11T12:16:49+00:00\",\"breadcrumb\":{\"@id\":\"https:\/\/siti.italofonia.info\/unesco\/2025-0406\/riconnettersi-con-il-cibo\/#breadcrumb\"},\"inLanguage\":\"it-IT\",\"potentialAction\":[{\"@type\":\"ReadAction\",\"target\":[\"https:\/\/siti.italofonia.info\/unesco\/2025-0406\/riconnettersi-con-il-cibo\/\"]}]},{\"@type\":\"ImageObject\",\"inLanguage\":\"it-IT\",\"@id\":\"https:\/\/siti.italofonia.info\/unesco\/2025-0406\/riconnettersi-con-il-cibo\/#primaryimage\",\"url\":\"https:\/\/i2.wp.com\/courier.unesco.org\/sites\/default\/files\/styles\/paragraph_medium_desktop\/article\/2025-03\/COU_2_25_GA_INTRO_WEB.jpg.webp?itok=0ZOPUhFK&w=610&resize=610,436&ssl=1\",\"contentUrl\":\"https:\/\/i2.wp.com\/courier.unesco.org\/sites\/default\/files\/styles\/paragraph_medium_desktop\/article\/2025-03\/COU_2_25_GA_INTRO_WEB.jpg.webp?itok=0ZOPUhFK&w=610&resize=610,436&ssl=1\",\"width\":\"610\",\"height\":\"436\"},{\"@type\":\"BreadcrumbList\",\"@id\":\"https:\/\/siti.italofonia.info\/unesco\/2025-0406\/riconnettersi-con-il-cibo\/#breadcrumb\",\"itemListElement\":[{\"@type\":\"ListItem\",\"position\":1,\"name\":\"Home\",\"item\":\"https:\/\/siti.italofonia.info\/unesco\/\"},{\"@type\":\"ListItem\",\"position\":2,\"name\":\"Riconnettersi con il cibo\"}]},{\"@type\":\"WebSite\",\"@id\":\"https:\/\/siti.italofonia.info\/unesco\/#website\",\"url\":\"https:\/\/siti.italofonia.info\/unesco\/\",\"name\":\"Il Corriere dell&#039;Unesco\",\"description\":\"\",\"publisher\":{\"@id\":\"https:\/\/siti.italofonia.info\/unesco\/#organization\"},\"potentialAction\":[{\"@type\":\"SearchAction\",\"target\":{\"@type\":\"EntryPoint\",\"urlTemplate\":\"https:\/\/siti.italofonia.info\/unesco\/?s={search_term_string}\"},\"query-input\":{\"@type\":\"PropertyValueSpecification\",\"valueRequired\":true,\"valueName\":\"search_term_string\"}}],\"inLanguage\":\"it-IT\"},{\"@type\":\"Organization\",\"@id\":\"https:\/\/siti.italofonia.info\/unesco\/#organization\",\"name\":\"Il Corriere dell&#039;Unesco\",\"url\":\"https:\/\/siti.italofonia.info\/unesco\/\",\"logo\":{\"@type\":\"ImageObject\",\"inLanguage\":\"it-IT\",\"@id\":\"https:\/\/siti.italofonia.info\/unesco\/#\/schema\/logo\/image\/\",\"url\":\"https:\/\/siti.italofonia.info\/unesco\/wp-content\/uploads\/sites\/11\/2025\/06\/Logo_UNESCO_2021-corriere.svg_.png\",\"contentUrl\":\"https:\/\/siti.italofonia.info\/unesco\/wp-content\/uploads\/sites\/11\/2025\/06\/Logo_UNESCO_2021-corriere.svg_.png\",\"width\":3264,\"height\":320,\"caption\":\"Il Corriere dell&#039;Unesco\"},\"image\":{\"@id\":\"https:\/\/siti.italofonia.info\/unesco\/#\/schema\/logo\/image\/\"}},{\"@type\":\"Person\",\"@id\":\"https:\/\/siti.italofonia.info\/unesco\/#\/schema\/person\/1b0f7e05e8632b4df2a94d3c12bd3681\",\"name\":\"La Redazione\",\"image\":{\"@type\":\"ImageObject\",\"inLanguage\":\"it-IT\",\"@id\":\"https:\/\/siti.italofonia.info\/unesco\/#\/schema\/person\/image\/\",\"url\":\"https:\/\/secure.gravatar.com\/avatar\/cf626482658d313d57c73ed40ef0ffeea01b1fe0a73dadf1ff54718e048546d8?s=96&d=mm&r=g\",\"contentUrl\":\"https:\/\/secure.gravatar.com\/avatar\/cf626482658d313d57c73ed40ef0ffeea01b1fe0a73dadf1ff54718e048546d8?s=96&d=mm&r=g\",\"caption\":\"La Redazione\"},\"sameAs\":[\"https:\/\/siti.italofonia.info\"],\"url\":\"https:\/\/siti.italofonia.info\/unesco\/author\/giorgio-cantoni\/\"}]}<\/script>\n<!-- \/ Yoast SEO plugin. -->","yoast_head_json":{"title":"Riconnettersi con il cibo - Il Corriere dell&#039;Unesco","robots":{"index":"index","follow":"follow","max-snippet":"max-snippet:-1","max-image-preview":"max-image-preview:large","max-video-preview":"max-video-preview:-1"},"canonical":"https:\/\/siti.italofonia.info\/unesco\/2025-0406\/riconnettersi-con-il-cibo\/","og_locale":"it_IT","og_type":"article","og_title":"Riconnettersi con il cibo - Il Corriere dell&#039;Unesco","og_description":"Negli ultimi decenni il nostro sistema alimentare ha subito profondi cambiamenti.","og_url":"https:\/\/siti.italofonia.info\/unesco\/2025-0406\/riconnettersi-con-il-cibo\/","og_site_name":"Il Corriere dell&#039;Unesco","article_published_time":"2025-05-07T00:00:00+00:00","article_modified_time":"2025-07-11T12:16:49+00:00","og_image":[{"url":"https:\/\/courier.unesco.org\/sites\/default\/files\/styles\/paragraph_medium_desktop\/article\/2025-03\/COU_2_25_GA_INTRO_WEB.jpg.webp?itok=0ZOPUhFK","type":"","width":"","height":""},{"width":610,"height":436,"url":"https:\/\/courier.unesco.org\/sites\/default\/files\/styles\/paragraph_medium_desktop\/article\/2025-03\/COU_2_25_GA_INTRO_WEB.jpg.webp?itok=0ZOPUhFK","type":"image\/jpeg"}],"author":"La Redazione","twitter_card":"summary_large_image","twitter_image":"https:\/\/courier.unesco.org\/sites\/default\/files\/styles\/paragraph_medium_desktop\/article\/2025-03\/COU_2_25_GA_INTRO_WEB.jpg.webp?itok=0ZOPUhFK","twitter_misc":{"Scritto da":"La Redazione","Tempo di lettura stimato":"8 minuti"},"schema":{"@context":"https:\/\/schema.org","@graph":[{"@type":"Article","@id":"https:\/\/siti.italofonia.info\/unesco\/2025-0406\/riconnettersi-con-il-cibo\/#article","isPartOf":{"@id":"https:\/\/siti.italofonia.info\/unesco\/2025-0406\/riconnettersi-con-il-cibo\/"},"author":{"name":"La Redazione","@id":"https:\/\/siti.italofonia.info\/unesco\/#\/schema\/person\/1b0f7e05e8632b4df2a94d3c12bd3681"},"headline":"Riconnettersi con il cibo","datePublished":"2025-05-07T00:00:00+00:00","dateModified":"2025-07-11T12:16:49+00:00","mainEntityOfPage":{"@id":"https:\/\/siti.italofonia.info\/unesco\/2025-0406\/riconnettersi-con-il-cibo\/"},"wordCount":1426,"commentCount":0,"publisher":{"@id":"https:\/\/siti.italofonia.info\/unesco\/#organization"},"image":{"@id":"https:\/\/siti.italofonia.info\/unesco\/2025-0406\/riconnettersi-con-il-cibo\/#primaryimage"},"thumbnailUrl":"https:\/\/i2.wp.com\/courier.unesco.org\/sites\/default\/files\/styles\/paragraph_medium_desktop\/article\/2025-03\/COU_2_25_GA_INTRO_WEB.jpg.webp?itok=0ZOPUhFK&w=610&resize=610,436&ssl=1","articleSection":["2025 n\u00b02 Aprile-Giugno"],"inLanguage":"it-IT","potentialAction":[{"@type":"CommentAction","name":"Comment","target":["https:\/\/siti.italofonia.info\/unesco\/2025-0406\/riconnettersi-con-il-cibo\/#respond"]}]},{"@type":"WebPage","@id":"https:\/\/siti.italofonia.info\/unesco\/2025-0406\/riconnettersi-con-il-cibo\/","url":"https:\/\/siti.italofonia.info\/unesco\/2025-0406\/riconnettersi-con-il-cibo\/","name":"Riconnettersi con il cibo - Il Corriere dell&#039;Unesco","isPartOf":{"@id":"https:\/\/siti.italofonia.info\/unesco\/#website"},"primaryImageOfPage":{"@id":"https:\/\/siti.italofonia.info\/unesco\/2025-0406\/riconnettersi-con-il-cibo\/#primaryimage"},"image":{"@id":"https:\/\/siti.italofonia.info\/unesco\/2025-0406\/riconnettersi-con-il-cibo\/#primaryimage"},"thumbnailUrl":"https:\/\/i2.wp.com\/courier.unesco.org\/sites\/default\/files\/styles\/paragraph_medium_desktop\/article\/2025-03\/COU_2_25_GA_INTRO_WEB.jpg.webp?itok=0ZOPUhFK&w=610&resize=610,436&ssl=1","datePublished":"2025-05-07T00:00:00+00:00","dateModified":"2025-07-11T12:16:49+00:00","breadcrumb":{"@id":"https:\/\/siti.italofonia.info\/unesco\/2025-0406\/riconnettersi-con-il-cibo\/#breadcrumb"},"inLanguage":"it-IT","potentialAction":[{"@type":"ReadAction","target":["https:\/\/siti.italofonia.info\/unesco\/2025-0406\/riconnettersi-con-il-cibo\/"]}]},{"@type":"ImageObject","inLanguage":"it-IT","@id":"https:\/\/siti.italofonia.info\/unesco\/2025-0406\/riconnettersi-con-il-cibo\/#primaryimage","url":"https:\/\/i2.wp.com\/courier.unesco.org\/sites\/default\/files\/styles\/paragraph_medium_desktop\/article\/2025-03\/COU_2_25_GA_INTRO_WEB.jpg.webp?itok=0ZOPUhFK&w=610&resize=610,436&ssl=1","contentUrl":"https:\/\/i2.wp.com\/courier.unesco.org\/sites\/default\/files\/styles\/paragraph_medium_desktop\/article\/2025-03\/COU_2_25_GA_INTRO_WEB.jpg.webp?itok=0ZOPUhFK&w=610&resize=610,436&ssl=1","width":"610","height":"436"},{"@type":"BreadcrumbList","@id":"https:\/\/siti.italofonia.info\/unesco\/2025-0406\/riconnettersi-con-il-cibo\/#breadcrumb","itemListElement":[{"@type":"ListItem","position":1,"name":"Home","item":"https:\/\/siti.italofonia.info\/unesco\/"},{"@type":"ListItem","position":2,"name":"Riconnettersi con il cibo"}]},{"@type":"WebSite","@id":"https:\/\/siti.italofonia.info\/unesco\/#website","url":"https:\/\/siti.italofonia.info\/unesco\/","name":"Il Corriere dell&#039;Unesco","description":"","publisher":{"@id":"https:\/\/siti.italofonia.info\/unesco\/#organization"},"potentialAction":[{"@type":"SearchAction","target":{"@type":"EntryPoint","urlTemplate":"https:\/\/siti.italofonia.info\/unesco\/?s={search_term_string}"},"query-input":{"@type":"PropertyValueSpecification","valueRequired":true,"valueName":"search_term_string"}}],"inLanguage":"it-IT"},{"@type":"Organization","@id":"https:\/\/siti.italofonia.info\/unesco\/#organization","name":"Il Corriere dell&#039;Unesco","url":"https:\/\/siti.italofonia.info\/unesco\/","logo":{"@type":"ImageObject","inLanguage":"it-IT","@id":"https:\/\/siti.italofonia.info\/unesco\/#\/schema\/logo\/image\/","url":"https:\/\/siti.italofonia.info\/unesco\/wp-content\/uploads\/sites\/11\/2025\/06\/Logo_UNESCO_2021-corriere.svg_.png","contentUrl":"https:\/\/siti.italofonia.info\/unesco\/wp-content\/uploads\/sites\/11\/2025\/06\/Logo_UNESCO_2021-corriere.svg_.png","width":3264,"height":320,"caption":"Il Corriere dell&#039;Unesco"},"image":{"@id":"https:\/\/siti.italofonia.info\/unesco\/#\/schema\/logo\/image\/"}},{"@type":"Person","@id":"https:\/\/siti.italofonia.info\/unesco\/#\/schema\/person\/1b0f7e05e8632b4df2a94d3c12bd3681","name":"La Redazione","image":{"@type":"ImageObject","inLanguage":"it-IT","@id":"https:\/\/siti.italofonia.info\/unesco\/#\/schema\/person\/image\/","url":"https:\/\/secure.gravatar.com\/avatar\/cf626482658d313d57c73ed40ef0ffeea01b1fe0a73dadf1ff54718e048546d8?s=96&d=mm&r=g","contentUrl":"https:\/\/secure.gravatar.com\/avatar\/cf626482658d313d57c73ed40ef0ffeea01b1fe0a73dadf1ff54718e048546d8?s=96&d=mm&r=g","caption":"La Redazione"},"sameAs":["https:\/\/siti.italofonia.info"],"url":"https:\/\/siti.italofonia.info\/unesco\/author\/giorgio-cantoni\/"}]}},"jetpack_featured_media_url":"https:\/\/i2.wp.com\/courier.unesco.org\/sites\/default\/files\/styles\/paragraph_medium_desktop\/article\/2025-03\/COU_2_25_GA_INTRO_WEB.jpg.webp?itok=0ZOPUhFK&w=610&resize=610,436&ssl=1","amp_enabled":true,"_links":{"self":[{"href":"https:\/\/siti.italofonia.info\/unesco\/wp-json\/wp\/v2\/posts\/26","targetHints":{"allow":["GET"]}}],"collection":[{"href":"https:\/\/siti.italofonia.info\/unesco\/wp-json\/wp\/v2\/posts"}],"about":[{"href":"https:\/\/siti.italofonia.info\/unesco\/wp-json\/wp\/v2\/types\/post"}],"author":[{"embeddable":true,"href":"https:\/\/siti.italofonia.info\/unesco\/wp-json\/wp\/v2\/users\/1"}],"replies":[{"embeddable":true,"href":"https:\/\/siti.italofonia.info\/unesco\/wp-json\/wp\/v2\/comments?post=26"}],"version-history":[{"count":3,"href":"https:\/\/siti.italofonia.info\/unesco\/wp-json\/wp\/v2\/posts\/26\/revisions"}],"predecessor-version":[{"id":40,"href":"https:\/\/siti.italofonia.info\/unesco\/wp-json\/wp\/v2\/posts\/26\/revisions\/40"}],"wp:featuredmedia":[{"embeddable":true,"href":"https:\/\/siti.italofonia.info\/unesco\/wp-json\/wp\/v2\/media\/41"}],"wp:attachment":[{"href":"https:\/\/siti.italofonia.info\/unesco\/wp-json\/wp\/v2\/media?parent=26"}],"wp:term":[{"taxonomy":"category","embeddable":true,"href":"https:\/\/siti.italofonia.info\/unesco\/wp-json\/wp\/v2\/categories?post=26"},{"taxonomy":"post_tag","embeddable":true,"href":"https:\/\/siti.italofonia.info\/unesco\/wp-json\/wp\/v2\/tags?post=26"}],"curies":[{"name":"wp","href":"https:\/\/api.w.org\/{rel}","templated":true}]}}